{"id":64145,"date":"2026-09-04T17:41:30","date_gmt":"2026-09-04T15:41:30","guid":{"rendered":"https:\/\/carlosoconnor.es\/?p=64145"},"modified":"2026-09-04T17:41:32","modified_gmt":"2026-09-04T15:41:32","slug":"cronotipo-como-un-fenotipo-biologico-dinamico-y-clave","status":"publish","type":"post","link":"https:\/\/carlosoconnor.es\/en\/cronotipo-como-un-fenotipo-biologico-dinamico-y-clave\/","title":{"rendered":"Cronotipo como un fenotipo biol\u00f3gico din\u00e1mico y clave"},"content":{"rendered":"<p class=\"wp-block-paragraph\">Este relevante art\u00edculo de Miguel Meira e Cruz profundiza en el cronotipo como un fenotipo biol\u00f3gico din\u00e1mico y clave dentro de la medicina de precisi\u00f3n. La publicaci\u00f3n describe el fen\u00f3meno de la \u00abmatutinidad patol\u00f3gica\u00bb, donde despertares precoces e hiperactivaci\u00f3n auton\u00f3mica simulan un cronotipo matutino que se asocia, parad\u00f3jicamente, con una mayor carga cardiometab\u00f3lica (hipertensi\u00f3n, dislipemia y diabetes) en menores de 60 a\u00f1os, mientras que el cronotipo vespertino se vincula m\u00e1s con comorbilidad depresiva y comorbilidad con insomnio (COMISA). Comprender que la AOS altera los ritmos circadianos y la regulaci\u00f3n metab\u00f3lica nos obliga a ir m\u00e1s all\u00e1 de la CPAP tradicional para abordar la vulnerabilidad circadiana de forma personalizada. Frente a esta heterogeneidad sist\u00e9mica, las alternativas de tratamiento no invasivas dirigidas a restaurar la fisiolog\u00eda neuromuscular de la v\u00eda a\u00e9rea superior cobran una relevancia capital. En este escenario, la terapia miofuncional orofacial se consolida como un pilar terap\u00e9utico clave.<\/p>\n\n\n\n<p class=\"wp-block-paragraph\">Enlace de referencia: <a href=\"https:\/\/pubmed.ncbi.nlm.nih.gov\/42610669\/\">https:\/\/pubmed.ncbi.nlm.nih.gov\/42610669\/<\/a><\/p>\n\n\n\n<p class=\"wp-block-paragraph\">#MedicinaDelSue\u00f1o #Otorrinolaringologia #ApneaDelSue\u00f1o #TerapiaMiofuncional #Cronotipo #SaludCircadiana #AOS #MedicinaDePrecision #SaludCardiometabolica #Sue\u00f1oReparador<\/p>\n\n\n\n<figure class=\"wp-block-image size-full\"><img fetchpriority=\"high\" decoding=\"async\" width=\"678\" height=\"452\" src=\"https:\/\/carlosoconnor.es\/wp-content\/uploads\/2026\/09\/images-2026-09-04T103839.594.jpg\" alt=\"images 2026 09 04T103839.594\" class=\"wp-image-64146\" srcset=\"https:\/\/carlosoconnor.es\/wp-content\/uploads\/2026\/09\/images-2026-09-04T103839.594.jpg 678w, https:\/\/carlosoconnor.es\/wp-content\/uploads\/2026\/09\/images-2026-09-04T103839.594-300x200.jpg 300w, https:\/\/carlosoconnor.es\/wp-content\/uploads\/2026\/09\/images-2026-09-04T103839.594-18x12.jpg 18w, https:\/\/carlosoconnor.es\/wp-content\/uploads\/2026\/09\/images-2026-09-04T103839.594-369x246.jpg 369w, https:\/\/carlosoconnor.es\/wp-content\/uploads\/2026\/09\/images-2026-09-04T103839.594-410x273.jpg 410w, https:\/\/carlosoconnor.es\/wp-content\/uploads\/2026\/09\/images-2026-09-04T103839.594-600x400.jpg 600w\" sizes=\"(max-width: 678px) 100vw, 678px\" \/><figcaption class=\"wp-element-caption\">images 2026 09 04T103839.594<\/figcaption><\/figure>\n\n\n\n<p class=\"wp-block-paragraph\"><\/p>","protected":false},"excerpt":{"rendered":"<p>Este relevante art\u00edculo de Miguel Meira e Cruz profundiza en el cronotipo como un fenotipo biol\u00f3gico din\u00e1mico y clave dentro de la medicina de precisi\u00f3n. La publicaci\u00f3n describe el fen\u00f3meno&hellip;<\/p>","protected":false},"author":1,"featured_media":0,"comment_status":"open","ping_status":"open","sticky":false,"template":"","format":"standard","meta":{"footnotes":""},"categories":[1],"tags":[],"class_list":["post-64145","post","type-post","status-publish","format-standard","hentry","category-uncategorized"],"yoast_head":"<!-- This site is optimized with the Yoast SEO plugin v28.2 - https:\/\/yoast.com\/product\/yoast-seo-wordpress\/ -->\n<title>Cronotipo como un fenotipo biol\u00f3gico din\u00e1mico y clave - Carlos O&#039;Connor<\/title>\n<meta name=\"robots\" content=\"index, follow, max-snippet:-1, max-image-preview:large, max-video-preview:-1\" \/>\n<link rel=\"canonical\" href=\"https:\/\/carlosoconnor.es\/en\/cronotipo-como-un-fenotipo-biologico-dinamico-y-clave\/\" \/>\n<meta property=\"og:locale\" content=\"en_GB\" \/>\n<meta property=\"og:type\" content=\"article\" \/>\n<meta property=\"og:title\" content=\"Cronotipo como un fenotipo biol\u00f3gico din\u00e1mico y clave - Carlos O&#039;Connor\" \/>\n<meta property=\"og:description\" content=\"Este relevante art\u00edculo de Miguel Meira e Cruz profundiza en el cronotipo como un fenotipo biol\u00f3gico din\u00e1mico y clave dentro de la medicina de precisi\u00f3n. La publicaci\u00f3n describe el fen\u00f3meno&hellip;\" \/>\n<meta property=\"og:url\" content=\"https:\/\/carlosoconnor.es\/en\/cronotipo-como-un-fenotipo-biologico-dinamico-y-clave\/\" \/>\n<meta property=\"og:site_name\" content=\"Carlos O&#039;Connor\" \/>\n<meta property=\"article:published_time\" content=\"2026-09-04T15:41:30+00:00\" \/>\n<meta property=\"article:modified_time\" content=\"2026-09-04T15:41:32+00:00\" \/>\n<meta property=\"og:image\" content=\"https:\/\/carlosoconnor.es\/wp-content\/uploads\/2026\/09\/images-2026-09-04T103839.594.jpg\" \/>\n\t<meta property=\"og:image:width\" content=\"678\" \/>\n\t<meta property=\"og:image:height\" content=\"452\" \/>\n\t<meta property=\"og:image:type\" content=\"image\/jpeg\" \/>\n<meta name=\"author\" content=\"gestion\" \/>\n<meta name=\"twitter:card\" content=\"summary_large_image\" \/>\n<meta name=\"twitter:label1\" content=\"Written by\" \/>\n\t<meta name=\"twitter:data1\" content=\"gestion\" \/>\n\t<meta name=\"twitter:label2\" content=\"Estimated reading time\" \/>\n\t<meta name=\"twitter:data2\" content=\"1 minute\" \/>\n<script type=\"application\/ld+json\" class=\"yoast-schema-graph\">{\"@context\":\"https:\\\/\\\/schema.org\",\"@graph\":[{\"@type\":\"Article\",\"@id\":\"https:\\\/\\\/carlosoconnor.es\\\/cronotipo-como-un-fenotipo-biologico-dinamico-y-clave\\\/#article\",\"isPartOf\":{\"@id\":\"https:\\\/\\\/carlosoconnor.es\\\/cronotipo-como-un-fenotipo-biologico-dinamico-y-clave\\\/\"},\"author\":{\"name\":\"gestion\",\"@id\":\"https:\\\/\\\/carlosoconnor.es\\\/#\\\/schema\\\/person\\\/c879dbc2b732eaa32429f50dfbd0a949\"},\"headline\":\"Cronotipo como un fenotipo biol\u00f3gico din\u00e1mico y clave\",\"datePublished\":\"2026-09-04T15:41:30+00:00\",\"dateModified\":\"2026-09-04T15:41:32+00:00\",\"mainEntityOfPage\":{\"@id\":\"https:\\\/\\\/carlosoconnor.es\\\/cronotipo-como-un-fenotipo-biologico-dinamico-y-clave\\\/\"},\"wordCount\":203,\"commentCount\":0,\"publisher\":{\"@id\":\"https:\\\/\\\/carlosoconnor.es\\\/#organization\"},\"image\":{\"@id\":\"https:\\\/\\\/carlosoconnor.es\\\/cronotipo-como-un-fenotipo-biologico-dinamico-y-clave\\\/#primaryimage\"},\"thumbnailUrl\":\"https:\\\/\\\/carlosoconnor.es\\\/wp-content\\\/uploads\\\/2026\\\/09\\\/images-2026-09-04T103839.594.jpg\",\"articleSection\":[\"Uncategorized\"],\"inLanguage\":\"en-GB\",\"potentialAction\":[{\"@type\":\"CommentAction\",\"name\":\"Comment\",\"target\":[\"https:\\\/\\\/carlosoconnor.es\\\/cronotipo-como-un-fenotipo-biologico-dinamico-y-clave\\\/#respond\"]}]},{\"@type\":\"WebPage\",\"@id\":\"https:\\\/\\\/carlosoconnor.es\\\/cronotipo-como-un-fenotipo-biologico-dinamico-y-clave\\\/\",\"url\":\"https:\\\/\\\/carlosoconnor.es\\\/cronotipo-como-un-fenotipo-biologico-dinamico-y-clave\\\/\",\"name\":\"Cronotipo como un fenotipo biol\u00f3gico din\u00e1mico y clave - Carlos O&#039;Connor\",\"isPartOf\":{\"@id\":\"https:\\\/\\\/carlosoconnor.es\\\/#website\"},\"primaryImageOfPage\":{\"@id\":\"https:\\\/\\\/carlosoconnor.es\\\/cronotipo-como-un-fenotipo-biologico-dinamico-y-clave\\\/#primaryimage\"},\"image\":{\"@id\":\"https:\\\/\\\/carlosoconnor.es\\\/cronotipo-como-un-fenotipo-biologico-dinamico-y-clave\\\/#primaryimage\"},\"thumbnailUrl\":\"https:\\\/\\\/carlosoconnor.es\\\/wp-content\\\/uploads\\\/2026\\\/09\\\/images-2026-09-04T103839.594.jpg\",\"datePublished\":\"2026-09-04T15:41:30+00:00\",\"dateModified\":\"2026-09-04T15:41:32+00:00\",\"breadcrumb\":{\"@id\":\"https:\\\/\\\/carlosoconnor.es\\\/cronotipo-como-un-fenotipo-biologico-dinamico-y-clave\\\/#breadcrumb\"},\"inLanguage\":\"en-GB\",\"potentialAction\":[{\"@type\":\"ReadAction\",\"target\":[\"https:\\\/\\\/carlosoconnor.es\\\/cronotipo-como-un-fenotipo-biologico-dinamico-y-clave\\\/\"]}]},{\"@type\":\"ImageObject\",\"inLanguage\":\"en-GB\",\"@id\":\"https:\\\/\\\/carlosoconnor.es\\\/cronotipo-como-un-fenotipo-biologico-dinamico-y-clave\\\/#primaryimage\",\"url\":\"https:\\\/\\\/carlosoconnor.es\\\/wp-content\\\/uploads\\\/2026\\\/09\\\/images-2026-09-04T103839.594.jpg\",\"contentUrl\":\"https:\\\/\\\/carlosoconnor.es\\\/wp-content\\\/uploads\\\/2026\\\/09\\\/images-2026-09-04T103839.594.jpg\"},{\"@type\":\"BreadcrumbList\",\"@id\":\"https:\\\/\\\/carlosoconnor.es\\\/cronotipo-como-un-fenotipo-biologico-dinamico-y-clave\\\/#breadcrumb\",\"itemListElement\":[{\"@type\":\"ListItem\",\"position\":1,\"name\":\"Portada\",\"item\":\"https:\\\/\\\/carlosoconnor.es\\\/\"},{\"@type\":\"ListItem\",\"position\":2,\"name\":\"Cronotipo como un fenotipo biol\u00f3gico din\u00e1mico y clave\"}]},{\"@type\":\"WebSite\",\"@id\":\"https:\\\/\\\/carlosoconnor.es\\\/#website\",\"url\":\"https:\\\/\\\/carlosoconnor.es\\\/\",\"name\":\"Carlos O&#039;Connor\",\"description\":\"Dr. Carlos O&#039;Connor Reina - Otorrinolaring\u00f3logo\",\"publisher\":{\"@id\":\"https:\\\/\\\/carlosoconnor.es\\\/#organization\"},\"potentialAction\":[{\"@type\":\"SearchAction\",\"target\":{\"@type\":\"EntryPoint\",\"urlTemplate\":\"https:\\\/\\\/carlosoconnor.es\\\/?s={search_term_string}\"},\"query-input\":{\"@type\":\"PropertyValueSpecification\",\"valueRequired\":true,\"valueName\":\"search_term_string\"}}],\"inLanguage\":\"en-GB\"},{\"@type\":\"Organization\",\"@id\":\"https:\\\/\\\/carlosoconnor.es\\\/#organization\",\"name\":\"Carlos O&#039;Connor\",\"url\":\"https:\\\/\\\/carlosoconnor.es\\\/\",\"logo\":{\"@type\":\"ImageObject\",\"inLanguage\":\"en-GB\",\"@id\":\"https:\\\/\\\/carlosoconnor.es\\\/#\\\/schema\\\/logo\\\/image\\\/\",\"url\":\"https:\\\/\\\/carlosoconnor.es\\\/wp-content\\\/uploads\\\/2025\\\/07\\\/cropped-logo-wide.png\",\"contentUrl\":\"https:\\\/\\\/carlosoconnor.es\\\/wp-content\\\/uploads\\\/2025\\\/07\\\/cropped-logo-wide.png\",\"width\":241,\"height\":50,\"caption\":\"Carlos O&#039;Connor\"},\"image\":{\"@id\":\"https:\\\/\\\/carlosoconnor.es\\\/#\\\/schema\\\/logo\\\/image\\\/\"}},{\"@type\":\"Person\",\"@id\":\"https:\\\/\\\/carlosoconnor.es\\\/#\\\/schema\\\/person\\\/c879dbc2b732eaa32429f50dfbd0a949\",\"name\":\"gestion\",\"sameAs\":[\"https:\\\/\\\/www.ycomieronperdices.net\\\/temp\\\/oconnor2025\"],\"url\":\"https:\\\/\\\/carlosoconnor.es\\\/en\\\/author\\\/gestion\\\/\"}]}<\/script>\n<!-- \/ Yoast SEO plugin. -->","yoast_head_json":{"title":"Cronotipo como un fenotipo biol\u00f3gico din\u00e1mico y clave - Carlos O&#039;Connor","robots":{"index":"index","follow":"follow","max-snippet":"max-snippet:-1","max-image-preview":"max-image-preview:large","max-video-preview":"max-video-preview:-1"},"canonical":"https:\/\/carlosoconnor.es\/en\/cronotipo-como-un-fenotipo-biologico-dinamico-y-clave\/","og_locale":"en_GB","og_type":"article","og_title":"Cronotipo como un fenotipo biol\u00f3gico din\u00e1mico y clave - Carlos O&#039;Connor","og_description":"Este relevante art\u00edculo de Miguel Meira e Cruz profundiza en el cronotipo como un fenotipo biol\u00f3gico din\u00e1mico y clave dentro de la medicina de precisi\u00f3n. La publicaci\u00f3n describe el fen\u00f3meno&hellip;","og_url":"https:\/\/carlosoconnor.es\/en\/cronotipo-como-un-fenotipo-biologico-dinamico-y-clave\/","og_site_name":"Carlos O&#039;Connor","article_published_time":"2026-09-04T15:41:30+00:00","article_modified_time":"2026-09-04T15:41:32+00:00","og_image":[{"width":678,"height":452,"url":"https:\/\/carlosoconnor.es\/wp-content\/uploads\/2026\/09\/images-2026-09-04T103839.594.jpg","type":"image\/jpeg"}],"author":"gestion","twitter_card":"summary_large_image","twitter_misc":{"Written by":"gestion","Estimated reading time":"1 minute"},"schema":{"@context":"https:\/\/schema.org","@graph":[{"@type":"Article","@id":"https:\/\/carlosoconnor.es\/cronotipo-como-un-fenotipo-biologico-dinamico-y-clave\/#article","isPartOf":{"@id":"https:\/\/carlosoconnor.es\/cronotipo-como-un-fenotipo-biologico-dinamico-y-clave\/"},"author":{"name":"gestion","@id":"https:\/\/carlosoconnor.es\/#\/schema\/person\/c879dbc2b732eaa32429f50dfbd0a949"},"headline":"Cronotipo como un fenotipo biol\u00f3gico din\u00e1mico y clave","datePublished":"2026-09-04T15:41:30+00:00","dateModified":"2026-09-04T15:41:32+00:00","mainEntityOfPage":{"@id":"https:\/\/carlosoconnor.es\/cronotipo-como-un-fenotipo-biologico-dinamico-y-clave\/"},"wordCount":203,"commentCount":0,"publisher":{"@id":"https:\/\/carlosoconnor.es\/#organization"},"image":{"@id":"https:\/\/carlosoconnor.es\/cronotipo-como-un-fenotipo-biologico-dinamico-y-clave\/#primaryimage"},"thumbnailUrl":"https:\/\/carlosoconnor.es\/wp-content\/uploads\/2026\/09\/images-2026-09-04T103839.594.jpg","articleSection":["Uncategorized"],"inLanguage":"en-GB","potentialAction":[{"@type":"CommentAction","name":"Comment","target":["https:\/\/carlosoconnor.es\/cronotipo-como-un-fenotipo-biologico-dinamico-y-clave\/#respond"]}]},{"@type":"WebPage","@id":"https:\/\/carlosoconnor.es\/cronotipo-como-un-fenotipo-biologico-dinamico-y-clave\/","url":"https:\/\/carlosoconnor.es\/cronotipo-como-un-fenotipo-biologico-dinamico-y-clave\/","name":"Cronotipo como un fenotipo biol\u00f3gico din\u00e1mico y clave - Carlos O&#039;Connor","isPartOf":{"@id":"https:\/\/carlosoconnor.es\/#website"},"primaryImageOfPage":{"@id":"https:\/\/carlosoconnor.es\/cronotipo-como-un-fenotipo-biologico-dinamico-y-clave\/#primaryimage"},"image":{"@id":"https:\/\/carlosoconnor.es\/cronotipo-como-un-fenotipo-biologico-dinamico-y-clave\/#primaryimage"},"thumbnailUrl":"https:\/\/carlosoconnor.es\/wp-content\/uploads\/2026\/09\/images-2026-09-04T103839.594.jpg","datePublished":"2026-09-04T15:41:30+00:00","dateModified":"2026-09-04T15:41:32+00:00","breadcrumb":{"@id":"https:\/\/carlosoconnor.es\/cronotipo-como-un-fenotipo-biologico-dinamico-y-clave\/#breadcrumb"},"inLanguage":"en-GB","potentialAction":[{"@type":"ReadAction","target":["https:\/\/carlosoconnor.es\/cronotipo-como-un-fenotipo-biologico-dinamico-y-clave\/"]}]},{"@type":"ImageObject","inLanguage":"en-GB","@id":"https:\/\/carlosoconnor.es\/cronotipo-como-un-fenotipo-biologico-dinamico-y-clave\/#primaryimage","url":"https:\/\/carlosoconnor.es\/wp-content\/uploads\/2026\/09\/images-2026-09-04T103839.594.jpg","contentUrl":"https:\/\/carlosoconnor.es\/wp-content\/uploads\/2026\/09\/images-2026-09-04T103839.594.jpg"},{"@type":"BreadcrumbList","@id":"https:\/\/carlosoconnor.es\/cronotipo-como-un-fenotipo-biologico-dinamico-y-clave\/#breadcrumb","itemListElement":[{"@type":"ListItem","position":1,"name":"Portada","item":"https:\/\/carlosoconnor.es\/"},{"@type":"ListItem","position":2,"name":"Cronotipo como un fenotipo biol\u00f3gico din\u00e1mico y clave"}]},{"@type":"WebSite","@id":"https:\/\/carlosoconnor.es\/#website","url":"https:\/\/carlosoconnor.es\/","name":"Carlos O&#039;Connor","description":"Dr. Carlos O&#039;Connor Reina - Otorrinolaring\u00f3logo","publisher":{"@id":"https:\/\/carlosoconnor.es\/#organization"},"potentialAction":[{"@type":"SearchAction","target":{"@type":"EntryPoint","urlTemplate":"https:\/\/carlosoconnor.es\/?s={search_term_string}"},"query-input":{"@type":"PropertyValueSpecification","valueRequired":true,"valueName":"search_term_string"}}],"inLanguage":"en-GB"},{"@type":"Organization","@id":"https:\/\/carlosoconnor.es\/#organization","name":"Carlos O&#039;Connor","url":"https:\/\/carlosoconnor.es\/","logo":{"@type":"ImageObject","inLanguage":"en-GB","@id":"https:\/\/carlosoconnor.es\/#\/schema\/logo\/image\/","url":"https:\/\/carlosoconnor.es\/wp-content\/uploads\/2025\/07\/cropped-logo-wide.png","contentUrl":"https:\/\/carlosoconnor.es\/wp-content\/uploads\/2025\/07\/cropped-logo-wide.png","width":241,"height":50,"caption":"Carlos O&#039;Connor"},"image":{"@id":"https:\/\/carlosoconnor.es\/#\/schema\/logo\/image\/"}},{"@type":"Person","@id":"https:\/\/carlosoconnor.es\/#\/schema\/person\/c879dbc2b732eaa32429f50dfbd0a949","name":"gestion","sameAs":["https:\/\/www.ycomieronperdices.net\/temp\/oconnor2025"],"url":"https:\/\/carlosoconnor.es\/en\/author\/gestion\/"}]}},"_links":{"self":[{"href":"https:\/\/carlosoconnor.es\/en\/wp-json\/wp\/v2\/posts\/64145","targetHints":{"allow":["GET"]}}],"collection":[{"href":"https:\/\/carlosoconnor.es\/en\/wp-json\/wp\/v2\/posts"}],"about":[{"href":"https:\/\/carlosoconnor.es\/en\/wp-json\/wp\/v2\/types\/post"}],"author":[{"embeddable":true,"href":"https:\/\/carlosoconnor.es\/en\/wp-json\/wp\/v2\/users\/1"}],"replies":[{"embeddable":true,"href":"https:\/\/carlosoconnor.es\/en\/wp-json\/wp\/v2\/comments?post=64145"}],"version-history":[{"count":1,"href":"https:\/\/carlosoconnor.es\/en\/wp-json\/wp\/v2\/posts\/64145\/revisions"}],"predecessor-version":[{"id":64147,"href":"https:\/\/carlosoconnor.es\/en\/wp-json\/wp\/v2\/posts\/64145\/revisions\/64147"}],"wp:attachment":[{"href":"https:\/\/carlosoconnor.es\/en\/wp-json\/wp\/v2\/media?parent=64145"}],"wp:term":[{"taxonomy":"category","embeddable":true,"href":"https:\/\/carlosoconnor.es\/en\/wp-json\/wp\/v2\/categories?post=64145"},{"taxonomy":"post_tag","embeddable":true,"href":"https:\/\/carlosoconnor.es\/en\/wp-json\/wp\/v2\/tags?post=64145"}],"curies":[{"name":"wp","href":"https:\/\/api.w.org\/{rel}","templated":true}]}}