{"id":64138,"date":"2026-09-02T17:31:04","date_gmt":"2026-09-02T15:31:04","guid":{"rendered":"https:\/\/carlosoconnor.es\/?p=64138"},"modified":"2026-09-02T17:31:17","modified_gmt":"2026-09-02T15:31:17","slug":"comparativa-del-impacto-de-la-aos-frente-al-insomnio","status":"publish","type":"post","link":"https:\/\/carlosoconnor.es\/en\/comparativa-del-impacto-de-la-aos-frente-al-insomnio\/","title":{"rendered":"Comparativa del impacto de la AOS frente al insomnio"},"content":{"rendered":"\n<p class=\"wp-block-paragraph\">Este reciente estudio del Canadian Longitudinal Study on Aging (CLSA) en adultos mayores aporta una claridad cl\u00ednica fundamental: al comparar el impacto de la apnea frente al insomnio, es el elevado riesgo de AOS (medido mediante la escala STOP-BANG) el que se asocia de forma significativa con problemas de memoria y un menor procesamiento cognitivo. A diferencia del insomnio, la carga fisiol\u00f3gica del colapso respiratorio, la hipoxia intermitente y el estr\u00e9s metab\u00f3lico derivado de la apnea demostraron ser predictores clave del deterioro cognitivo, lo que subraya la urgencia de realizar cribados respiratorios precoces ante cualquier queja de memoria en el adulto mayor.<\/p>\n\n\n\n<p class=\"wp-block-paragraph\">Enlace de referencia:<a href=\"https:\/\/www.frontiersin.org\/journals\/psychology\/articles\/10.3389\/fpsyg.2026.1864558\/full\">https:\/\/www.frontiersin.org\/journals\/psychology\/articles\/10.3389\/fpsyg.2026.1864558\/full<\/a><\/p>\n\n\n\n<p class=\"wp-block-paragraph\"><a href=\"https:\/\/www.facebook.com\/hashtag\/medicinadelsue%C3%B1o?__cft__[0]=AZjyzfYNDjWeEG_O3DIiwujGN9mRu5-RfJvcJFZ0La58poF7tU8yne3Q3pSc43IdjHfLWMQ4txcykLeH37uunekI57A4MuXxNsuzT0DvhfcpaGjtO6ynjKRtyq2KOUS1HAXrcN4ZpOBx4O0bNsYTkco8iBi5Pp40098BuNCWC3LtxFgBfSFgip3RfwKKKPze&amp;__tn__=*NK-R\">#MedicinaDelSue\u00f1o<\/a><a href=\"https:\/\/www.facebook.com\/hashtag\/otorrinolaringologia?__cft__[0]=AZjyzfYNDjWeEG_O3DIiwujGN9mRu5-RfJvcJFZ0La58poF7tU8yne3Q3pSc43IdjHfLWMQ4txcykLeH37uunekI57A4MuXxNsuzT0DvhfcpaGjtO6ynjKRtyq2KOUS1HAXrcN4ZpOBx4O0bNsYTkco8iBi5Pp40098BuNCWC3LtxFgBfSFgip3RfwKKKPze&amp;__tn__=*NK-R\">#Otorrinolaringologia<\/a><a href=\"https:\/\/www.facebook.com\/hashtag\/apneadelsue%C3%B1o?__cft__[0]=AZjyzfYNDjWeEG_O3DIiwujGN9mRu5-RfJvcJFZ0La58poF7tU8yne3Q3pSc43IdjHfLWMQ4txcykLeH37uunekI57A4MuXxNsuzT0DvhfcpaGjtO6ynjKRtyq2KOUS1HAXrcN4ZpOBx4O0bNsYTkco8iBi5Pp40098BuNCWC3LtxFgBfSFgip3RfwKKKPze&amp;__tn__=*NK-R\">#ApneaDelSue\u00f1o<\/a><a href=\"https:\/\/www.facebook.com\/hashtag\/terapiamiofuncional?__cft__[0]=AZjyzfYNDjWeEG_O3DIiwujGN9mRu5-RfJvcJFZ0La58poF7tU8yne3Q3pSc43IdjHfLWMQ4txcykLeH37uunekI57A4MuXxNsuzT0DvhfcpaGjtO6ynjKRtyq2KOUS1HAXrcN4ZpOBx4O0bNsYTkco8iBi5Pp40098BuNCWC3LtxFgBfSFgip3RfwKKKPze&amp;__tn__=*NK-R\">#TerapiaMiofuncional<\/a><a href=\"https:\/\/www.facebook.com\/hashtag\/saludcognitiva?__cft__[0]=AZjyzfYNDjWeEG_O3DIiwujGN9mRu5-RfJvcJFZ0La58poF7tU8yne3Q3pSc43IdjHfLWMQ4txcykLeH37uunekI57A4MuXxNsuzT0DvhfcpaGjtO6ynjKRtyq2KOUS1HAXrcN4ZpOBx4O0bNsYTkco8iBi5Pp40098BuNCWC3LtxFgBfSFgip3RfwKKKPze&amp;__tn__=*NK-R\">#SaludCognitiva<\/a><a href=\"https:\/\/www.facebook.com\/hashtag\/aos?__cft__[0]=AZjyzfYNDjWeEG_O3DIiwujGN9mRu5-RfJvcJFZ0La58poF7tU8yne3Q3pSc43IdjHfLWMQ4txcykLeH37uunekI57A4MuXxNsuzT0DvhfcpaGjtO6ynjKRtyq2KOUS1HAXrcN4ZpOBx4O0bNsYTkco8iBi5Pp40098BuNCWC3LtxFgBfSFgip3RfwKKKPze&amp;__tn__=*NK-R\">#AOS<\/a><a href=\"https:\/\/www.facebook.com\/hashtag\/deteriorocognitivo?__cft__[0]=AZjyzfYNDjWeEG_O3DIiwujGN9mRu5-RfJvcJFZ0La58poF7tU8yne3Q3pSc43IdjHfLWMQ4txcykLeH37uunekI57A4MuXxNsuzT0DvhfcpaGjtO6ynjKRtyq2KOUS1HAXrcN4ZpOBx4O0bNsYTkco8iBi5Pp40098BuNCWC3LtxFgBfSFgip3RfwKKKPze&amp;__tn__=*NK-R\">#DeterioroCognitivo<\/a><a href=\"https:\/\/www.facebook.com\/hashtag\/memoria?__cft__[0]=AZjyzfYNDjWeEG_O3DIiwujGN9mRu5-RfJvcJFZ0La58poF7tU8yne3Q3pSc43IdjHfLWMQ4txcykLeH37uunekI57A4MuXxNsuzT0DvhfcpaGjtO6ynjKRtyq2KOUS1HAXrcN4ZpOBx4O0bNsYTkco8iBi5Pp40098BuNCWC3LtxFgBfSFgip3RfwKKKPze&amp;__tn__=*NK-R\">#Memoria<\/a><a href=\"https:\/\/www.facebook.com\/hashtag\/saludrespiratoria?__cft__[0]=AZjyzfYNDjWeEG_O3DIiwujGN9mRu5-RfJvcJFZ0La58poF7tU8yne3Q3pSc43IdjHfLWMQ4txcykLeH37uunekI57A4MuXxNsuzT0DvhfcpaGjtO6ynjKRtyq2KOUS1HAXrcN4ZpOBx4O0bNsYTkco8iBi5Pp40098BuNCWC3LtxFgBfSFgip3RfwKKKPze&amp;__tn__=*NK-R\">#SaludRespiratoria<\/a><a href=\"https:\/\/www.facebook.com\/hashtag\/sue%C3%B1oreparador?__cft__[0]=AZjyzfYNDjWeEG_O3DIiwujGN9mRu5-RfJvcJFZ0La58poF7tU8yne3Q3pSc43IdjHfLWMQ4txcykLeH37uunekI57A4MuXxNsuzT0DvhfcpaGjtO6ynjKRtyq2KOUS1HAXrcN4ZpOBx4O0bNsYTkco8iBi5Pp40098BuNCWC3LtxFgBfSFgip3RfwKKKPze&amp;__tn__=*NK-R\">#Sue\u00f1oReparador<\/a><\/p>\n\n\n\n<figure class=\"wp-block-image size-large\"><img fetchpriority=\"high\" decoding=\"async\" width=\"683\" height=\"1024\" src=\"https:\/\/carlosoconnor.es\/wp-content\/uploads\/2026\/09\/ChatGPT-Image-Sep-2-2026-10_16_50-AM-683x1024.png\" alt=\"ChatGPT Image Sep 2, 2026, 10 16 50 AM\" class=\"wp-image-64139\" srcset=\"https:\/\/carlosoconnor.es\/wp-content\/uploads\/2026\/09\/ChatGPT-Image-Sep-2-2026-10_16_50-AM-683x1024.png 683w, https:\/\/carlosoconnor.es\/wp-content\/uploads\/2026\/09\/ChatGPT-Image-Sep-2-2026-10_16_50-AM-8x12.png 8w, https:\/\/carlosoconnor.es\/wp-content\/uploads\/2026\/09\/ChatGPT-Image-Sep-2-2026-10_16_50-AM-200x300.png 200w, https:\/\/carlosoconnor.es\/wp-content\/uploads\/2026\/09\/ChatGPT-Image-Sep-2-2026-10_16_50-AM-370x555.png 370w, https:\/\/carlosoconnor.es\/wp-content\/uploads\/2026\/09\/ChatGPT-Image-Sep-2-2026-10_16_50-AM-768x1152.png 768w, https:\/\/carlosoconnor.es\/wp-content\/uploads\/2026\/09\/ChatGPT-Image-Sep-2-2026-10_16_50-AM-410x615.png 410w, https:\/\/carlosoconnor.es\/wp-content\/uploads\/2026\/09\/ChatGPT-Image-Sep-2-2026-10_16_50-AM-840x1260.png 840w, https:\/\/carlosoconnor.es\/wp-content\/uploads\/2026\/09\/ChatGPT-Image-Sep-2-2026-10_16_50-AM-600x900.png 600w, https:\/\/carlosoconnor.es\/wp-content\/uploads\/2026\/09\/ChatGPT-Image-Sep-2-2026-10_16_50-AM.png 1024w\" sizes=\"(max-width: 683px) 100vw, 683px\" \/><figcaption class=\"wp-element-caption\">ChatGPT Image Sep 2, 2026, 10 16 50 AM<\/figcaption><\/figure>\n","protected":false},"excerpt":{"rendered":"<p>Este reciente estudio del Canadian Longitudinal Study on Aging (CLSA) en adultos mayores aporta una claridad cl\u00ednica fundamental: al comparar el impacto de la apnea frente al insomnio, es el&hellip;<\/p>","protected":false},"author":1,"featured_media":0,"comment_status":"open","ping_status":"open","sticky":false,"template":"","format":"standard","meta":{"footnotes":""},"categories":[1],"tags":[],"class_list":["post-64138","post","type-post","status-publish","format-standard","hentry","category-uncategorized"],"yoast_head":"<!-- This site is optimized with the Yoast SEO plugin v28.2 - https:\/\/yoast.com\/product\/yoast-seo-wordpress\/ -->\n<title>Comparativa del impacto de la AOS frente al insomnio - Carlos O&#039;Connor<\/title>\n<meta name=\"robots\" content=\"index, follow, max-snippet:-1, max-image-preview:large, max-video-preview:-1\" \/>\n<link rel=\"canonical\" href=\"https:\/\/carlosoconnor.es\/en\/comparativa-del-impacto-de-la-aos-frente-al-insomnio\/\" \/>\n<meta property=\"og:locale\" content=\"en_GB\" \/>\n<meta property=\"og:type\" content=\"article\" \/>\n<meta property=\"og:title\" content=\"Comparativa del impacto de la AOS frente al insomnio - Carlos O&#039;Connor\" \/>\n<meta property=\"og:description\" content=\"Este reciente estudio del Canadian Longitudinal Study on Aging (CLSA) en adultos mayores aporta una claridad cl\u00ednica fundamental: al comparar el impacto de la apnea frente al insomnio, es el&hellip;\" \/>\n<meta property=\"og:url\" content=\"https:\/\/carlosoconnor.es\/en\/comparativa-del-impacto-de-la-aos-frente-al-insomnio\/\" \/>\n<meta property=\"og:site_name\" content=\"Carlos O&#039;Connor\" \/>\n<meta property=\"article:published_time\" content=\"2026-09-02T15:31:04+00:00\" \/>\n<meta property=\"article:modified_time\" content=\"2026-09-02T15:31:17+00:00\" \/>\n<meta property=\"og:image\" content=\"https:\/\/carlosoconnor.es\/wp-content\/uploads\/2026\/09\/ChatGPT-Image-Sep-2-2026-10_16_50-AM-683x1024.png\" \/>\n\t<meta property=\"og:image:width\" content=\"683\" \/>\n\t<meta property=\"og:image:height\" content=\"1024\" \/>\n\t<meta property=\"og:image:type\" content=\"image\/png\" \/>\n<meta name=\"author\" content=\"gestion\" \/>\n<meta name=\"twitter:card\" content=\"summary_large_image\" \/>\n<meta name=\"twitter:label1\" content=\"Written by\" \/>\n\t<meta name=\"twitter:data1\" content=\"gestion\" \/>\n\t<meta name=\"twitter:label2\" content=\"Estimated reading time\" \/>\n\t<meta name=\"twitter:data2\" content=\"1 minute\" \/>\n<script type=\"application\/ld+json\" class=\"yoast-schema-graph\">{\"@context\":\"https:\\\/\\\/schema.org\",\"@graph\":[{\"@type\":\"Article\",\"@id\":\"https:\\\/\\\/carlosoconnor.es\\\/comparativa-del-impacto-de-la-aos-frente-al-insomnio\\\/#article\",\"isPartOf\":{\"@id\":\"https:\\\/\\\/carlosoconnor.es\\\/comparativa-del-impacto-de-la-aos-frente-al-insomnio\\\/\"},\"author\":{\"name\":\"gestion\",\"@id\":\"https:\\\/\\\/carlosoconnor.es\\\/#\\\/schema\\\/person\\\/c879dbc2b732eaa32429f50dfbd0a949\"},\"headline\":\"Comparativa del impacto de la AOS frente al insomnio\",\"datePublished\":\"2026-09-02T15:31:04+00:00\",\"dateModified\":\"2026-09-02T15:31:17+00:00\",\"mainEntityOfPage\":{\"@id\":\"https:\\\/\\\/carlosoconnor.es\\\/comparativa-del-impacto-de-la-aos-frente-al-insomnio\\\/\"},\"wordCount\":144,\"commentCount\":0,\"publisher\":{\"@id\":\"https:\\\/\\\/carlosoconnor.es\\\/#organization\"},\"image\":{\"@id\":\"https:\\\/\\\/carlosoconnor.es\\\/comparativa-del-impacto-de-la-aos-frente-al-insomnio\\\/#primaryimage\"},\"thumbnailUrl\":\"https:\\\/\\\/carlosoconnor.es\\\/wp-content\\\/uploads\\\/2026\\\/09\\\/ChatGPT-Image-Sep-2-2026-10_16_50-AM-683x1024.png\",\"articleSection\":[\"Uncategorized\"],\"inLanguage\":\"en-GB\",\"potentialAction\":[{\"@type\":\"CommentAction\",\"name\":\"Comment\",\"target\":[\"https:\\\/\\\/carlosoconnor.es\\\/comparativa-del-impacto-de-la-aos-frente-al-insomnio\\\/#respond\"]}]},{\"@type\":\"WebPage\",\"@id\":\"https:\\\/\\\/carlosoconnor.es\\\/comparativa-del-impacto-de-la-aos-frente-al-insomnio\\\/\",\"url\":\"https:\\\/\\\/carlosoconnor.es\\\/comparativa-del-impacto-de-la-aos-frente-al-insomnio\\\/\",\"name\":\"Comparativa del impacto de la AOS frente al insomnio - Carlos O&#039;Connor\",\"isPartOf\":{\"@id\":\"https:\\\/\\\/carlosoconnor.es\\\/#website\"},\"primaryImageOfPage\":{\"@id\":\"https:\\\/\\\/carlosoconnor.es\\\/comparativa-del-impacto-de-la-aos-frente-al-insomnio\\\/#primaryimage\"},\"image\":{\"@id\":\"https:\\\/\\\/carlosoconnor.es\\\/comparativa-del-impacto-de-la-aos-frente-al-insomnio\\\/#primaryimage\"},\"thumbnailUrl\":\"https:\\\/\\\/carlosoconnor.es\\\/wp-content\\\/uploads\\\/2026\\\/09\\\/ChatGPT-Image-Sep-2-2026-10_16_50-AM-683x1024.png\",\"datePublished\":\"2026-09-02T15:31:04+00:00\",\"dateModified\":\"2026-09-02T15:31:17+00:00\",\"breadcrumb\":{\"@id\":\"https:\\\/\\\/carlosoconnor.es\\\/comparativa-del-impacto-de-la-aos-frente-al-insomnio\\\/#breadcrumb\"},\"inLanguage\":\"en-GB\",\"potentialAction\":[{\"@type\":\"ReadAction\",\"target\":[\"https:\\\/\\\/carlosoconnor.es\\\/comparativa-del-impacto-de-la-aos-frente-al-insomnio\\\/\"]}]},{\"@type\":\"ImageObject\",\"inLanguage\":\"en-GB\",\"@id\":\"https:\\\/\\\/carlosoconnor.es\\\/comparativa-del-impacto-de-la-aos-frente-al-insomnio\\\/#primaryimage\",\"url\":\"https:\\\/\\\/carlosoconnor.es\\\/wp-content\\\/uploads\\\/2026\\\/09\\\/ChatGPT-Image-Sep-2-2026-10_16_50-AM-683x1024.png\",\"contentUrl\":\"https:\\\/\\\/carlosoconnor.es\\\/wp-content\\\/uploads\\\/2026\\\/09\\\/ChatGPT-Image-Sep-2-2026-10_16_50-AM-683x1024.png\"},{\"@type\":\"BreadcrumbList\",\"@id\":\"https:\\\/\\\/carlosoconnor.es\\\/comparativa-del-impacto-de-la-aos-frente-al-insomnio\\\/#breadcrumb\",\"itemListElement\":[{\"@type\":\"ListItem\",\"position\":1,\"name\":\"Portada\",\"item\":\"https:\\\/\\\/carlosoconnor.es\\\/\"},{\"@type\":\"ListItem\",\"position\":2,\"name\":\"Comparativa del impacto de la AOS frente al insomnio\"}]},{\"@type\":\"WebSite\",\"@id\":\"https:\\\/\\\/carlosoconnor.es\\\/#website\",\"url\":\"https:\\\/\\\/carlosoconnor.es\\\/\",\"name\":\"Carlos O&#039;Connor\",\"description\":\"Dr. Carlos O&#039;Connor Reina - Otorrinolaring\u00f3logo\",\"publisher\":{\"@id\":\"https:\\\/\\\/carlosoconnor.es\\\/#organization\"},\"potentialAction\":[{\"@type\":\"SearchAction\",\"target\":{\"@type\":\"EntryPoint\",\"urlTemplate\":\"https:\\\/\\\/carlosoconnor.es\\\/?s={search_term_string}\"},\"query-input\":{\"@type\":\"PropertyValueSpecification\",\"valueRequired\":true,\"valueName\":\"search_term_string\"}}],\"inLanguage\":\"en-GB\"},{\"@type\":\"Organization\",\"@id\":\"https:\\\/\\\/carlosoconnor.es\\\/#organization\",\"name\":\"Carlos O&#039;Connor\",\"url\":\"https:\\\/\\\/carlosoconnor.es\\\/\",\"logo\":{\"@type\":\"ImageObject\",\"inLanguage\":\"en-GB\",\"@id\":\"https:\\\/\\\/carlosoconnor.es\\\/#\\\/schema\\\/logo\\\/image\\\/\",\"url\":\"https:\\\/\\\/carlosoconnor.es\\\/wp-content\\\/uploads\\\/2025\\\/07\\\/cropped-logo-wide.png\",\"contentUrl\":\"https:\\\/\\\/carlosoconnor.es\\\/wp-content\\\/uploads\\\/2025\\\/07\\\/cropped-logo-wide.png\",\"width\":241,\"height\":50,\"caption\":\"Carlos O&#039;Connor\"},\"image\":{\"@id\":\"https:\\\/\\\/carlosoconnor.es\\\/#\\\/schema\\\/logo\\\/image\\\/\"}},{\"@type\":\"Person\",\"@id\":\"https:\\\/\\\/carlosoconnor.es\\\/#\\\/schema\\\/person\\\/c879dbc2b732eaa32429f50dfbd0a949\",\"name\":\"gestion\",\"sameAs\":[\"https:\\\/\\\/www.ycomieronperdices.net\\\/temp\\\/oconnor2025\"],\"url\":\"https:\\\/\\\/carlosoconnor.es\\\/en\\\/author\\\/gestion\\\/\"}]}<\/script>\n<!-- \/ Yoast SEO plugin. -->","yoast_head_json":{"title":"Comparativa del impacto de la AOS frente al insomnio - Carlos O&#039;Connor","robots":{"index":"index","follow":"follow","max-snippet":"max-snippet:-1","max-image-preview":"max-image-preview:large","max-video-preview":"max-video-preview:-1"},"canonical":"https:\/\/carlosoconnor.es\/en\/comparativa-del-impacto-de-la-aos-frente-al-insomnio\/","og_locale":"en_GB","og_type":"article","og_title":"Comparativa del impacto de la AOS frente al insomnio - Carlos O&#039;Connor","og_description":"Este reciente estudio del Canadian Longitudinal Study on Aging (CLSA) en adultos mayores aporta una claridad cl\u00ednica fundamental: al comparar el impacto de la apnea frente al insomnio, es el&hellip;","og_url":"https:\/\/carlosoconnor.es\/en\/comparativa-del-impacto-de-la-aos-frente-al-insomnio\/","og_site_name":"Carlos O&#039;Connor","article_published_time":"2026-09-02T15:31:04+00:00","article_modified_time":"2026-09-02T15:31:17+00:00","og_image":[{"width":683,"height":1024,"url":"https:\/\/carlosoconnor.es\/wp-content\/uploads\/2026\/09\/ChatGPT-Image-Sep-2-2026-10_16_50-AM-683x1024.png","type":"image\/png"}],"author":"gestion","twitter_card":"summary_large_image","twitter_misc":{"Written by":"gestion","Estimated reading time":"1 minute"},"schema":{"@context":"https:\/\/schema.org","@graph":[{"@type":"Article","@id":"https:\/\/carlosoconnor.es\/comparativa-del-impacto-de-la-aos-frente-al-insomnio\/#article","isPartOf":{"@id":"https:\/\/carlosoconnor.es\/comparativa-del-impacto-de-la-aos-frente-al-insomnio\/"},"author":{"name":"gestion","@id":"https:\/\/carlosoconnor.es\/#\/schema\/person\/c879dbc2b732eaa32429f50dfbd0a949"},"headline":"Comparativa del impacto de la AOS frente al insomnio","datePublished":"2026-09-02T15:31:04+00:00","dateModified":"2026-09-02T15:31:17+00:00","mainEntityOfPage":{"@id":"https:\/\/carlosoconnor.es\/comparativa-del-impacto-de-la-aos-frente-al-insomnio\/"},"wordCount":144,"commentCount":0,"publisher":{"@id":"https:\/\/carlosoconnor.es\/#organization"},"image":{"@id":"https:\/\/carlosoconnor.es\/comparativa-del-impacto-de-la-aos-frente-al-insomnio\/#primaryimage"},"thumbnailUrl":"https:\/\/carlosoconnor.es\/wp-content\/uploads\/2026\/09\/ChatGPT-Image-Sep-2-2026-10_16_50-AM-683x1024.png","articleSection":["Uncategorized"],"inLanguage":"en-GB","potentialAction":[{"@type":"CommentAction","name":"Comment","target":["https:\/\/carlosoconnor.es\/comparativa-del-impacto-de-la-aos-frente-al-insomnio\/#respond"]}]},{"@type":"WebPage","@id":"https:\/\/carlosoconnor.es\/comparativa-del-impacto-de-la-aos-frente-al-insomnio\/","url":"https:\/\/carlosoconnor.es\/comparativa-del-impacto-de-la-aos-frente-al-insomnio\/","name":"Comparativa del impacto de la AOS frente al insomnio - Carlos O&#039;Connor","isPartOf":{"@id":"https:\/\/carlosoconnor.es\/#website"},"primaryImageOfPage":{"@id":"https:\/\/carlosoconnor.es\/comparativa-del-impacto-de-la-aos-frente-al-insomnio\/#primaryimage"},"image":{"@id":"https:\/\/carlosoconnor.es\/comparativa-del-impacto-de-la-aos-frente-al-insomnio\/#primaryimage"},"thumbnailUrl":"https:\/\/carlosoconnor.es\/wp-content\/uploads\/2026\/09\/ChatGPT-Image-Sep-2-2026-10_16_50-AM-683x1024.png","datePublished":"2026-09-02T15:31:04+00:00","dateModified":"2026-09-02T15:31:17+00:00","breadcrumb":{"@id":"https:\/\/carlosoconnor.es\/comparativa-del-impacto-de-la-aos-frente-al-insomnio\/#breadcrumb"},"inLanguage":"en-GB","potentialAction":[{"@type":"ReadAction","target":["https:\/\/carlosoconnor.es\/comparativa-del-impacto-de-la-aos-frente-al-insomnio\/"]}]},{"@type":"ImageObject","inLanguage":"en-GB","@id":"https:\/\/carlosoconnor.es\/comparativa-del-impacto-de-la-aos-frente-al-insomnio\/#primaryimage","url":"https:\/\/carlosoconnor.es\/wp-content\/uploads\/2026\/09\/ChatGPT-Image-Sep-2-2026-10_16_50-AM-683x1024.png","contentUrl":"https:\/\/carlosoconnor.es\/wp-content\/uploads\/2026\/09\/ChatGPT-Image-Sep-2-2026-10_16_50-AM-683x1024.png"},{"@type":"BreadcrumbList","@id":"https:\/\/carlosoconnor.es\/comparativa-del-impacto-de-la-aos-frente-al-insomnio\/#breadcrumb","itemListElement":[{"@type":"ListItem","position":1,"name":"Portada","item":"https:\/\/carlosoconnor.es\/"},{"@type":"ListItem","position":2,"name":"Comparativa del impacto de la AOS frente al insomnio"}]},{"@type":"WebSite","@id":"https:\/\/carlosoconnor.es\/#website","url":"https:\/\/carlosoconnor.es\/","name":"Carlos O&#039;Connor","description":"Dr. Carlos O&#039;Connor Reina - Otorrinolaring\u00f3logo","publisher":{"@id":"https:\/\/carlosoconnor.es\/#organization"},"potentialAction":[{"@type":"SearchAction","target":{"@type":"EntryPoint","urlTemplate":"https:\/\/carlosoconnor.es\/?s={search_term_string}"},"query-input":{"@type":"PropertyValueSpecification","valueRequired":true,"valueName":"search_term_string"}}],"inLanguage":"en-GB"},{"@type":"Organization","@id":"https:\/\/carlosoconnor.es\/#organization","name":"Carlos O&#039;Connor","url":"https:\/\/carlosoconnor.es\/","logo":{"@type":"ImageObject","inLanguage":"en-GB","@id":"https:\/\/carlosoconnor.es\/#\/schema\/logo\/image\/","url":"https:\/\/carlosoconnor.es\/wp-content\/uploads\/2025\/07\/cropped-logo-wide.png","contentUrl":"https:\/\/carlosoconnor.es\/wp-content\/uploads\/2025\/07\/cropped-logo-wide.png","width":241,"height":50,"caption":"Carlos O&#039;Connor"},"image":{"@id":"https:\/\/carlosoconnor.es\/#\/schema\/logo\/image\/"}},{"@type":"Person","@id":"https:\/\/carlosoconnor.es\/#\/schema\/person\/c879dbc2b732eaa32429f50dfbd0a949","name":"gestion","sameAs":["https:\/\/www.ycomieronperdices.net\/temp\/oconnor2025"],"url":"https:\/\/carlosoconnor.es\/en\/author\/gestion\/"}]}},"_links":{"self":[{"href":"https:\/\/carlosoconnor.es\/en\/wp-json\/wp\/v2\/posts\/64138","targetHints":{"allow":["GET"]}}],"collection":[{"href":"https:\/\/carlosoconnor.es\/en\/wp-json\/wp\/v2\/posts"}],"about":[{"href":"https:\/\/carlosoconnor.es\/en\/wp-json\/wp\/v2\/types\/post"}],"author":[{"embeddable":true,"href":"https:\/\/carlosoconnor.es\/en\/wp-json\/wp\/v2\/users\/1"}],"replies":[{"embeddable":true,"href":"https:\/\/carlosoconnor.es\/en\/wp-json\/wp\/v2\/comments?post=64138"}],"version-history":[{"count":1,"href":"https:\/\/carlosoconnor.es\/en\/wp-json\/wp\/v2\/posts\/64138\/revisions"}],"predecessor-version":[{"id":64140,"href":"https:\/\/carlosoconnor.es\/en\/wp-json\/wp\/v2\/posts\/64138\/revisions\/64140"}],"wp:attachment":[{"href":"https:\/\/carlosoconnor.es\/en\/wp-json\/wp\/v2\/media?parent=64138"}],"wp:term":[{"taxonomy":"category","embeddable":true,"href":"https:\/\/carlosoconnor.es\/en\/wp-json\/wp\/v2\/categories?post=64138"},{"taxonomy":"post_tag","embeddable":true,"href":"https:\/\/carlosoconnor.es\/en\/wp-json\/wp\/v2\/tags?post=64138"}],"curies":[{"name":"wp","href":"https:\/\/api.w.org\/{rel}","templated":true}]}}