{"id":64131,"date":"2026-08-31T17:05:25","date_gmt":"2026-08-31T15:05:25","guid":{"rendered":"https:\/\/carlosoconnor.es\/?p=64131"},"modified":"2026-08-31T17:05:27","modified_gmt":"2026-08-31T15:05:27","slug":"aos-en-pequenos-con-sindrome-de-down","status":"publish","type":"post","link":"https:\/\/carlosoconnor.es\/en\/aos-en-pequenos-con-sindrome-de-down\/","title":{"rendered":"AOS en peque\u00f1os con S\u00edndrome de Down"},"content":{"rendered":"<p class=\"wp-block-paragraph\">Provoca empat\u00eda e inter\u00e9s el trabajo que est\u00e1n realizando los Drs. Ronald D. Chervin y Fauziya Hassan en Michigan Medicine respecto a la apnea obstructiva del sue\u00f1o (AOS) en ni\u00f1os con s\u00edndrome de Down. Se estima que entre el 50% y el 80% de estos peque\u00f1os padecen AOS, una cifra desproporcionadamente alta que compromete seriamente su desarrollo cognitivo, cardiovascular y calidad de vida. Lo m\u00e1s complejo es que las terapias convencionales muestran importantes limitaciones: la adenoamigdalectom\u00eda raramente resuelve el cuadro por completo y la CPAP suele ser dif\u00edcil de tolerar en esta poblaci\u00f3n. La b\u00fasqueda de alternativas \u2014desde oxigenoterapia y estents nasales hasta la estimulaci\u00f3n del nervio hipogloso\u2014 refleja la necesidad urgente de personalizar el abordaje terap\u00e9utico en casos de alta complejidad anat\u00f3mica y neuromuscular. Esta realidad nos recuerda que la v\u00eda a\u00e9rea superior es una estructura din\u00e1mica donde el tono muscular juega un papel determinante. En pacientes con s\u00edndrome de Down, donde la hipoton\u00eda generalizada y lingual es un factor primario de colapso nocturno, la terapia miofuncional emerge como un pilar no invasivo de incalculable valor.<\/p>\n\n\n\n<p class=\"wp-block-paragraph\">Enlace de referencia: <a href=\"https:\/\/www.newswise.com\/articles\/treating-obstructive-sleep-apnea-in-children-with-down-syndrome\">https:\/\/www.newswise.com\/articles\/treating-obstructive-sleep-apnea-in-children-with-down-syndrome<\/a><\/p>\n\n\n\n<p class=\"wp-block-paragraph\">#ApneaDelSue\u00f1o #MedicinaDelSue\u00f1o #Otorrinolaringologia #TerapiaMiofuncional #SindromeDeDown #AOSPediatrica #SaludDelSue\u00f1o #InclusionYSalud #Sue\u00f1oReparador #CalidadDeVida<\/p>\n\n\n\n<figure class=\"wp-block-image size-full\"><img fetchpriority=\"high\" decoding=\"async\" width=\"678\" height=\"452\" src=\"https:\/\/carlosoconnor.es\/wp-content\/uploads\/2026\/08\/images-2026-08-31T082635.319.jpg\" alt=\"images 2026 08 31T082635.319\" class=\"wp-image-64132\" srcset=\"https:\/\/carlosoconnor.es\/wp-content\/uploads\/2026\/08\/images-2026-08-31T082635.319.jpg 678w, https:\/\/carlosoconnor.es\/wp-content\/uploads\/2026\/08\/images-2026-08-31T082635.319-300x200.jpg 300w, https:\/\/carlosoconnor.es\/wp-content\/uploads\/2026\/08\/images-2026-08-31T082635.319-18x12.jpg 18w, https:\/\/carlosoconnor.es\/wp-content\/uploads\/2026\/08\/images-2026-08-31T082635.319-369x246.jpg 369w, https:\/\/carlosoconnor.es\/wp-content\/uploads\/2026\/08\/images-2026-08-31T082635.319-410x273.jpg 410w, https:\/\/carlosoconnor.es\/wp-content\/uploads\/2026\/08\/images-2026-08-31T082635.319-600x400.jpg 600w\" sizes=\"(max-width: 678px) 100vw, 678px\" \/><figcaption class=\"wp-element-caption\">images 2026 08 31T082635.319<\/figcaption><\/figure>","protected":false},"excerpt":{"rendered":"<p>Provoca empat\u00eda e inter\u00e9s el trabajo que est\u00e1n realizando los Drs. Ronald D. Chervin y Fauziya Hassan en Michigan Medicine respecto a la apnea obstructiva del sue\u00f1o (AOS) en ni\u00f1os&hellip;<\/p>","protected":false},"author":1,"featured_media":0,"comment_status":"open","ping_status":"open","sticky":false,"template":"","format":"standard","meta":{"footnotes":""},"categories":[1],"tags":[],"class_list":["post-64131","post","type-post","status-publish","format-standard","hentry","category-uncategorized"],"yoast_head":"<!-- This site is optimized with the Yoast SEO plugin v28.2 - https:\/\/yoast.com\/product\/yoast-seo-wordpress\/ -->\n<title>AOS en peque\u00f1os con S\u00edndrome de Down - Carlos O&#039;Connor<\/title>\n<meta name=\"robots\" content=\"index, follow, max-snippet:-1, max-image-preview:large, max-video-preview:-1\" \/>\n<link rel=\"canonical\" href=\"https:\/\/carlosoconnor.es\/en\/aos-en-pequenos-con-sindrome-de-down\/\" \/>\n<meta property=\"og:locale\" content=\"en_GB\" \/>\n<meta property=\"og:type\" content=\"article\" \/>\n<meta property=\"og:title\" content=\"AOS en peque\u00f1os con S\u00edndrome de Down - Carlos O&#039;Connor\" \/>\n<meta property=\"og:description\" content=\"Provoca empat\u00eda e inter\u00e9s el trabajo que est\u00e1n realizando los Drs. Ronald D. Chervin y Fauziya Hassan en Michigan Medicine respecto a la apnea obstructiva del sue\u00f1o (AOS) en ni\u00f1os&hellip;\" \/>\n<meta property=\"og:url\" content=\"https:\/\/carlosoconnor.es\/en\/aos-en-pequenos-con-sindrome-de-down\/\" \/>\n<meta property=\"og:site_name\" content=\"Carlos O&#039;Connor\" \/>\n<meta property=\"article:published_time\" content=\"2026-08-31T15:05:25+00:00\" \/>\n<meta property=\"article:modified_time\" content=\"2026-08-31T15:05:27+00:00\" \/>\n<meta property=\"og:image\" content=\"https:\/\/carlosoconnor.es\/wp-content\/uploads\/2026\/08\/images-2026-08-31T082635.319.jpg\" \/>\n\t<meta property=\"og:image:width\" content=\"678\" \/>\n\t<meta property=\"og:image:height\" content=\"452\" \/>\n\t<meta property=\"og:image:type\" content=\"image\/jpeg\" \/>\n<meta name=\"author\" content=\"gestion\" \/>\n<meta name=\"twitter:card\" content=\"summary_large_image\" \/>\n<meta name=\"twitter:label1\" content=\"Written by\" \/>\n\t<meta name=\"twitter:data1\" content=\"gestion\" \/>\n\t<meta name=\"twitter:label2\" content=\"Estimated reading time\" \/>\n\t<meta name=\"twitter:data2\" content=\"2 minutes\" \/>\n<script type=\"application\/ld+json\" class=\"yoast-schema-graph\">{\"@context\":\"https:\\\/\\\/schema.org\",\"@graph\":[{\"@type\":\"Article\",\"@id\":\"https:\\\/\\\/carlosoconnor.es\\\/aos-en-pequenos-con-sindrome-de-down\\\/#article\",\"isPartOf\":{\"@id\":\"https:\\\/\\\/carlosoconnor.es\\\/aos-en-pequenos-con-sindrome-de-down\\\/\"},\"author\":{\"name\":\"gestion\",\"@id\":\"https:\\\/\\\/carlosoconnor.es\\\/#\\\/schema\\\/person\\\/c879dbc2b732eaa32429f50dfbd0a949\"},\"headline\":\"AOS en peque\u00f1os con S\u00edndrome de Down\",\"datePublished\":\"2026-08-31T15:05:25+00:00\",\"dateModified\":\"2026-08-31T15:05:27+00:00\",\"mainEntityOfPage\":{\"@id\":\"https:\\\/\\\/carlosoconnor.es\\\/aos-en-pequenos-con-sindrome-de-down\\\/\"},\"wordCount\":229,\"commentCount\":0,\"publisher\":{\"@id\":\"https:\\\/\\\/carlosoconnor.es\\\/#organization\"},\"image\":{\"@id\":\"https:\\\/\\\/carlosoconnor.es\\\/aos-en-pequenos-con-sindrome-de-down\\\/#primaryimage\"},\"thumbnailUrl\":\"https:\\\/\\\/carlosoconnor.es\\\/wp-content\\\/uploads\\\/2026\\\/08\\\/images-2026-08-31T082635.319.jpg\",\"articleSection\":[\"Uncategorized\"],\"inLanguage\":\"en-GB\",\"potentialAction\":[{\"@type\":\"CommentAction\",\"name\":\"Comment\",\"target\":[\"https:\\\/\\\/carlosoconnor.es\\\/aos-en-pequenos-con-sindrome-de-down\\\/#respond\"]}]},{\"@type\":\"WebPage\",\"@id\":\"https:\\\/\\\/carlosoconnor.es\\\/aos-en-pequenos-con-sindrome-de-down\\\/\",\"url\":\"https:\\\/\\\/carlosoconnor.es\\\/aos-en-pequenos-con-sindrome-de-down\\\/\",\"name\":\"AOS en peque\u00f1os con S\u00edndrome de Down - Carlos O&#039;Connor\",\"isPartOf\":{\"@id\":\"https:\\\/\\\/carlosoconnor.es\\\/#website\"},\"primaryImageOfPage\":{\"@id\":\"https:\\\/\\\/carlosoconnor.es\\\/aos-en-pequenos-con-sindrome-de-down\\\/#primaryimage\"},\"image\":{\"@id\":\"https:\\\/\\\/carlosoconnor.es\\\/aos-en-pequenos-con-sindrome-de-down\\\/#primaryimage\"},\"thumbnailUrl\":\"https:\\\/\\\/carlosoconnor.es\\\/wp-content\\\/uploads\\\/2026\\\/08\\\/images-2026-08-31T082635.319.jpg\",\"datePublished\":\"2026-08-31T15:05:25+00:00\",\"dateModified\":\"2026-08-31T15:05:27+00:00\",\"breadcrumb\":{\"@id\":\"https:\\\/\\\/carlosoconnor.es\\\/aos-en-pequenos-con-sindrome-de-down\\\/#breadcrumb\"},\"inLanguage\":\"en-GB\",\"potentialAction\":[{\"@type\":\"ReadAction\",\"target\":[\"https:\\\/\\\/carlosoconnor.es\\\/aos-en-pequenos-con-sindrome-de-down\\\/\"]}]},{\"@type\":\"ImageObject\",\"inLanguage\":\"en-GB\",\"@id\":\"https:\\\/\\\/carlosoconnor.es\\\/aos-en-pequenos-con-sindrome-de-down\\\/#primaryimage\",\"url\":\"https:\\\/\\\/carlosoconnor.es\\\/wp-content\\\/uploads\\\/2026\\\/08\\\/images-2026-08-31T082635.319.jpg\",\"contentUrl\":\"https:\\\/\\\/carlosoconnor.es\\\/wp-content\\\/uploads\\\/2026\\\/08\\\/images-2026-08-31T082635.319.jpg\"},{\"@type\":\"BreadcrumbList\",\"@id\":\"https:\\\/\\\/carlosoconnor.es\\\/aos-en-pequenos-con-sindrome-de-down\\\/#breadcrumb\",\"itemListElement\":[{\"@type\":\"ListItem\",\"position\":1,\"name\":\"Portada\",\"item\":\"https:\\\/\\\/carlosoconnor.es\\\/\"},{\"@type\":\"ListItem\",\"position\":2,\"name\":\"AOS en peque\u00f1os con S\u00edndrome de Down\"}]},{\"@type\":\"WebSite\",\"@id\":\"https:\\\/\\\/carlosoconnor.es\\\/#website\",\"url\":\"https:\\\/\\\/carlosoconnor.es\\\/\",\"name\":\"Carlos O&#039;Connor\",\"description\":\"Dr. Carlos O&#039;Connor Reina - Otorrinolaring\u00f3logo\",\"publisher\":{\"@id\":\"https:\\\/\\\/carlosoconnor.es\\\/#organization\"},\"potentialAction\":[{\"@type\":\"SearchAction\",\"target\":{\"@type\":\"EntryPoint\",\"urlTemplate\":\"https:\\\/\\\/carlosoconnor.es\\\/?s={search_term_string}\"},\"query-input\":{\"@type\":\"PropertyValueSpecification\",\"valueRequired\":true,\"valueName\":\"search_term_string\"}}],\"inLanguage\":\"en-GB\"},{\"@type\":\"Organization\",\"@id\":\"https:\\\/\\\/carlosoconnor.es\\\/#organization\",\"name\":\"Carlos O&#039;Connor\",\"url\":\"https:\\\/\\\/carlosoconnor.es\\\/\",\"logo\":{\"@type\":\"ImageObject\",\"inLanguage\":\"en-GB\",\"@id\":\"https:\\\/\\\/carlosoconnor.es\\\/#\\\/schema\\\/logo\\\/image\\\/\",\"url\":\"https:\\\/\\\/carlosoconnor.es\\\/wp-content\\\/uploads\\\/2025\\\/07\\\/cropped-logo-wide.png\",\"contentUrl\":\"https:\\\/\\\/carlosoconnor.es\\\/wp-content\\\/uploads\\\/2025\\\/07\\\/cropped-logo-wide.png\",\"width\":241,\"height\":50,\"caption\":\"Carlos O&#039;Connor\"},\"image\":{\"@id\":\"https:\\\/\\\/carlosoconnor.es\\\/#\\\/schema\\\/logo\\\/image\\\/\"}},{\"@type\":\"Person\",\"@id\":\"https:\\\/\\\/carlosoconnor.es\\\/#\\\/schema\\\/person\\\/c879dbc2b732eaa32429f50dfbd0a949\",\"name\":\"gestion\",\"sameAs\":[\"https:\\\/\\\/www.ycomieronperdices.net\\\/temp\\\/oconnor2025\"],\"url\":\"https:\\\/\\\/carlosoconnor.es\\\/en\\\/author\\\/gestion\\\/\"}]}<\/script>\n<!-- \/ Yoast SEO plugin. -->","yoast_head_json":{"title":"AOS en peque\u00f1os con S\u00edndrome de Down - Carlos O&#039;Connor","robots":{"index":"index","follow":"follow","max-snippet":"max-snippet:-1","max-image-preview":"max-image-preview:large","max-video-preview":"max-video-preview:-1"},"canonical":"https:\/\/carlosoconnor.es\/en\/aos-en-pequenos-con-sindrome-de-down\/","og_locale":"en_GB","og_type":"article","og_title":"AOS en peque\u00f1os con S\u00edndrome de Down - Carlos O&#039;Connor","og_description":"Provoca empat\u00eda e inter\u00e9s el trabajo que est\u00e1n realizando los Drs. Ronald D. Chervin y Fauziya Hassan en Michigan Medicine respecto a la apnea obstructiva del sue\u00f1o (AOS) en ni\u00f1os&hellip;","og_url":"https:\/\/carlosoconnor.es\/en\/aos-en-pequenos-con-sindrome-de-down\/","og_site_name":"Carlos O&#039;Connor","article_published_time":"2026-08-31T15:05:25+00:00","article_modified_time":"2026-08-31T15:05:27+00:00","og_image":[{"width":678,"height":452,"url":"https:\/\/carlosoconnor.es\/wp-content\/uploads\/2026\/08\/images-2026-08-31T082635.319.jpg","type":"image\/jpeg"}],"author":"gestion","twitter_card":"summary_large_image","twitter_misc":{"Written by":"gestion","Estimated reading time":"2 minutes"},"schema":{"@context":"https:\/\/schema.org","@graph":[{"@type":"Article","@id":"https:\/\/carlosoconnor.es\/aos-en-pequenos-con-sindrome-de-down\/#article","isPartOf":{"@id":"https:\/\/carlosoconnor.es\/aos-en-pequenos-con-sindrome-de-down\/"},"author":{"name":"gestion","@id":"https:\/\/carlosoconnor.es\/#\/schema\/person\/c879dbc2b732eaa32429f50dfbd0a949"},"headline":"AOS en peque\u00f1os con S\u00edndrome de Down","datePublished":"2026-08-31T15:05:25+00:00","dateModified":"2026-08-31T15:05:27+00:00","mainEntityOfPage":{"@id":"https:\/\/carlosoconnor.es\/aos-en-pequenos-con-sindrome-de-down\/"},"wordCount":229,"commentCount":0,"publisher":{"@id":"https:\/\/carlosoconnor.es\/#organization"},"image":{"@id":"https:\/\/carlosoconnor.es\/aos-en-pequenos-con-sindrome-de-down\/#primaryimage"},"thumbnailUrl":"https:\/\/carlosoconnor.es\/wp-content\/uploads\/2026\/08\/images-2026-08-31T082635.319.jpg","articleSection":["Uncategorized"],"inLanguage":"en-GB","potentialAction":[{"@type":"CommentAction","name":"Comment","target":["https:\/\/carlosoconnor.es\/aos-en-pequenos-con-sindrome-de-down\/#respond"]}]},{"@type":"WebPage","@id":"https:\/\/carlosoconnor.es\/aos-en-pequenos-con-sindrome-de-down\/","url":"https:\/\/carlosoconnor.es\/aos-en-pequenos-con-sindrome-de-down\/","name":"AOS en peque\u00f1os con S\u00edndrome de Down - Carlos O&#039;Connor","isPartOf":{"@id":"https:\/\/carlosoconnor.es\/#website"},"primaryImageOfPage":{"@id":"https:\/\/carlosoconnor.es\/aos-en-pequenos-con-sindrome-de-down\/#primaryimage"},"image":{"@id":"https:\/\/carlosoconnor.es\/aos-en-pequenos-con-sindrome-de-down\/#primaryimage"},"thumbnailUrl":"https:\/\/carlosoconnor.es\/wp-content\/uploads\/2026\/08\/images-2026-08-31T082635.319.jpg","datePublished":"2026-08-31T15:05:25+00:00","dateModified":"2026-08-31T15:05:27+00:00","breadcrumb":{"@id":"https:\/\/carlosoconnor.es\/aos-en-pequenos-con-sindrome-de-down\/#breadcrumb"},"inLanguage":"en-GB","potentialAction":[{"@type":"ReadAction","target":["https:\/\/carlosoconnor.es\/aos-en-pequenos-con-sindrome-de-down\/"]}]},{"@type":"ImageObject","inLanguage":"en-GB","@id":"https:\/\/carlosoconnor.es\/aos-en-pequenos-con-sindrome-de-down\/#primaryimage","url":"https:\/\/carlosoconnor.es\/wp-content\/uploads\/2026\/08\/images-2026-08-31T082635.319.jpg","contentUrl":"https:\/\/carlosoconnor.es\/wp-content\/uploads\/2026\/08\/images-2026-08-31T082635.319.jpg"},{"@type":"BreadcrumbList","@id":"https:\/\/carlosoconnor.es\/aos-en-pequenos-con-sindrome-de-down\/#breadcrumb","itemListElement":[{"@type":"ListItem","position":1,"name":"Portada","item":"https:\/\/carlosoconnor.es\/"},{"@type":"ListItem","position":2,"name":"AOS en peque\u00f1os con S\u00edndrome de Down"}]},{"@type":"WebSite","@id":"https:\/\/carlosoconnor.es\/#website","url":"https:\/\/carlosoconnor.es\/","name":"Carlos O&#039;Connor","description":"Dr. Carlos O&#039;Connor Reina - Otorrinolaring\u00f3logo","publisher":{"@id":"https:\/\/carlosoconnor.es\/#organization"},"potentialAction":[{"@type":"SearchAction","target":{"@type":"EntryPoint","urlTemplate":"https:\/\/carlosoconnor.es\/?s={search_term_string}"},"query-input":{"@type":"PropertyValueSpecification","valueRequired":true,"valueName":"search_term_string"}}],"inLanguage":"en-GB"},{"@type":"Organization","@id":"https:\/\/carlosoconnor.es\/#organization","name":"Carlos O&#039;Connor","url":"https:\/\/carlosoconnor.es\/","logo":{"@type":"ImageObject","inLanguage":"en-GB","@id":"https:\/\/carlosoconnor.es\/#\/schema\/logo\/image\/","url":"https:\/\/carlosoconnor.es\/wp-content\/uploads\/2025\/07\/cropped-logo-wide.png","contentUrl":"https:\/\/carlosoconnor.es\/wp-content\/uploads\/2025\/07\/cropped-logo-wide.png","width":241,"height":50,"caption":"Carlos O&#039;Connor"},"image":{"@id":"https:\/\/carlosoconnor.es\/#\/schema\/logo\/image\/"}},{"@type":"Person","@id":"https:\/\/carlosoconnor.es\/#\/schema\/person\/c879dbc2b732eaa32429f50dfbd0a949","name":"gestion","sameAs":["https:\/\/www.ycomieronperdices.net\/temp\/oconnor2025"],"url":"https:\/\/carlosoconnor.es\/en\/author\/gestion\/"}]}},"_links":{"self":[{"href":"https:\/\/carlosoconnor.es\/en\/wp-json\/wp\/v2\/posts\/64131","targetHints":{"allow":["GET"]}}],"collection":[{"href":"https:\/\/carlosoconnor.es\/en\/wp-json\/wp\/v2\/posts"}],"about":[{"href":"https:\/\/carlosoconnor.es\/en\/wp-json\/wp\/v2\/types\/post"}],"author":[{"embeddable":true,"href":"https:\/\/carlosoconnor.es\/en\/wp-json\/wp\/v2\/users\/1"}],"replies":[{"embeddable":true,"href":"https:\/\/carlosoconnor.es\/en\/wp-json\/wp\/v2\/comments?post=64131"}],"version-history":[{"count":1,"href":"https:\/\/carlosoconnor.es\/en\/wp-json\/wp\/v2\/posts\/64131\/revisions"}],"predecessor-version":[{"id":64133,"href":"https:\/\/carlosoconnor.es\/en\/wp-json\/wp\/v2\/posts\/64131\/revisions\/64133"}],"wp:attachment":[{"href":"https:\/\/carlosoconnor.es\/en\/wp-json\/wp\/v2\/media?parent=64131"}],"wp:term":[{"taxonomy":"category","embeddable":true,"href":"https:\/\/carlosoconnor.es\/en\/wp-json\/wp\/v2\/categories?post=64131"},{"taxonomy":"post_tag","embeddable":true,"href":"https:\/\/carlosoconnor.es\/en\/wp-json\/wp\/v2\/tags?post=64131"}],"curies":[{"name":"wp","href":"https:\/\/api.w.org\/{rel}","templated":true}]}}