{"id":64128,"date":"2026-08-31T16:56:58","date_gmt":"2026-08-31T14:56:58","guid":{"rendered":"https:\/\/carlosoconnor.es\/?p=64128"},"modified":"2026-08-31T16:57:02","modified_gmt":"2026-08-31T14:57:02","slug":"criterios-de-diagnostico-y-tratamiento-de-la-aos-infantil","status":"publish","type":"post","link":"https:\/\/carlosoconnor.es\/en\/criterios-de-diagnostico-y-tratamiento-de-la-aos-infantil\/","title":{"rendered":"Criterios de diagn\u00f3stico y tratamiento de la AOS infantil"},"content":{"rendered":"<p class=\"wp-block-paragraph\">La apnea obstructiva del sue\u00f1o (AOS) se manifiesta de formas radicalmente distintas seg\u00fan la edad del paciente. En los adultos, la AOS suele presentarse con el patr\u00f3n cl\u00e1sico de ronquido estruendoso, pausas respiratorias evidentes y somnolencia diurna profunda. En cambio, en los ni\u00f1os el cuadro suele camuflarse tras alteraciones de la conducta, hiperactividad, d\u00e9ficit de atenci\u00f3n o bajo rendimiento escolar, a menudo originado por la hipertrofia de am\u00edgdalas y adenoides o alteraciones craneofaciales. Reconocer que la fisiolog\u00eda pedi\u00e1trica requiere criterios diagn\u00f3sticos espec\u00edficos \u2014capaces de detectar colapsos breves desde apenas dos respiraciones\u2014 es fundamental para no pasar por alto un problema que afecta directamente al desarrollo f\u00edsico y cognitivo infantil. Frente a estas diferencias estructurales, el abordaje terap\u00e9utico tambi\u00e9n debe ser totalmente personalizado.<\/p>\n\n\n\n<p class=\"wp-block-paragraph\">Enlace de referencia: https:\/\/sleepandsinuscenters.com\/blog\/pediatric-vs-adult-obstructive-sleep-apnea-key-dif-20260808221242<\/p>\n\n\n\n<p class=\"wp-block-paragraph\">#ApneaDelSue\u00f1o #MedicinaDelSue\u00f1o #Otorrinolaringologia #TerapiaMiofuncional #AOSPediatrica #SaludDelSue\u00f1o #DesarrolloInfantil #Sue\u00f1oReparador #SaludRespiratoria #CalidadDeVida<\/p>\n\n\n\n<figure class=\"wp-block-image size-full\"><img fetchpriority=\"high\" decoding=\"async\" width=\"738\" height=\"384\" src=\"https:\/\/carlosoconnor.es\/wp-content\/uploads\/2026\/08\/images-2026-08-31T080844.089.jpg\" alt=\"images 2026 08 31T080844.089\" class=\"wp-image-64129\" srcset=\"https:\/\/carlosoconnor.es\/wp-content\/uploads\/2026\/08\/images-2026-08-31T080844.089.jpg 738w, https:\/\/carlosoconnor.es\/wp-content\/uploads\/2026\/08\/images-2026-08-31T080844.089-18x9.jpg 18w, https:\/\/carlosoconnor.es\/wp-content\/uploads\/2026\/08\/images-2026-08-31T080844.089-369x192.jpg 369w, https:\/\/carlosoconnor.es\/wp-content\/uploads\/2026\/08\/images-2026-08-31T080844.089-300x156.jpg 300w, https:\/\/carlosoconnor.es\/wp-content\/uploads\/2026\/08\/images-2026-08-31T080844.089-409x213.jpg 409w, https:\/\/carlosoconnor.es\/wp-content\/uploads\/2026\/08\/images-2026-08-31T080844.089-600x312.jpg 600w\" sizes=\"(max-width: 738px) 100vw, 738px\" \/><figcaption class=\"wp-element-caption\">images 2026 08 31T080844.089<\/figcaption><\/figure>","protected":false},"excerpt":{"rendered":"<p>La apnea obstructiva del sue\u00f1o (AOS) se manifiesta de formas radicalmente distintas seg\u00fan la edad del paciente. En los adultos, la AOS suele presentarse con el patr\u00f3n cl\u00e1sico de ronquido&hellip;<\/p>","protected":false},"author":1,"featured_media":0,"comment_status":"open","ping_status":"open","sticky":false,"template":"","format":"standard","meta":{"footnotes":""},"categories":[1],"tags":[],"class_list":["post-64128","post","type-post","status-publish","format-standard","hentry","category-uncategorized"],"yoast_head":"<!-- This site is optimized with the Yoast SEO plugin v28.2 - https:\/\/yoast.com\/product\/yoast-seo-wordpress\/ -->\n<title>Criterios de diagn\u00f3stico y tratamiento de la AOS infantil - Carlos O&#039;Connor<\/title>\n<meta name=\"robots\" content=\"index, follow, max-snippet:-1, max-image-preview:large, max-video-preview:-1\" \/>\n<link rel=\"canonical\" href=\"https:\/\/carlosoconnor.es\/en\/criterios-de-diagnostico-y-tratamiento-de-la-aos-infantil\/\" \/>\n<meta property=\"og:locale\" content=\"en_GB\" \/>\n<meta property=\"og:type\" content=\"article\" \/>\n<meta property=\"og:title\" content=\"Criterios de diagn\u00f3stico y tratamiento de la AOS infantil - Carlos O&#039;Connor\" \/>\n<meta property=\"og:description\" content=\"La apnea obstructiva del sue\u00f1o (AOS) se manifiesta de formas radicalmente distintas seg\u00fan la edad del paciente. En los adultos, la AOS suele presentarse con el patr\u00f3n cl\u00e1sico de ronquido&hellip;\" \/>\n<meta property=\"og:url\" content=\"https:\/\/carlosoconnor.es\/en\/criterios-de-diagnostico-y-tratamiento-de-la-aos-infantil\/\" \/>\n<meta property=\"og:site_name\" content=\"Carlos O&#039;Connor\" \/>\n<meta property=\"article:published_time\" content=\"2026-08-31T14:56:58+00:00\" \/>\n<meta property=\"article:modified_time\" content=\"2026-08-31T14:57:02+00:00\" \/>\n<meta property=\"og:image\" content=\"https:\/\/carlosoconnor.es\/wp-content\/uploads\/2026\/08\/images-2026-08-31T080844.089.jpg\" \/>\n\t<meta property=\"og:image:width\" content=\"738\" \/>\n\t<meta property=\"og:image:height\" content=\"384\" \/>\n\t<meta property=\"og:image:type\" content=\"image\/jpeg\" \/>\n<meta name=\"author\" content=\"gestion\" \/>\n<meta name=\"twitter:card\" content=\"summary_large_image\" \/>\n<meta name=\"twitter:label1\" content=\"Written by\" \/>\n\t<meta name=\"twitter:data1\" content=\"gestion\" \/>\n\t<meta name=\"twitter:label2\" content=\"Estimated reading time\" \/>\n\t<meta name=\"twitter:data2\" content=\"1 minute\" \/>\n<script type=\"application\/ld+json\" class=\"yoast-schema-graph\">{\"@context\":\"https:\\\/\\\/schema.org\",\"@graph\":[{\"@type\":\"Article\",\"@id\":\"https:\\\/\\\/carlosoconnor.es\\\/criterios-de-diagnostico-y-tratamiento-de-la-aos-infantil\\\/#article\",\"isPartOf\":{\"@id\":\"https:\\\/\\\/carlosoconnor.es\\\/criterios-de-diagnostico-y-tratamiento-de-la-aos-infantil\\\/\"},\"author\":{\"name\":\"gestion\",\"@id\":\"https:\\\/\\\/carlosoconnor.es\\\/#\\\/schema\\\/person\\\/c879dbc2b732eaa32429f50dfbd0a949\"},\"headline\":\"Criterios de diagn\u00f3stico y tratamiento de la AOS infantil\",\"datePublished\":\"2026-08-31T14:56:58+00:00\",\"dateModified\":\"2026-08-31T14:57:02+00:00\",\"mainEntityOfPage\":{\"@id\":\"https:\\\/\\\/carlosoconnor.es\\\/criterios-de-diagnostico-y-tratamiento-de-la-aos-infantil\\\/\"},\"wordCount\":171,\"commentCount\":0,\"publisher\":{\"@id\":\"https:\\\/\\\/carlosoconnor.es\\\/#organization\"},\"image\":{\"@id\":\"https:\\\/\\\/carlosoconnor.es\\\/criterios-de-diagnostico-y-tratamiento-de-la-aos-infantil\\\/#primaryimage\"},\"thumbnailUrl\":\"https:\\\/\\\/carlosoconnor.es\\\/wp-content\\\/uploads\\\/2026\\\/08\\\/images-2026-08-31T080844.089.jpg\",\"articleSection\":[\"Uncategorized\"],\"inLanguage\":\"en-GB\",\"potentialAction\":[{\"@type\":\"CommentAction\",\"name\":\"Comment\",\"target\":[\"https:\\\/\\\/carlosoconnor.es\\\/criterios-de-diagnostico-y-tratamiento-de-la-aos-infantil\\\/#respond\"]}]},{\"@type\":\"WebPage\",\"@id\":\"https:\\\/\\\/carlosoconnor.es\\\/criterios-de-diagnostico-y-tratamiento-de-la-aos-infantil\\\/\",\"url\":\"https:\\\/\\\/carlosoconnor.es\\\/criterios-de-diagnostico-y-tratamiento-de-la-aos-infantil\\\/\",\"name\":\"Criterios de diagn\u00f3stico y tratamiento de la AOS infantil - Carlos O&#039;Connor\",\"isPartOf\":{\"@id\":\"https:\\\/\\\/carlosoconnor.es\\\/#website\"},\"primaryImageOfPage\":{\"@id\":\"https:\\\/\\\/carlosoconnor.es\\\/criterios-de-diagnostico-y-tratamiento-de-la-aos-infantil\\\/#primaryimage\"},\"image\":{\"@id\":\"https:\\\/\\\/carlosoconnor.es\\\/criterios-de-diagnostico-y-tratamiento-de-la-aos-infantil\\\/#primaryimage\"},\"thumbnailUrl\":\"https:\\\/\\\/carlosoconnor.es\\\/wp-content\\\/uploads\\\/2026\\\/08\\\/images-2026-08-31T080844.089.jpg\",\"datePublished\":\"2026-08-31T14:56:58+00:00\",\"dateModified\":\"2026-08-31T14:57:02+00:00\",\"breadcrumb\":{\"@id\":\"https:\\\/\\\/carlosoconnor.es\\\/criterios-de-diagnostico-y-tratamiento-de-la-aos-infantil\\\/#breadcrumb\"},\"inLanguage\":\"en-GB\",\"potentialAction\":[{\"@type\":\"ReadAction\",\"target\":[\"https:\\\/\\\/carlosoconnor.es\\\/criterios-de-diagnostico-y-tratamiento-de-la-aos-infantil\\\/\"]}]},{\"@type\":\"ImageObject\",\"inLanguage\":\"en-GB\",\"@id\":\"https:\\\/\\\/carlosoconnor.es\\\/criterios-de-diagnostico-y-tratamiento-de-la-aos-infantil\\\/#primaryimage\",\"url\":\"https:\\\/\\\/carlosoconnor.es\\\/wp-content\\\/uploads\\\/2026\\\/08\\\/images-2026-08-31T080844.089.jpg\",\"contentUrl\":\"https:\\\/\\\/carlosoconnor.es\\\/wp-content\\\/uploads\\\/2026\\\/08\\\/images-2026-08-31T080844.089.jpg\"},{\"@type\":\"BreadcrumbList\",\"@id\":\"https:\\\/\\\/carlosoconnor.es\\\/criterios-de-diagnostico-y-tratamiento-de-la-aos-infantil\\\/#breadcrumb\",\"itemListElement\":[{\"@type\":\"ListItem\",\"position\":1,\"name\":\"Portada\",\"item\":\"https:\\\/\\\/carlosoconnor.es\\\/\"},{\"@type\":\"ListItem\",\"position\":2,\"name\":\"Criterios de diagn\u00f3stico y tratamiento de la AOS infantil\"}]},{\"@type\":\"WebSite\",\"@id\":\"https:\\\/\\\/carlosoconnor.es\\\/#website\",\"url\":\"https:\\\/\\\/carlosoconnor.es\\\/\",\"name\":\"Carlos O&#039;Connor\",\"description\":\"Dr. Carlos O&#039;Connor Reina - Otorrinolaring\u00f3logo\",\"publisher\":{\"@id\":\"https:\\\/\\\/carlosoconnor.es\\\/#organization\"},\"potentialAction\":[{\"@type\":\"SearchAction\",\"target\":{\"@type\":\"EntryPoint\",\"urlTemplate\":\"https:\\\/\\\/carlosoconnor.es\\\/?s={search_term_string}\"},\"query-input\":{\"@type\":\"PropertyValueSpecification\",\"valueRequired\":true,\"valueName\":\"search_term_string\"}}],\"inLanguage\":\"en-GB\"},{\"@type\":\"Organization\",\"@id\":\"https:\\\/\\\/carlosoconnor.es\\\/#organization\",\"name\":\"Carlos O&#039;Connor\",\"url\":\"https:\\\/\\\/carlosoconnor.es\\\/\",\"logo\":{\"@type\":\"ImageObject\",\"inLanguage\":\"en-GB\",\"@id\":\"https:\\\/\\\/carlosoconnor.es\\\/#\\\/schema\\\/logo\\\/image\\\/\",\"url\":\"https:\\\/\\\/carlosoconnor.es\\\/wp-content\\\/uploads\\\/2025\\\/07\\\/cropped-logo-wide.png\",\"contentUrl\":\"https:\\\/\\\/carlosoconnor.es\\\/wp-content\\\/uploads\\\/2025\\\/07\\\/cropped-logo-wide.png\",\"width\":241,\"height\":50,\"caption\":\"Carlos O&#039;Connor\"},\"image\":{\"@id\":\"https:\\\/\\\/carlosoconnor.es\\\/#\\\/schema\\\/logo\\\/image\\\/\"}},{\"@type\":\"Person\",\"@id\":\"https:\\\/\\\/carlosoconnor.es\\\/#\\\/schema\\\/person\\\/c879dbc2b732eaa32429f50dfbd0a949\",\"name\":\"gestion\",\"sameAs\":[\"https:\\\/\\\/www.ycomieronperdices.net\\\/temp\\\/oconnor2025\"],\"url\":\"https:\\\/\\\/carlosoconnor.es\\\/en\\\/author\\\/gestion\\\/\"}]}<\/script>\n<!-- \/ Yoast SEO plugin. -->","yoast_head_json":{"title":"Criterios de diagn\u00f3stico y tratamiento de la AOS infantil - Carlos O&#039;Connor","robots":{"index":"index","follow":"follow","max-snippet":"max-snippet:-1","max-image-preview":"max-image-preview:large","max-video-preview":"max-video-preview:-1"},"canonical":"https:\/\/carlosoconnor.es\/en\/criterios-de-diagnostico-y-tratamiento-de-la-aos-infantil\/","og_locale":"en_GB","og_type":"article","og_title":"Criterios de diagn\u00f3stico y tratamiento de la AOS infantil - Carlos O&#039;Connor","og_description":"La apnea obstructiva del sue\u00f1o (AOS) se manifiesta de formas radicalmente distintas seg\u00fan la edad del paciente. En los adultos, la AOS suele presentarse con el patr\u00f3n cl\u00e1sico de ronquido&hellip;","og_url":"https:\/\/carlosoconnor.es\/en\/criterios-de-diagnostico-y-tratamiento-de-la-aos-infantil\/","og_site_name":"Carlos O&#039;Connor","article_published_time":"2026-08-31T14:56:58+00:00","article_modified_time":"2026-08-31T14:57:02+00:00","og_image":[{"width":738,"height":384,"url":"https:\/\/carlosoconnor.es\/wp-content\/uploads\/2026\/08\/images-2026-08-31T080844.089.jpg","type":"image\/jpeg"}],"author":"gestion","twitter_card":"summary_large_image","twitter_misc":{"Written by":"gestion","Estimated reading time":"1 minute"},"schema":{"@context":"https:\/\/schema.org","@graph":[{"@type":"Article","@id":"https:\/\/carlosoconnor.es\/criterios-de-diagnostico-y-tratamiento-de-la-aos-infantil\/#article","isPartOf":{"@id":"https:\/\/carlosoconnor.es\/criterios-de-diagnostico-y-tratamiento-de-la-aos-infantil\/"},"author":{"name":"gestion","@id":"https:\/\/carlosoconnor.es\/#\/schema\/person\/c879dbc2b732eaa32429f50dfbd0a949"},"headline":"Criterios de diagn\u00f3stico y tratamiento de la AOS infantil","datePublished":"2026-08-31T14:56:58+00:00","dateModified":"2026-08-31T14:57:02+00:00","mainEntityOfPage":{"@id":"https:\/\/carlosoconnor.es\/criterios-de-diagnostico-y-tratamiento-de-la-aos-infantil\/"},"wordCount":171,"commentCount":0,"publisher":{"@id":"https:\/\/carlosoconnor.es\/#organization"},"image":{"@id":"https:\/\/carlosoconnor.es\/criterios-de-diagnostico-y-tratamiento-de-la-aos-infantil\/#primaryimage"},"thumbnailUrl":"https:\/\/carlosoconnor.es\/wp-content\/uploads\/2026\/08\/images-2026-08-31T080844.089.jpg","articleSection":["Uncategorized"],"inLanguage":"en-GB","potentialAction":[{"@type":"CommentAction","name":"Comment","target":["https:\/\/carlosoconnor.es\/criterios-de-diagnostico-y-tratamiento-de-la-aos-infantil\/#respond"]}]},{"@type":"WebPage","@id":"https:\/\/carlosoconnor.es\/criterios-de-diagnostico-y-tratamiento-de-la-aos-infantil\/","url":"https:\/\/carlosoconnor.es\/criterios-de-diagnostico-y-tratamiento-de-la-aos-infantil\/","name":"Criterios de diagn\u00f3stico y tratamiento de la AOS infantil - Carlos O&#039;Connor","isPartOf":{"@id":"https:\/\/carlosoconnor.es\/#website"},"primaryImageOfPage":{"@id":"https:\/\/carlosoconnor.es\/criterios-de-diagnostico-y-tratamiento-de-la-aos-infantil\/#primaryimage"},"image":{"@id":"https:\/\/carlosoconnor.es\/criterios-de-diagnostico-y-tratamiento-de-la-aos-infantil\/#primaryimage"},"thumbnailUrl":"https:\/\/carlosoconnor.es\/wp-content\/uploads\/2026\/08\/images-2026-08-31T080844.089.jpg","datePublished":"2026-08-31T14:56:58+00:00","dateModified":"2026-08-31T14:57:02+00:00","breadcrumb":{"@id":"https:\/\/carlosoconnor.es\/criterios-de-diagnostico-y-tratamiento-de-la-aos-infantil\/#breadcrumb"},"inLanguage":"en-GB","potentialAction":[{"@type":"ReadAction","target":["https:\/\/carlosoconnor.es\/criterios-de-diagnostico-y-tratamiento-de-la-aos-infantil\/"]}]},{"@type":"ImageObject","inLanguage":"en-GB","@id":"https:\/\/carlosoconnor.es\/criterios-de-diagnostico-y-tratamiento-de-la-aos-infantil\/#primaryimage","url":"https:\/\/carlosoconnor.es\/wp-content\/uploads\/2026\/08\/images-2026-08-31T080844.089.jpg","contentUrl":"https:\/\/carlosoconnor.es\/wp-content\/uploads\/2026\/08\/images-2026-08-31T080844.089.jpg"},{"@type":"BreadcrumbList","@id":"https:\/\/carlosoconnor.es\/criterios-de-diagnostico-y-tratamiento-de-la-aos-infantil\/#breadcrumb","itemListElement":[{"@type":"ListItem","position":1,"name":"Portada","item":"https:\/\/carlosoconnor.es\/"},{"@type":"ListItem","position":2,"name":"Criterios de diagn\u00f3stico y tratamiento de la AOS infantil"}]},{"@type":"WebSite","@id":"https:\/\/carlosoconnor.es\/#website","url":"https:\/\/carlosoconnor.es\/","name":"Carlos O&#039;Connor","description":"Dr. Carlos O&#039;Connor Reina - Otorrinolaring\u00f3logo","publisher":{"@id":"https:\/\/carlosoconnor.es\/#organization"},"potentialAction":[{"@type":"SearchAction","target":{"@type":"EntryPoint","urlTemplate":"https:\/\/carlosoconnor.es\/?s={search_term_string}"},"query-input":{"@type":"PropertyValueSpecification","valueRequired":true,"valueName":"search_term_string"}}],"inLanguage":"en-GB"},{"@type":"Organization","@id":"https:\/\/carlosoconnor.es\/#organization","name":"Carlos O&#039;Connor","url":"https:\/\/carlosoconnor.es\/","logo":{"@type":"ImageObject","inLanguage":"en-GB","@id":"https:\/\/carlosoconnor.es\/#\/schema\/logo\/image\/","url":"https:\/\/carlosoconnor.es\/wp-content\/uploads\/2025\/07\/cropped-logo-wide.png","contentUrl":"https:\/\/carlosoconnor.es\/wp-content\/uploads\/2025\/07\/cropped-logo-wide.png","width":241,"height":50,"caption":"Carlos O&#039;Connor"},"image":{"@id":"https:\/\/carlosoconnor.es\/#\/schema\/logo\/image\/"}},{"@type":"Person","@id":"https:\/\/carlosoconnor.es\/#\/schema\/person\/c879dbc2b732eaa32429f50dfbd0a949","name":"gestion","sameAs":["https:\/\/www.ycomieronperdices.net\/temp\/oconnor2025"],"url":"https:\/\/carlosoconnor.es\/en\/author\/gestion\/"}]}},"_links":{"self":[{"href":"https:\/\/carlosoconnor.es\/en\/wp-json\/wp\/v2\/posts\/64128","targetHints":{"allow":["GET"]}}],"collection":[{"href":"https:\/\/carlosoconnor.es\/en\/wp-json\/wp\/v2\/posts"}],"about":[{"href":"https:\/\/carlosoconnor.es\/en\/wp-json\/wp\/v2\/types\/post"}],"author":[{"embeddable":true,"href":"https:\/\/carlosoconnor.es\/en\/wp-json\/wp\/v2\/users\/1"}],"replies":[{"embeddable":true,"href":"https:\/\/carlosoconnor.es\/en\/wp-json\/wp\/v2\/comments?post=64128"}],"version-history":[{"count":1,"href":"https:\/\/carlosoconnor.es\/en\/wp-json\/wp\/v2\/posts\/64128\/revisions"}],"predecessor-version":[{"id":64130,"href":"https:\/\/carlosoconnor.es\/en\/wp-json\/wp\/v2\/posts\/64128\/revisions\/64130"}],"wp:attachment":[{"href":"https:\/\/carlosoconnor.es\/en\/wp-json\/wp\/v2\/media?parent=64128"}],"wp:term":[{"taxonomy":"category","embeddable":true,"href":"https:\/\/carlosoconnor.es\/en\/wp-json\/wp\/v2\/categories?post=64128"},{"taxonomy":"post_tag","embeddable":true,"href":"https:\/\/carlosoconnor.es\/en\/wp-json\/wp\/v2\/tags?post=64128"}],"curies":[{"name":"wp","href":"https:\/\/api.w.org\/{rel}","templated":true}]}}