{"id":64059,"date":"2026-08-10T17:29:35","date_gmt":"2026-08-10T15:29:35","guid":{"rendered":"https:\/\/carlosoconnor.es\/?p=64059"},"modified":"2026-08-10T17:29:37","modified_gmt":"2026-08-10T15:29:37","slug":"un-tratamiento-adecuado-de-la-aos-el-reto-de-una-vision-anatomica-y-dinamica-de-la-via-aerea","status":"publish","type":"post","link":"https:\/\/carlosoconnor.es\/en\/un-tratamiento-adecuado-de-la-aos-el-reto-de-una-vision-anatomica-y-dinamica-de-la-via-aerea\/","title":{"rendered":"Un tratamiento adecuado de la AOS: el reto de una visi\u00f3n anat\u00f3mica y din\u00e1mica de la v\u00eda a\u00e9rea"},"content":{"rendered":"<p class=\"wp-block-paragraph\">Mientras que la polisomnograf\u00eda tradicional nos indica cu\u00e1ntas apneas suceden y su gravedad, la somnoscopia inducida por f\u00e1rmaco(DISE) nos permite observar en tiempo real, bajo una sedaci\u00f3n ligera que simula el sue\u00f1o natural, d\u00f3nde y c\u00f3mo colapsa la v\u00eda a\u00e9rea superior. Saber si la obstrucci\u00f3n es velar, lingual, amigdalina o combinada marca una diferencia abismal para dejar atr\u00e1s los abordajes a ciegas y seleccionar la mejor estrategia para cada paciente, especialmente en aquellos que no toleran la CPAP.<\/p>\n\n\n\n<p class=\"wp-block-paragraph\">Esta visi\u00f3n anat\u00f3mica y din\u00e1mica conecta directamente con nuestra filosof\u00eda de trabajo: entender la arquitectura y la funcionalidad de la v\u00eda a\u00e9rea para ofrecer un tratamiento a la medida. Identificar el sitio exacto del colapso no solo facilita decisiones sobre cirug\u00eda o dispositivos de avance mandibular, sino que nos da la hoja de ruta precisa para prescribir terapia miofuncional enfocada en rehabilitar los grupos musculares orofaciales espec\u00edficos que est\u00e1n fallando. La colaboraci\u00f3n multidisciplinar entre otorrinolaring\u00f3logos, neum\u00f3logos e intensivistas es el camino para devolver a nuestros pacientes un descanso repararador y proteger su salud cardiovascular a largo plazo.<\/p>\n\n\n\n<p class=\"wp-block-paragraph\">Enlace de referencia: <a href=\"https:\/\/www.vocesdecuenca.com\/sin-categoria\/la-apnea-obstructiva-del-sueno-mas-frecuente-en-hombres-con-sobrepeso-y-en-mujeres-tras-la-menopausia\/\">https:\/\/www.vocesdecuenca.com\/sin-categoria\/la-apnea-obstructiva-del-sueno-mas-frecuente-en-hombres-con-sobrepeso-y-en-mujeres-tras-la-menopausia\/<\/a><\/p>\n\n\n\n<p class=\"wp-block-paragraph\">#MedicinaDelSue\u00f1o #ApneaDelSue\u00f1o #Somnoscopia #DISE #TerapiaMiofuncional #Otorrinolaringolog\u00eda #V\u00edaA\u00e9reaSuperior #SaludRespiratoria<\/p>\n\n\n\n<figure class=\"wp-block-image size-full\"><img fetchpriority=\"high\" decoding=\"async\" width=\"678\" height=\"452\" src=\"https:\/\/carlosoconnor.es\/wp-content\/uploads\/2026\/08\/images-2026-08-10T102741.082.jpg\" alt=\"images 2026 08 10T102741.082\" class=\"wp-image-64060\" srcset=\"https:\/\/carlosoconnor.es\/wp-content\/uploads\/2026\/08\/images-2026-08-10T102741.082.jpg 678w, https:\/\/carlosoconnor.es\/wp-content\/uploads\/2026\/08\/images-2026-08-10T102741.082-300x200.jpg 300w, https:\/\/carlosoconnor.es\/wp-content\/uploads\/2026\/08\/images-2026-08-10T102741.082-18x12.jpg 18w, https:\/\/carlosoconnor.es\/wp-content\/uploads\/2026\/08\/images-2026-08-10T102741.082-370x247.jpg 370w, https:\/\/carlosoconnor.es\/wp-content\/uploads\/2026\/08\/images-2026-08-10T102741.082-410x273.jpg 410w, https:\/\/carlosoconnor.es\/wp-content\/uploads\/2026\/08\/images-2026-08-10T102741.082-600x400.jpg 600w\" sizes=\"(max-width: 678px) 100vw, 678px\" \/><figcaption class=\"wp-element-caption\">images 2026 08 10T102741.082<\/figcaption><\/figure>","protected":false},"excerpt":{"rendered":"<p>Mientras que la polisomnograf\u00eda tradicional nos indica cu\u00e1ntas apneas suceden y su gravedad, la somnoscopia inducida por f\u00e1rmaco(DISE) nos permite observar en tiempo real, bajo una sedaci\u00f3n ligera que simula&hellip;<\/p>","protected":false},"author":1,"featured_media":0,"comment_status":"open","ping_status":"open","sticky":false,"template":"","format":"standard","meta":{"footnotes":""},"categories":[1],"tags":[],"class_list":["post-64059","post","type-post","status-publish","format-standard","hentry","category-uncategorized"],"yoast_head":"<!-- This site is optimized with the Yoast SEO plugin v28.2 - https:\/\/yoast.com\/product\/yoast-seo-wordpress\/ -->\n<title>Un tratamiento adecuado de la AOS: el reto de una visi\u00f3n anat\u00f3mica y din\u00e1mica de la v\u00eda a\u00e9rea - Carlos O&#039;Connor<\/title>\n<meta name=\"robots\" content=\"index, follow, max-snippet:-1, max-image-preview:large, max-video-preview:-1\" \/>\n<link rel=\"canonical\" href=\"https:\/\/carlosoconnor.es\/en\/un-tratamiento-adecuado-de-la-aos-el-reto-de-una-vision-anatomica-y-dinamica-de-la-via-aerea\/\" \/>\n<meta property=\"og:locale\" content=\"en_GB\" \/>\n<meta property=\"og:type\" content=\"article\" \/>\n<meta property=\"og:title\" content=\"Un tratamiento adecuado de la AOS: el reto de una visi\u00f3n anat\u00f3mica y din\u00e1mica de la v\u00eda a\u00e9rea - Carlos O&#039;Connor\" \/>\n<meta property=\"og:description\" content=\"Mientras que la polisomnograf\u00eda tradicional nos indica cu\u00e1ntas apneas suceden y su gravedad, la somnoscopia inducida por f\u00e1rmaco(DISE) nos permite observar en tiempo real, bajo una sedaci\u00f3n ligera que simula&hellip;\" \/>\n<meta property=\"og:url\" content=\"https:\/\/carlosoconnor.es\/en\/un-tratamiento-adecuado-de-la-aos-el-reto-de-una-vision-anatomica-y-dinamica-de-la-via-aerea\/\" \/>\n<meta property=\"og:site_name\" content=\"Carlos O&#039;Connor\" \/>\n<meta property=\"article:published_time\" content=\"2026-08-10T15:29:35+00:00\" \/>\n<meta property=\"article:modified_time\" content=\"2026-08-10T15:29:37+00:00\" \/>\n<meta property=\"og:image\" content=\"https:\/\/carlosoconnor.es\/wp-content\/uploads\/2026\/08\/images-2026-08-10T102741.082.jpg\" \/>\n\t<meta property=\"og:image:width\" content=\"678\" \/>\n\t<meta property=\"og:image:height\" content=\"452\" \/>\n\t<meta property=\"og:image:type\" content=\"image\/jpeg\" \/>\n<meta name=\"author\" content=\"gestion\" \/>\n<meta name=\"twitter:card\" content=\"summary_large_image\" \/>\n<meta name=\"twitter:label1\" content=\"Written by\" \/>\n\t<meta name=\"twitter:data1\" content=\"gestion\" \/>\n\t<meta name=\"twitter:label2\" content=\"Estimated reading time\" \/>\n\t<meta name=\"twitter:data2\" content=\"2 minutes\" \/>\n<script type=\"application\/ld+json\" class=\"yoast-schema-graph\">{\"@context\":\"https:\\\/\\\/schema.org\",\"@graph\":[{\"@type\":\"Article\",\"@id\":\"https:\\\/\\\/carlosoconnor.es\\\/un-tratamiento-adecuado-de-la-aos-el-reto-de-una-vision-anatomica-y-dinamica-de-la-via-aerea\\\/#article\",\"isPartOf\":{\"@id\":\"https:\\\/\\\/carlosoconnor.es\\\/un-tratamiento-adecuado-de-la-aos-el-reto-de-una-vision-anatomica-y-dinamica-de-la-via-aerea\\\/\"},\"author\":{\"name\":\"gestion\",\"@id\":\"https:\\\/\\\/carlosoconnor.es\\\/#\\\/schema\\\/person\\\/c879dbc2b732eaa32429f50dfbd0a949\"},\"headline\":\"Un tratamiento adecuado de la AOS: el reto de una visi\u00f3n anat\u00f3mica y din\u00e1mica de la v\u00eda a\u00e9rea\",\"datePublished\":\"2026-08-10T15:29:35+00:00\",\"dateModified\":\"2026-08-10T15:29:37+00:00\",\"mainEntityOfPage\":{\"@id\":\"https:\\\/\\\/carlosoconnor.es\\\/un-tratamiento-adecuado-de-la-aos-el-reto-de-una-vision-anatomica-y-dinamica-de-la-via-aerea\\\/\"},\"wordCount\":246,\"commentCount\":0,\"publisher\":{\"@id\":\"https:\\\/\\\/carlosoconnor.es\\\/#organization\"},\"image\":{\"@id\":\"https:\\\/\\\/carlosoconnor.es\\\/un-tratamiento-adecuado-de-la-aos-el-reto-de-una-vision-anatomica-y-dinamica-de-la-via-aerea\\\/#primaryimage\"},\"thumbnailUrl\":\"https:\\\/\\\/carlosoconnor.es\\\/wp-content\\\/uploads\\\/2026\\\/08\\\/images-2026-08-10T102741.082.jpg\",\"articleSection\":[\"Uncategorized\"],\"inLanguage\":\"en-GB\",\"potentialAction\":[{\"@type\":\"CommentAction\",\"name\":\"Comment\",\"target\":[\"https:\\\/\\\/carlosoconnor.es\\\/un-tratamiento-adecuado-de-la-aos-el-reto-de-una-vision-anatomica-y-dinamica-de-la-via-aerea\\\/#respond\"]}]},{\"@type\":\"WebPage\",\"@id\":\"https:\\\/\\\/carlosoconnor.es\\\/un-tratamiento-adecuado-de-la-aos-el-reto-de-una-vision-anatomica-y-dinamica-de-la-via-aerea\\\/\",\"url\":\"https:\\\/\\\/carlosoconnor.es\\\/un-tratamiento-adecuado-de-la-aos-el-reto-de-una-vision-anatomica-y-dinamica-de-la-via-aerea\\\/\",\"name\":\"Un tratamiento adecuado de la AOS: el reto de una visi\u00f3n anat\u00f3mica y din\u00e1mica de la v\u00eda a\u00e9rea - Carlos O&#039;Connor\",\"isPartOf\":{\"@id\":\"https:\\\/\\\/carlosoconnor.es\\\/#website\"},\"primaryImageOfPage\":{\"@id\":\"https:\\\/\\\/carlosoconnor.es\\\/un-tratamiento-adecuado-de-la-aos-el-reto-de-una-vision-anatomica-y-dinamica-de-la-via-aerea\\\/#primaryimage\"},\"image\":{\"@id\":\"https:\\\/\\\/carlosoconnor.es\\\/un-tratamiento-adecuado-de-la-aos-el-reto-de-una-vision-anatomica-y-dinamica-de-la-via-aerea\\\/#primaryimage\"},\"thumbnailUrl\":\"https:\\\/\\\/carlosoconnor.es\\\/wp-content\\\/uploads\\\/2026\\\/08\\\/images-2026-08-10T102741.082.jpg\",\"datePublished\":\"2026-08-10T15:29:35+00:00\",\"dateModified\":\"2026-08-10T15:29:37+00:00\",\"breadcrumb\":{\"@id\":\"https:\\\/\\\/carlosoconnor.es\\\/un-tratamiento-adecuado-de-la-aos-el-reto-de-una-vision-anatomica-y-dinamica-de-la-via-aerea\\\/#breadcrumb\"},\"inLanguage\":\"en-GB\",\"potentialAction\":[{\"@type\":\"ReadAction\",\"target\":[\"https:\\\/\\\/carlosoconnor.es\\\/un-tratamiento-adecuado-de-la-aos-el-reto-de-una-vision-anatomica-y-dinamica-de-la-via-aerea\\\/\"]}]},{\"@type\":\"ImageObject\",\"inLanguage\":\"en-GB\",\"@id\":\"https:\\\/\\\/carlosoconnor.es\\\/un-tratamiento-adecuado-de-la-aos-el-reto-de-una-vision-anatomica-y-dinamica-de-la-via-aerea\\\/#primaryimage\",\"url\":\"https:\\\/\\\/carlosoconnor.es\\\/wp-content\\\/uploads\\\/2026\\\/08\\\/images-2026-08-10T102741.082.jpg\",\"contentUrl\":\"https:\\\/\\\/carlosoconnor.es\\\/wp-content\\\/uploads\\\/2026\\\/08\\\/images-2026-08-10T102741.082.jpg\"},{\"@type\":\"BreadcrumbList\",\"@id\":\"https:\\\/\\\/carlosoconnor.es\\\/un-tratamiento-adecuado-de-la-aos-el-reto-de-una-vision-anatomica-y-dinamica-de-la-via-aerea\\\/#breadcrumb\",\"itemListElement\":[{\"@type\":\"ListItem\",\"position\":1,\"name\":\"Portada\",\"item\":\"https:\\\/\\\/carlosoconnor.es\\\/\"},{\"@type\":\"ListItem\",\"position\":2,\"name\":\"Un tratamiento adecuado de la AOS: el reto de una visi\u00f3n anat\u00f3mica y din\u00e1mica de la v\u00eda a\u00e9rea\"}]},{\"@type\":\"WebSite\",\"@id\":\"https:\\\/\\\/carlosoconnor.es\\\/#website\",\"url\":\"https:\\\/\\\/carlosoconnor.es\\\/\",\"name\":\"Carlos O&#039;Connor\",\"description\":\"Dr. Carlos O&#039;Connor Reina - Otorrinolaring\u00f3logo\",\"publisher\":{\"@id\":\"https:\\\/\\\/carlosoconnor.es\\\/#organization\"},\"potentialAction\":[{\"@type\":\"SearchAction\",\"target\":{\"@type\":\"EntryPoint\",\"urlTemplate\":\"https:\\\/\\\/carlosoconnor.es\\\/?s={search_term_string}\"},\"query-input\":{\"@type\":\"PropertyValueSpecification\",\"valueRequired\":true,\"valueName\":\"search_term_string\"}}],\"inLanguage\":\"en-GB\"},{\"@type\":\"Organization\",\"@id\":\"https:\\\/\\\/carlosoconnor.es\\\/#organization\",\"name\":\"Carlos O&#039;Connor\",\"url\":\"https:\\\/\\\/carlosoconnor.es\\\/\",\"logo\":{\"@type\":\"ImageObject\",\"inLanguage\":\"en-GB\",\"@id\":\"https:\\\/\\\/carlosoconnor.es\\\/#\\\/schema\\\/logo\\\/image\\\/\",\"url\":\"https:\\\/\\\/carlosoconnor.es\\\/wp-content\\\/uploads\\\/2025\\\/07\\\/cropped-logo-wide.png\",\"contentUrl\":\"https:\\\/\\\/carlosoconnor.es\\\/wp-content\\\/uploads\\\/2025\\\/07\\\/cropped-logo-wide.png\",\"width\":241,\"height\":50,\"caption\":\"Carlos O&#039;Connor\"},\"image\":{\"@id\":\"https:\\\/\\\/carlosoconnor.es\\\/#\\\/schema\\\/logo\\\/image\\\/\"}},{\"@type\":\"Person\",\"@id\":\"https:\\\/\\\/carlosoconnor.es\\\/#\\\/schema\\\/person\\\/c879dbc2b732eaa32429f50dfbd0a949\",\"name\":\"gestion\",\"sameAs\":[\"https:\\\/\\\/www.ycomieronperdices.net\\\/temp\\\/oconnor2025\"],\"url\":\"https:\\\/\\\/carlosoconnor.es\\\/en\\\/author\\\/gestion\\\/\"}]}<\/script>\n<!-- \/ Yoast SEO plugin. -->","yoast_head_json":{"title":"Un tratamiento adecuado de la AOS: el reto de una visi\u00f3n anat\u00f3mica y din\u00e1mica de la v\u00eda a\u00e9rea - Carlos O&#039;Connor","robots":{"index":"index","follow":"follow","max-snippet":"max-snippet:-1","max-image-preview":"max-image-preview:large","max-video-preview":"max-video-preview:-1"},"canonical":"https:\/\/carlosoconnor.es\/en\/un-tratamiento-adecuado-de-la-aos-el-reto-de-una-vision-anatomica-y-dinamica-de-la-via-aerea\/","og_locale":"en_GB","og_type":"article","og_title":"Un tratamiento adecuado de la AOS: el reto de una visi\u00f3n anat\u00f3mica y din\u00e1mica de la v\u00eda a\u00e9rea - Carlos O&#039;Connor","og_description":"Mientras que la polisomnograf\u00eda tradicional nos indica cu\u00e1ntas apneas suceden y su gravedad, la somnoscopia inducida por f\u00e1rmaco(DISE) nos permite observar en tiempo real, bajo una sedaci\u00f3n ligera que simula&hellip;","og_url":"https:\/\/carlosoconnor.es\/en\/un-tratamiento-adecuado-de-la-aos-el-reto-de-una-vision-anatomica-y-dinamica-de-la-via-aerea\/","og_site_name":"Carlos O&#039;Connor","article_published_time":"2026-08-10T15:29:35+00:00","article_modified_time":"2026-08-10T15:29:37+00:00","og_image":[{"width":678,"height":452,"url":"https:\/\/carlosoconnor.es\/wp-content\/uploads\/2026\/08\/images-2026-08-10T102741.082.jpg","type":"image\/jpeg"}],"author":"gestion","twitter_card":"summary_large_image","twitter_misc":{"Written by":"gestion","Estimated reading time":"2 minutes"},"schema":{"@context":"https:\/\/schema.org","@graph":[{"@type":"Article","@id":"https:\/\/carlosoconnor.es\/un-tratamiento-adecuado-de-la-aos-el-reto-de-una-vision-anatomica-y-dinamica-de-la-via-aerea\/#article","isPartOf":{"@id":"https:\/\/carlosoconnor.es\/un-tratamiento-adecuado-de-la-aos-el-reto-de-una-vision-anatomica-y-dinamica-de-la-via-aerea\/"},"author":{"name":"gestion","@id":"https:\/\/carlosoconnor.es\/#\/schema\/person\/c879dbc2b732eaa32429f50dfbd0a949"},"headline":"Un tratamiento adecuado de la AOS: el reto de una visi\u00f3n anat\u00f3mica y din\u00e1mica de la v\u00eda a\u00e9rea","datePublished":"2026-08-10T15:29:35+00:00","dateModified":"2026-08-10T15:29:37+00:00","mainEntityOfPage":{"@id":"https:\/\/carlosoconnor.es\/un-tratamiento-adecuado-de-la-aos-el-reto-de-una-vision-anatomica-y-dinamica-de-la-via-aerea\/"},"wordCount":246,"commentCount":0,"publisher":{"@id":"https:\/\/carlosoconnor.es\/#organization"},"image":{"@id":"https:\/\/carlosoconnor.es\/un-tratamiento-adecuado-de-la-aos-el-reto-de-una-vision-anatomica-y-dinamica-de-la-via-aerea\/#primaryimage"},"thumbnailUrl":"https:\/\/carlosoconnor.es\/wp-content\/uploads\/2026\/08\/images-2026-08-10T102741.082.jpg","articleSection":["Uncategorized"],"inLanguage":"en-GB","potentialAction":[{"@type":"CommentAction","name":"Comment","target":["https:\/\/carlosoconnor.es\/un-tratamiento-adecuado-de-la-aos-el-reto-de-una-vision-anatomica-y-dinamica-de-la-via-aerea\/#respond"]}]},{"@type":"WebPage","@id":"https:\/\/carlosoconnor.es\/un-tratamiento-adecuado-de-la-aos-el-reto-de-una-vision-anatomica-y-dinamica-de-la-via-aerea\/","url":"https:\/\/carlosoconnor.es\/un-tratamiento-adecuado-de-la-aos-el-reto-de-una-vision-anatomica-y-dinamica-de-la-via-aerea\/","name":"Un tratamiento adecuado de la AOS: el reto de una visi\u00f3n anat\u00f3mica y din\u00e1mica de la v\u00eda a\u00e9rea - Carlos O&#039;Connor","isPartOf":{"@id":"https:\/\/carlosoconnor.es\/#website"},"primaryImageOfPage":{"@id":"https:\/\/carlosoconnor.es\/un-tratamiento-adecuado-de-la-aos-el-reto-de-una-vision-anatomica-y-dinamica-de-la-via-aerea\/#primaryimage"},"image":{"@id":"https:\/\/carlosoconnor.es\/un-tratamiento-adecuado-de-la-aos-el-reto-de-una-vision-anatomica-y-dinamica-de-la-via-aerea\/#primaryimage"},"thumbnailUrl":"https:\/\/carlosoconnor.es\/wp-content\/uploads\/2026\/08\/images-2026-08-10T102741.082.jpg","datePublished":"2026-08-10T15:29:35+00:00","dateModified":"2026-08-10T15:29:37+00:00","breadcrumb":{"@id":"https:\/\/carlosoconnor.es\/un-tratamiento-adecuado-de-la-aos-el-reto-de-una-vision-anatomica-y-dinamica-de-la-via-aerea\/#breadcrumb"},"inLanguage":"en-GB","potentialAction":[{"@type":"ReadAction","target":["https:\/\/carlosoconnor.es\/un-tratamiento-adecuado-de-la-aos-el-reto-de-una-vision-anatomica-y-dinamica-de-la-via-aerea\/"]}]},{"@type":"ImageObject","inLanguage":"en-GB","@id":"https:\/\/carlosoconnor.es\/un-tratamiento-adecuado-de-la-aos-el-reto-de-una-vision-anatomica-y-dinamica-de-la-via-aerea\/#primaryimage","url":"https:\/\/carlosoconnor.es\/wp-content\/uploads\/2026\/08\/images-2026-08-10T102741.082.jpg","contentUrl":"https:\/\/carlosoconnor.es\/wp-content\/uploads\/2026\/08\/images-2026-08-10T102741.082.jpg"},{"@type":"BreadcrumbList","@id":"https:\/\/carlosoconnor.es\/un-tratamiento-adecuado-de-la-aos-el-reto-de-una-vision-anatomica-y-dinamica-de-la-via-aerea\/#breadcrumb","itemListElement":[{"@type":"ListItem","position":1,"name":"Portada","item":"https:\/\/carlosoconnor.es\/"},{"@type":"ListItem","position":2,"name":"Un tratamiento adecuado de la AOS: el reto de una visi\u00f3n anat\u00f3mica y din\u00e1mica de la v\u00eda a\u00e9rea"}]},{"@type":"WebSite","@id":"https:\/\/carlosoconnor.es\/#website","url":"https:\/\/carlosoconnor.es\/","name":"Carlos O&#039;Connor","description":"Dr. Carlos O&#039;Connor Reina - Otorrinolaring\u00f3logo","publisher":{"@id":"https:\/\/carlosoconnor.es\/#organization"},"potentialAction":[{"@type":"SearchAction","target":{"@type":"EntryPoint","urlTemplate":"https:\/\/carlosoconnor.es\/?s={search_term_string}"},"query-input":{"@type":"PropertyValueSpecification","valueRequired":true,"valueName":"search_term_string"}}],"inLanguage":"en-GB"},{"@type":"Organization","@id":"https:\/\/carlosoconnor.es\/#organization","name":"Carlos O&#039;Connor","url":"https:\/\/carlosoconnor.es\/","logo":{"@type":"ImageObject","inLanguage":"en-GB","@id":"https:\/\/carlosoconnor.es\/#\/schema\/logo\/image\/","url":"https:\/\/carlosoconnor.es\/wp-content\/uploads\/2025\/07\/cropped-logo-wide.png","contentUrl":"https:\/\/carlosoconnor.es\/wp-content\/uploads\/2025\/07\/cropped-logo-wide.png","width":241,"height":50,"caption":"Carlos O&#039;Connor"},"image":{"@id":"https:\/\/carlosoconnor.es\/#\/schema\/logo\/image\/"}},{"@type":"Person","@id":"https:\/\/carlosoconnor.es\/#\/schema\/person\/c879dbc2b732eaa32429f50dfbd0a949","name":"gestion","sameAs":["https:\/\/www.ycomieronperdices.net\/temp\/oconnor2025"],"url":"https:\/\/carlosoconnor.es\/en\/author\/gestion\/"}]}},"_links":{"self":[{"href":"https:\/\/carlosoconnor.es\/en\/wp-json\/wp\/v2\/posts\/64059","targetHints":{"allow":["GET"]}}],"collection":[{"href":"https:\/\/carlosoconnor.es\/en\/wp-json\/wp\/v2\/posts"}],"about":[{"href":"https:\/\/carlosoconnor.es\/en\/wp-json\/wp\/v2\/types\/post"}],"author":[{"embeddable":true,"href":"https:\/\/carlosoconnor.es\/en\/wp-json\/wp\/v2\/users\/1"}],"replies":[{"embeddable":true,"href":"https:\/\/carlosoconnor.es\/en\/wp-json\/wp\/v2\/comments?post=64059"}],"version-history":[{"count":1,"href":"https:\/\/carlosoconnor.es\/en\/wp-json\/wp\/v2\/posts\/64059\/revisions"}],"predecessor-version":[{"id":64061,"href":"https:\/\/carlosoconnor.es\/en\/wp-json\/wp\/v2\/posts\/64059\/revisions\/64061"}],"wp:attachment":[{"href":"https:\/\/carlosoconnor.es\/en\/wp-json\/wp\/v2\/media?parent=64059"}],"wp:term":[{"taxonomy":"category","embeddable":true,"href":"https:\/\/carlosoconnor.es\/en\/wp-json\/wp\/v2\/categories?post=64059"},{"taxonomy":"post_tag","embeddable":true,"href":"https:\/\/carlosoconnor.es\/en\/wp-json\/wp\/v2\/tags?post=64059"}],"curies":[{"name":"wp","href":"https:\/\/api.w.org\/{rel}","templated":true}]}}