{"id":63269,"date":"2026-05-01T11:34:21","date_gmt":"2026-05-01T09:34:21","guid":{"rendered":"https:\/\/carlosoconnor.es\/?p=63269"},"modified":"2026-05-01T11:34:22","modified_gmt":"2026-05-01T09:34:22","slug":"evaluacion-anatomica-y-funcional-mediante-ecografia-de-las-vias-respiratorias-superiores-en-la-aos-en-adultos","status":"publish","type":"post","link":"https:\/\/carlosoconnor.es\/en\/evaluacion-anatomica-y-funcional-mediante-ecografia-de-las-vias-respiratorias-superiores-en-la-aos-en-adultos\/","title":{"rendered":"Evaluaci\u00f3n anat\u00f3mica y funcional mediante ecograf\u00eda de las v\u00edas respiratorias superiores en la AOS en adultos"},"content":{"rendered":"<p>La ecograf\u00eda (US) ha surgido como un m\u00e9todo no invasivo para la evaluaci\u00f3n anat\u00f3mica y funcional de las estructuras de las v\u00edas respiratorias superiores en la apnea obstructiva del sue\u00f1o (AOS) en adultos. En la siguiente publicaci\u00f3n, de la que soy coautor, investigamos el papel de la US en la estratificaci\u00f3n de la gravedad, la evaluaci\u00f3n din\u00e1mica, la caracterizaci\u00f3n elastogr\u00e1fica y el monitoreo terap\u00e9utico de pacientes con AOS.<\/p>\n\n\n\n<p>&#8212;&#8212;&#8212;&#8212;&#8212;&#8212;&#8212;&#8212;&#8212;&#8212;&#8212;&#8212;&#8212;&#8212;&#8212;&#8212;-<\/p>\n\n\n\n<p>Ultrasound (US) has emerged as a non-invasive method for the anatomical and functional assessment of upper airway structures in obstructive sleep apnea (OSA) in adults. In the following publication, which I co-authored, we investigated the role of US in severity stratification, dynamic assessment, elastographic characterization, and therapeutic monitoring of patients with OSA.<\/p>\n\n\n\n<p><strong>#SleepApnea<\/strong> <strong>#TratamientoApnea<\/strong> <strong>#DificultadParaDescansar<\/strong> <strong>#ProblemasDeSue\u00f1o<\/strong> <strong>#ApneaObstructiva<\/strong> <strong>#SaludRespiratoria<\/strong> <strong>#DormirMejor<\/strong> <strong>#Diagn\u00f3sticoApnea<\/strong> <strong>#SleepApnea<\/strong> <strong>#ApneaTreatment<\/strong> <strong>#DifficultyResting<\/strong> <strong>#SleepProblems<\/strong> <strong>#ObstructiveApnea<\/strong> <strong>#RespiratoryHealth<\/strong> <strong>#SleepBetter<\/strong> <strong>#ApneaDiagnosis<\/strong> <strong>#Ultrasound<\/strong> <strong>#ecograf\u00eda<\/strong><\/p>\n\n\n\n<p>Link: <a href=\"https:\/\/www.mdpi.com\/2077-0383\/15\/9\/3213\">https:\/\/www.mdpi.com\/2077-0383\/15\/9\/3213<\/a><\/p>\n\n\n\n<figure class=\"wp-block-image size-full is-resized\"><img fetchpriority=\"high\" decoding=\"async\" width=\"352\" height=\"234\" src=\"https:\/\/carlosoconnor.es\/wp-content\/uploads\/2026\/05\/1777627722611.jpg\" alt=\"1777627722611\" class=\"wp-image-63270\" style=\"width:708px;height:auto\" srcset=\"https:\/\/carlosoconnor.es\/wp-content\/uploads\/2026\/05\/1777627722611.jpg 352w, https:\/\/carlosoconnor.es\/wp-content\/uploads\/2026\/05\/1777627722611-300x199.jpg 300w, https:\/\/carlosoconnor.es\/wp-content\/uploads\/2026\/05\/1777627722611-18x12.jpg 18w\" sizes=\"(max-width: 600px) 100vw, 352px\" \/><figcaption class=\"wp-element-caption\">1777627722611<\/figcaption><\/figure>","protected":false},"excerpt":{"rendered":"<p>La ecograf\u00eda (US) ha surgido como un m\u00e9todo no invasivo para la evaluaci\u00f3n anat\u00f3mica y funcional de las estructuras de las v\u00edas respiratorias superiores en la apnea obstructiva del sue\u00f1o&hellip;<\/p>","protected":false},"author":1,"featured_media":0,"comment_status":"open","ping_status":"open","sticky":false,"template":"","format":"standard","meta":{"footnotes":""},"categories":[1],"tags":[],"class_list":["post-63269","post","type-post","status-publish","format-standard","hentry","category-uncategorized"],"yoast_head":"<!-- This site is optimized with the Yoast SEO plugin v26.4 - https:\/\/yoast.com\/wordpress\/plugins\/seo\/ -->\n<title>Evaluaci\u00f3n anat\u00f3mica y funcional mediante ecograf\u00eda de las v\u00edas respiratorias superiores en la AOS en adultos - Carlos O&#039;Connor<\/title>\n<meta name=\"robots\" content=\"index, follow, max-snippet:-1, max-image-preview:large, max-video-preview:-1\" \/>\n<link rel=\"canonical\" href=\"https:\/\/carlosoconnor.es\/en\/evaluacion-anatomica-y-funcional-mediante-ecografia-de-las-vias-respiratorias-superiores-en-la-aos-en-adultos\/\" \/>\n<meta property=\"og:locale\" content=\"en_GB\" \/>\n<meta property=\"og:type\" content=\"article\" \/>\n<meta property=\"og:title\" content=\"Evaluaci\u00f3n anat\u00f3mica y funcional mediante ecograf\u00eda de las v\u00edas respiratorias superiores en la AOS en adultos - Carlos O&#039;Connor\" \/>\n<meta property=\"og:description\" content=\"La ecograf\u00eda (US) ha surgido como un m\u00e9todo no invasivo para la evaluaci\u00f3n anat\u00f3mica y funcional de las estructuras de las v\u00edas respiratorias superiores en la apnea obstructiva del sue\u00f1o&hellip;\" \/>\n<meta property=\"og:url\" content=\"https:\/\/carlosoconnor.es\/en\/evaluacion-anatomica-y-funcional-mediante-ecografia-de-las-vias-respiratorias-superiores-en-la-aos-en-adultos\/\" \/>\n<meta property=\"og:site_name\" content=\"Carlos O&#039;Connor\" \/>\n<meta property=\"article:published_time\" content=\"2026-05-01T09:34:21+00:00\" \/>\n<meta property=\"article:modified_time\" content=\"2026-05-01T09:34:22+00:00\" \/>\n<meta property=\"og:image\" content=\"https:\/\/carlosoconnor.es\/wp-content\/uploads\/2026\/05\/1777627722611.jpg\" \/>\n\t<meta property=\"og:image:width\" content=\"352\" \/>\n\t<meta property=\"og:image:height\" content=\"234\" \/>\n\t<meta property=\"og:image:type\" content=\"image\/jpeg\" \/>\n<meta name=\"author\" content=\"gestion\" \/>\n<meta name=\"twitter:card\" content=\"summary_large_image\" \/>\n<meta name=\"twitter:label1\" content=\"Written by\" \/>\n\t<meta name=\"twitter:data1\" content=\"gestion\" \/>\n\t<meta name=\"twitter:label2\" content=\"Estimated reading time\" \/>\n\t<meta name=\"twitter:data2\" content=\"1 minute\" \/>\n<script type=\"application\/ld+json\" class=\"yoast-schema-graph\">{\"@context\":\"https:\/\/schema.org\",\"@graph\":[{\"@type\":\"Article\",\"@id\":\"https:\/\/carlosoconnor.es\/evaluacion-anatomica-y-funcional-mediante-ecografia-de-las-vias-respiratorias-superiores-en-la-aos-en-adultos\/#article\",\"isPartOf\":{\"@id\":\"https:\/\/carlosoconnor.es\/evaluacion-anatomica-y-funcional-mediante-ecografia-de-las-vias-respiratorias-superiores-en-la-aos-en-adultos\/\"},\"author\":{\"name\":\"gestion\",\"@id\":\"https:\/\/carlosoconnor.es\/#\/schema\/person\/c879dbc2b732eaa32429f50dfbd0a949\"},\"headline\":\"Evaluaci\u00f3n anat\u00f3mica y funcional mediante ecograf\u00eda de las v\u00edas respiratorias superiores en la AOS en adultos\",\"datePublished\":\"2026-05-01T09:34:21+00:00\",\"dateModified\":\"2026-05-01T09:34:22+00:00\",\"mainEntityOfPage\":{\"@id\":\"https:\/\/carlosoconnor.es\/evaluacion-anatomica-y-funcional-mediante-ecografia-de-las-vias-respiratorias-superiores-en-la-aos-en-adultos\/\"},\"wordCount\":183,\"commentCount\":0,\"publisher\":{\"@id\":\"https:\/\/carlosoconnor.es\/#organization\"},\"image\":{\"@id\":\"https:\/\/carlosoconnor.es\/evaluacion-anatomica-y-funcional-mediante-ecografia-de-las-vias-respiratorias-superiores-en-la-aos-en-adultos\/#primaryimage\"},\"thumbnailUrl\":\"https:\/\/carlosoconnor.es\/wp-content\/uploads\/2026\/05\/1777627722611.jpg\",\"articleSection\":[\"Uncategorized\"],\"inLanguage\":\"en-GB\",\"potentialAction\":[{\"@type\":\"CommentAction\",\"name\":\"Comment\",\"target\":[\"https:\/\/carlosoconnor.es\/evaluacion-anatomica-y-funcional-mediante-ecografia-de-las-vias-respiratorias-superiores-en-la-aos-en-adultos\/#respond\"]}]},{\"@type\":\"WebPage\",\"@id\":\"https:\/\/carlosoconnor.es\/evaluacion-anatomica-y-funcional-mediante-ecografia-de-las-vias-respiratorias-superiores-en-la-aos-en-adultos\/\",\"url\":\"https:\/\/carlosoconnor.es\/evaluacion-anatomica-y-funcional-mediante-ecografia-de-las-vias-respiratorias-superiores-en-la-aos-en-adultos\/\",\"name\":\"Evaluaci\u00f3n anat\u00f3mica y funcional mediante ecograf\u00eda de las v\u00edas respiratorias superiores en la AOS en adultos - Carlos O&#039;Connor\",\"isPartOf\":{\"@id\":\"https:\/\/carlosoconnor.es\/#website\"},\"primaryImageOfPage\":{\"@id\":\"https:\/\/carlosoconnor.es\/evaluacion-anatomica-y-funcional-mediante-ecografia-de-las-vias-respiratorias-superiores-en-la-aos-en-adultos\/#primaryimage\"},\"image\":{\"@id\":\"https:\/\/carlosoconnor.es\/evaluacion-anatomica-y-funcional-mediante-ecografia-de-las-vias-respiratorias-superiores-en-la-aos-en-adultos\/#primaryimage\"},\"thumbnailUrl\":\"https:\/\/carlosoconnor.es\/wp-content\/uploads\/2026\/05\/1777627722611.jpg\",\"datePublished\":\"2026-05-01T09:34:21+00:00\",\"dateModified\":\"2026-05-01T09:34:22+00:00\",\"breadcrumb\":{\"@id\":\"https:\/\/carlosoconnor.es\/evaluacion-anatomica-y-funcional-mediante-ecografia-de-las-vias-respiratorias-superiores-en-la-aos-en-adultos\/#breadcrumb\"},\"inLanguage\":\"en-GB\",\"potentialAction\":[{\"@type\":\"ReadAction\",\"target\":[\"https:\/\/carlosoconnor.es\/evaluacion-anatomica-y-funcional-mediante-ecografia-de-las-vias-respiratorias-superiores-en-la-aos-en-adultos\/\"]}]},{\"@type\":\"ImageObject\",\"inLanguage\":\"en-GB\",\"@id\":\"https:\/\/carlosoconnor.es\/evaluacion-anatomica-y-funcional-mediante-ecografia-de-las-vias-respiratorias-superiores-en-la-aos-en-adultos\/#primaryimage\",\"url\":\"https:\/\/carlosoconnor.es\/wp-content\/uploads\/2026\/05\/1777627722611.jpg\",\"contentUrl\":\"https:\/\/carlosoconnor.es\/wp-content\/uploads\/2026\/05\/1777627722611.jpg\"},{\"@type\":\"BreadcrumbList\",\"@id\":\"https:\/\/carlosoconnor.es\/evaluacion-anatomica-y-funcional-mediante-ecografia-de-las-vias-respiratorias-superiores-en-la-aos-en-adultos\/#breadcrumb\",\"itemListElement\":[{\"@type\":\"ListItem\",\"position\":1,\"name\":\"Portada\",\"item\":\"https:\/\/carlosoconnor.es\/\"},{\"@type\":\"ListItem\",\"position\":2,\"name\":\"Evaluaci\u00f3n anat\u00f3mica y funcional mediante ecograf\u00eda de las v\u00edas respiratorias superiores en la AOS en adultos\"}]},{\"@type\":\"WebSite\",\"@id\":\"https:\/\/carlosoconnor.es\/#website\",\"url\":\"https:\/\/carlosoconnor.es\/\",\"name\":\"Carlos O&#039;Connor\",\"description\":\"Dr. Carlos O&#039;Connor Reina - Otorrinolaring\u00f3logo\",\"publisher\":{\"@id\":\"https:\/\/carlosoconnor.es\/#organization\"},\"potentialAction\":[{\"@type\":\"SearchAction\",\"target\":{\"@type\":\"EntryPoint\",\"urlTemplate\":\"https:\/\/carlosoconnor.es\/?s={search_term_string}\"},\"query-input\":{\"@type\":\"PropertyValueSpecification\",\"valueRequired\":true,\"valueName\":\"search_term_string\"}}],\"inLanguage\":\"en-GB\"},{\"@type\":\"Organization\",\"@id\":\"https:\/\/carlosoconnor.es\/#organization\",\"name\":\"Carlos O&#039;Connor\",\"url\":\"https:\/\/carlosoconnor.es\/\",\"logo\":{\"@type\":\"ImageObject\",\"inLanguage\":\"en-GB\",\"@id\":\"https:\/\/carlosoconnor.es\/#\/schema\/logo\/image\/\",\"url\":\"https:\/\/carlosoconnor.es\/wp-content\/uploads\/2025\/07\/cropped-logo-wide.png\",\"contentUrl\":\"https:\/\/carlosoconnor.es\/wp-content\/uploads\/2025\/07\/cropped-logo-wide.png\",\"width\":241,\"height\":50,\"caption\":\"Carlos O&#039;Connor\"},\"image\":{\"@id\":\"https:\/\/carlosoconnor.es\/#\/schema\/logo\/image\/\"}},{\"@type\":\"Person\",\"@id\":\"https:\/\/carlosoconnor.es\/#\/schema\/person\/c879dbc2b732eaa32429f50dfbd0a949\",\"name\":\"gestion\",\"sameAs\":[\"https:\/\/www.ycomieronperdices.net\/temp\/oconnor2025\"],\"url\":\"https:\/\/carlosoconnor.es\/en\/author\/gestion\/\"}]}<\/script>\n<!-- \/ Yoast SEO plugin. -->","yoast_head_json":{"title":"Evaluaci\u00f3n anat\u00f3mica y funcional mediante ecograf\u00eda de las v\u00edas respiratorias superiores en la AOS en adultos - Carlos O&#039;Connor","robots":{"index":"index","follow":"follow","max-snippet":"max-snippet:-1","max-image-preview":"max-image-preview:large","max-video-preview":"max-video-preview:-1"},"canonical":"https:\/\/carlosoconnor.es\/en\/evaluacion-anatomica-y-funcional-mediante-ecografia-de-las-vias-respiratorias-superiores-en-la-aos-en-adultos\/","og_locale":"en_GB","og_type":"article","og_title":"Evaluaci\u00f3n anat\u00f3mica y funcional mediante ecograf\u00eda de las v\u00edas respiratorias superiores en la AOS en adultos - Carlos O&#039;Connor","og_description":"La ecograf\u00eda (US) ha surgido como un m\u00e9todo no invasivo para la evaluaci\u00f3n anat\u00f3mica y funcional de las estructuras de las v\u00edas respiratorias superiores en la apnea obstructiva del sue\u00f1o&hellip;","og_url":"https:\/\/carlosoconnor.es\/en\/evaluacion-anatomica-y-funcional-mediante-ecografia-de-las-vias-respiratorias-superiores-en-la-aos-en-adultos\/","og_site_name":"Carlos O&#039;Connor","article_published_time":"2026-05-01T09:34:21+00:00","article_modified_time":"2026-05-01T09:34:22+00:00","og_image":[{"width":352,"height":234,"url":"https:\/\/carlosoconnor.es\/wp-content\/uploads\/2026\/05\/1777627722611.jpg","type":"image\/jpeg"}],"author":"gestion","twitter_card":"summary_large_image","twitter_misc":{"Written by":"gestion","Estimated reading time":"1 minute"},"schema":{"@context":"https:\/\/schema.org","@graph":[{"@type":"Article","@id":"https:\/\/carlosoconnor.es\/evaluacion-anatomica-y-funcional-mediante-ecografia-de-las-vias-respiratorias-superiores-en-la-aos-en-adultos\/#article","isPartOf":{"@id":"https:\/\/carlosoconnor.es\/evaluacion-anatomica-y-funcional-mediante-ecografia-de-las-vias-respiratorias-superiores-en-la-aos-en-adultos\/"},"author":{"name":"gestion","@id":"https:\/\/carlosoconnor.es\/#\/schema\/person\/c879dbc2b732eaa32429f50dfbd0a949"},"headline":"Evaluaci\u00f3n anat\u00f3mica y funcional mediante ecograf\u00eda de las v\u00edas respiratorias superiores en la AOS en adultos","datePublished":"2026-05-01T09:34:21+00:00","dateModified":"2026-05-01T09:34:22+00:00","mainEntityOfPage":{"@id":"https:\/\/carlosoconnor.es\/evaluacion-anatomica-y-funcional-mediante-ecografia-de-las-vias-respiratorias-superiores-en-la-aos-en-adultos\/"},"wordCount":183,"commentCount":0,"publisher":{"@id":"https:\/\/carlosoconnor.es\/#organization"},"image":{"@id":"https:\/\/carlosoconnor.es\/evaluacion-anatomica-y-funcional-mediante-ecografia-de-las-vias-respiratorias-superiores-en-la-aos-en-adultos\/#primaryimage"},"thumbnailUrl":"https:\/\/carlosoconnor.es\/wp-content\/uploads\/2026\/05\/1777627722611.jpg","articleSection":["Uncategorized"],"inLanguage":"en-GB","potentialAction":[{"@type":"CommentAction","name":"Comment","target":["https:\/\/carlosoconnor.es\/evaluacion-anatomica-y-funcional-mediante-ecografia-de-las-vias-respiratorias-superiores-en-la-aos-en-adultos\/#respond"]}]},{"@type":"WebPage","@id":"https:\/\/carlosoconnor.es\/evaluacion-anatomica-y-funcional-mediante-ecografia-de-las-vias-respiratorias-superiores-en-la-aos-en-adultos\/","url":"https:\/\/carlosoconnor.es\/evaluacion-anatomica-y-funcional-mediante-ecografia-de-las-vias-respiratorias-superiores-en-la-aos-en-adultos\/","name":"Evaluaci\u00f3n anat\u00f3mica y funcional mediante ecograf\u00eda de las v\u00edas respiratorias superiores en la AOS en adultos - Carlos O&#039;Connor","isPartOf":{"@id":"https:\/\/carlosoconnor.es\/#website"},"primaryImageOfPage":{"@id":"https:\/\/carlosoconnor.es\/evaluacion-anatomica-y-funcional-mediante-ecografia-de-las-vias-respiratorias-superiores-en-la-aos-en-adultos\/#primaryimage"},"image":{"@id":"https:\/\/carlosoconnor.es\/evaluacion-anatomica-y-funcional-mediante-ecografia-de-las-vias-respiratorias-superiores-en-la-aos-en-adultos\/#primaryimage"},"thumbnailUrl":"https:\/\/carlosoconnor.es\/wp-content\/uploads\/2026\/05\/1777627722611.jpg","datePublished":"2026-05-01T09:34:21+00:00","dateModified":"2026-05-01T09:34:22+00:00","breadcrumb":{"@id":"https:\/\/carlosoconnor.es\/evaluacion-anatomica-y-funcional-mediante-ecografia-de-las-vias-respiratorias-superiores-en-la-aos-en-adultos\/#breadcrumb"},"inLanguage":"en-GB","potentialAction":[{"@type":"ReadAction","target":["https:\/\/carlosoconnor.es\/evaluacion-anatomica-y-funcional-mediante-ecografia-de-las-vias-respiratorias-superiores-en-la-aos-en-adultos\/"]}]},{"@type":"ImageObject","inLanguage":"en-GB","@id":"https:\/\/carlosoconnor.es\/evaluacion-anatomica-y-funcional-mediante-ecografia-de-las-vias-respiratorias-superiores-en-la-aos-en-adultos\/#primaryimage","url":"https:\/\/carlosoconnor.es\/wp-content\/uploads\/2026\/05\/1777627722611.jpg","contentUrl":"https:\/\/carlosoconnor.es\/wp-content\/uploads\/2026\/05\/1777627722611.jpg"},{"@type":"BreadcrumbList","@id":"https:\/\/carlosoconnor.es\/evaluacion-anatomica-y-funcional-mediante-ecografia-de-las-vias-respiratorias-superiores-en-la-aos-en-adultos\/#breadcrumb","itemListElement":[{"@type":"ListItem","position":1,"name":"Portada","item":"https:\/\/carlosoconnor.es\/"},{"@type":"ListItem","position":2,"name":"Evaluaci\u00f3n anat\u00f3mica y funcional mediante ecograf\u00eda de las v\u00edas respiratorias superiores en la AOS en adultos"}]},{"@type":"WebSite","@id":"https:\/\/carlosoconnor.es\/#website","url":"https:\/\/carlosoconnor.es\/","name":"Carlos O&#039;Connor","description":"Dr. Carlos O&#039;Connor Reina - Otorrinolaring\u00f3logo","publisher":{"@id":"https:\/\/carlosoconnor.es\/#organization"},"potentialAction":[{"@type":"SearchAction","target":{"@type":"EntryPoint","urlTemplate":"https:\/\/carlosoconnor.es\/?s={search_term_string}"},"query-input":{"@type":"PropertyValueSpecification","valueRequired":true,"valueName":"search_term_string"}}],"inLanguage":"en-GB"},{"@type":"Organization","@id":"https:\/\/carlosoconnor.es\/#organization","name":"Carlos O&#039;Connor","url":"https:\/\/carlosoconnor.es\/","logo":{"@type":"ImageObject","inLanguage":"en-GB","@id":"https:\/\/carlosoconnor.es\/#\/schema\/logo\/image\/","url":"https:\/\/carlosoconnor.es\/wp-content\/uploads\/2025\/07\/cropped-logo-wide.png","contentUrl":"https:\/\/carlosoconnor.es\/wp-content\/uploads\/2025\/07\/cropped-logo-wide.png","width":241,"height":50,"caption":"Carlos O&#039;Connor"},"image":{"@id":"https:\/\/carlosoconnor.es\/#\/schema\/logo\/image\/"}},{"@type":"Person","@id":"https:\/\/carlosoconnor.es\/#\/schema\/person\/c879dbc2b732eaa32429f50dfbd0a949","name":"gestion","sameAs":["https:\/\/www.ycomieronperdices.net\/temp\/oconnor2025"],"url":"https:\/\/carlosoconnor.es\/en\/author\/gestion\/"}]}},"_links":{"self":[{"href":"https:\/\/carlosoconnor.es\/en\/wp-json\/wp\/v2\/posts\/63269","targetHints":{"allow":["GET"]}}],"collection":[{"href":"https:\/\/carlosoconnor.es\/en\/wp-json\/wp\/v2\/posts"}],"about":[{"href":"https:\/\/carlosoconnor.es\/en\/wp-json\/wp\/v2\/types\/post"}],"author":[{"embeddable":true,"href":"https:\/\/carlosoconnor.es\/en\/wp-json\/wp\/v2\/users\/1"}],"replies":[{"embeddable":true,"href":"https:\/\/carlosoconnor.es\/en\/wp-json\/wp\/v2\/comments?post=63269"}],"version-history":[{"count":1,"href":"https:\/\/carlosoconnor.es\/en\/wp-json\/wp\/v2\/posts\/63269\/revisions"}],"predecessor-version":[{"id":63271,"href":"https:\/\/carlosoconnor.es\/en\/wp-json\/wp\/v2\/posts\/63269\/revisions\/63271"}],"wp:attachment":[{"href":"https:\/\/carlosoconnor.es\/en\/wp-json\/wp\/v2\/media?parent=63269"}],"wp:term":[{"taxonomy":"category","embeddable":true,"href":"https:\/\/carlosoconnor.es\/en\/wp-json\/wp\/v2\/categories?post=63269"},{"taxonomy":"post_tag","embeddable":true,"href":"https:\/\/carlosoconnor.es\/en\/wp-json\/wp\/v2\/tags?post=63269"}],"curies":[{"name":"wp","href":"https:\/\/api.w.org\/{rel}","templated":true}]}}