{"id":63260,"date":"2026-04-29T20:18:44","date_gmt":"2026-04-29T18:18:44","guid":{"rendered":"https:\/\/carlosoconnor.es\/?p=63260"},"modified":"2026-04-29T20:18:46","modified_gmt":"2026-04-29T18:18:46","slug":"aos-subdiagnosticada-en-la-esfera-pediatrica","status":"publish","type":"post","link":"https:\/\/carlosoconnor.es\/en\/aos-subdiagnosticada-en-la-esfera-pediatrica\/","title":{"rendered":"AOS subdiagnosticada en la esfera pedi\u00e1trica"},"content":{"rendered":"<p>En este art\u00edculo se aborda como la AOS a pesar de su alta prevalencia, sigue siendo una condici\u00f3n subdiagnosticada en la pr\u00e1ctica cl\u00ednica. Su impacto va m\u00e1s all\u00e1 del mal dormir, afectando funciones neurocognitivas, metab\u00f3licas y la calidad de vida a lo largo del tiempo. En este caso se aborda lo referido a la esfera pedi\u00e1trica.<br>&#8212;&#8212;&#8212;&#8212;&#8212;&#8212;&#8212;-<br>This article addresses how obstructive sleep apnea (OSA), despite its high prevalence, remains an underdiagnosed condition in clinical practice. Its impact extends beyond poor sleep, affecting neurocognitive and metabolic functions, as well as quality of life over time. This article focuses on the pediatric context.<\/p>\n\n\n\n<p>Link: <a href=\"https:\/\/www.savalnet.cl\/mundo-medico\/entrevistas\/en-apnea-obstructiva-del-sueno-la-detencion-respiratoria-es-la-punta-del-iceberg.html\">https:\/\/www.savalnet.cl\/mundo-medico\/entrevistas\/en-apnea-obstructiva-del-sueno-la-detencion-respiratoria-es-la-punta-del-iceberg.html<\/a><\/p>\n\n\n\n<figure class=\"wp-block-image size-large\"><img fetchpriority=\"high\" decoding=\"async\" width=\"1024\" height=\"683\" src=\"https:\/\/carlosoconnor.es\/wp-content\/uploads\/2026\/04\/A013_01-1-1024x683.png\" alt=\"A013 01 (1)\" class=\"wp-image-63262\" srcset=\"https:\/\/carlosoconnor.es\/wp-content\/uploads\/2026\/04\/A013_01-1-1024x683.png 1024w, https:\/\/carlosoconnor.es\/wp-content\/uploads\/2026\/04\/A013_01-1-300x200.png 300w, https:\/\/carlosoconnor.es\/wp-content\/uploads\/2026\/04\/A013_01-1-768x512.png 768w, https:\/\/carlosoconnor.es\/wp-content\/uploads\/2026\/04\/A013_01-1-18x12.png 18w, https:\/\/carlosoconnor.es\/wp-content\/uploads\/2026\/04\/A013_01-1-370x247.png 370w, https:\/\/carlosoconnor.es\/wp-content\/uploads\/2026\/04\/A013_01-1-840x560.png 840w, https:\/\/carlosoconnor.es\/wp-content\/uploads\/2026\/04\/A013_01-1-410x273.png 410w, https:\/\/carlosoconnor.es\/wp-content\/uploads\/2026\/04\/A013_01-1-600x400.png 600w, https:\/\/carlosoconnor.es\/wp-content\/uploads\/2026\/04\/A013_01-1.png 1500w\" sizes=\"(max-width: 1024px) 100vw, 1024px\" \/><figcaption class=\"wp-element-caption\">A013 01 (1)<\/figcaption><\/figure>","protected":false},"excerpt":{"rendered":"<p>En este art\u00edculo se aborda como la AOS a pesar de su alta prevalencia, sigue siendo una condici\u00f3n subdiagnosticada en la pr\u00e1ctica cl\u00ednica. Su impacto va m\u00e1s all\u00e1 del mal&hellip;<\/p>","protected":false},"author":1,"featured_media":0,"comment_status":"open","ping_status":"open","sticky":false,"template":"","format":"standard","meta":{"footnotes":""},"categories":[1],"tags":[],"class_list":["post-63260","post","type-post","status-publish","format-standard","hentry","category-uncategorized"],"yoast_head":"<!-- This site is optimized with the Yoast SEO plugin v26.4 - https:\/\/yoast.com\/wordpress\/plugins\/seo\/ -->\n<title>AOS subdiagnosticada en la esfera pedi\u00e1trica - Carlos O&#039;Connor<\/title>\n<meta name=\"robots\" content=\"index, follow, max-snippet:-1, max-image-preview:large, max-video-preview:-1\" \/>\n<link rel=\"canonical\" href=\"https:\/\/carlosoconnor.es\/en\/aos-subdiagnosticada-en-la-esfera-pediatrica\/\" \/>\n<meta property=\"og:locale\" content=\"en_GB\" \/>\n<meta property=\"og:type\" content=\"article\" \/>\n<meta property=\"og:title\" content=\"AOS subdiagnosticada en la esfera pedi\u00e1trica - Carlos O&#039;Connor\" \/>\n<meta property=\"og:description\" content=\"En este art\u00edculo se aborda como la AOS a pesar de su alta prevalencia, sigue siendo una condici\u00f3n subdiagnosticada en la pr\u00e1ctica cl\u00ednica. Su impacto va m\u00e1s all\u00e1 del mal&hellip;\" \/>\n<meta property=\"og:url\" content=\"https:\/\/carlosoconnor.es\/en\/aos-subdiagnosticada-en-la-esfera-pediatrica\/\" \/>\n<meta property=\"og:site_name\" content=\"Carlos O&#039;Connor\" \/>\n<meta property=\"article:published_time\" content=\"2026-04-29T18:18:44+00:00\" \/>\n<meta property=\"article:modified_time\" content=\"2026-04-29T18:18:46+00:00\" \/>\n<meta property=\"og:image\" content=\"https:\/\/carlosoconnor.es\/wp-content\/uploads\/2026\/04\/A013_01-1-1024x683.png\" \/>\n\t<meta property=\"og:image:width\" content=\"1024\" \/>\n\t<meta property=\"og:image:height\" content=\"683\" \/>\n\t<meta property=\"og:image:type\" content=\"image\/png\" \/>\n<meta name=\"author\" content=\"gestion\" \/>\n<meta name=\"twitter:card\" content=\"summary_large_image\" \/>\n<meta name=\"twitter:label1\" content=\"Written by\" \/>\n\t<meta name=\"twitter:data1\" content=\"gestion\" \/>\n\t<meta name=\"twitter:label2\" content=\"Estimated reading time\" \/>\n\t<meta name=\"twitter:data2\" content=\"1 minute\" \/>\n<script type=\"application\/ld+json\" class=\"yoast-schema-graph\">{\"@context\":\"https:\/\/schema.org\",\"@graph\":[{\"@type\":\"Article\",\"@id\":\"https:\/\/carlosoconnor.es\/aos-subdiagnosticada-en-la-esfera-pediatrica\/#article\",\"isPartOf\":{\"@id\":\"https:\/\/carlosoconnor.es\/aos-subdiagnosticada-en-la-esfera-pediatrica\/\"},\"author\":{\"name\":\"gestion\",\"@id\":\"https:\/\/carlosoconnor.es\/#\/schema\/person\/c879dbc2b732eaa32429f50dfbd0a949\"},\"headline\":\"AOS subdiagnosticada en la esfera pedi\u00e1trica\",\"datePublished\":\"2026-04-29T18:18:44+00:00\",\"dateModified\":\"2026-04-29T18:18:46+00:00\",\"mainEntityOfPage\":{\"@id\":\"https:\/\/carlosoconnor.es\/aos-subdiagnosticada-en-la-esfera-pediatrica\/\"},\"wordCount\":126,\"commentCount\":0,\"publisher\":{\"@id\":\"https:\/\/carlosoconnor.es\/#organization\"},\"image\":{\"@id\":\"https:\/\/carlosoconnor.es\/aos-subdiagnosticada-en-la-esfera-pediatrica\/#primaryimage\"},\"thumbnailUrl\":\"https:\/\/carlosoconnor.es\/wp-content\/uploads\/2026\/04\/A013_01-1-1024x683.png\",\"articleSection\":[\"Uncategorized\"],\"inLanguage\":\"en-GB\",\"potentialAction\":[{\"@type\":\"CommentAction\",\"name\":\"Comment\",\"target\":[\"https:\/\/carlosoconnor.es\/aos-subdiagnosticada-en-la-esfera-pediatrica\/#respond\"]}]},{\"@type\":\"WebPage\",\"@id\":\"https:\/\/carlosoconnor.es\/aos-subdiagnosticada-en-la-esfera-pediatrica\/\",\"url\":\"https:\/\/carlosoconnor.es\/aos-subdiagnosticada-en-la-esfera-pediatrica\/\",\"name\":\"AOS subdiagnosticada en la esfera pedi\u00e1trica - Carlos O&#039;Connor\",\"isPartOf\":{\"@id\":\"https:\/\/carlosoconnor.es\/#website\"},\"primaryImageOfPage\":{\"@id\":\"https:\/\/carlosoconnor.es\/aos-subdiagnosticada-en-la-esfera-pediatrica\/#primaryimage\"},\"image\":{\"@id\":\"https:\/\/carlosoconnor.es\/aos-subdiagnosticada-en-la-esfera-pediatrica\/#primaryimage\"},\"thumbnailUrl\":\"https:\/\/carlosoconnor.es\/wp-content\/uploads\/2026\/04\/A013_01-1-1024x683.png\",\"datePublished\":\"2026-04-29T18:18:44+00:00\",\"dateModified\":\"2026-04-29T18:18:46+00:00\",\"breadcrumb\":{\"@id\":\"https:\/\/carlosoconnor.es\/aos-subdiagnosticada-en-la-esfera-pediatrica\/#breadcrumb\"},\"inLanguage\":\"en-GB\",\"potentialAction\":[{\"@type\":\"ReadAction\",\"target\":[\"https:\/\/carlosoconnor.es\/aos-subdiagnosticada-en-la-esfera-pediatrica\/\"]}]},{\"@type\":\"ImageObject\",\"inLanguage\":\"en-GB\",\"@id\":\"https:\/\/carlosoconnor.es\/aos-subdiagnosticada-en-la-esfera-pediatrica\/#primaryimage\",\"url\":\"https:\/\/carlosoconnor.es\/wp-content\/uploads\/2026\/04\/A013_01-1-1024x683.png\",\"contentUrl\":\"https:\/\/carlosoconnor.es\/wp-content\/uploads\/2026\/04\/A013_01-1-1024x683.png\"},{\"@type\":\"BreadcrumbList\",\"@id\":\"https:\/\/carlosoconnor.es\/aos-subdiagnosticada-en-la-esfera-pediatrica\/#breadcrumb\",\"itemListElement\":[{\"@type\":\"ListItem\",\"position\":1,\"name\":\"Portada\",\"item\":\"https:\/\/carlosoconnor.es\/\"},{\"@type\":\"ListItem\",\"position\":2,\"name\":\"AOS subdiagnosticada en la esfera pedi\u00e1trica\"}]},{\"@type\":\"WebSite\",\"@id\":\"https:\/\/carlosoconnor.es\/#website\",\"url\":\"https:\/\/carlosoconnor.es\/\",\"name\":\"Carlos O&#039;Connor\",\"description\":\"Dr. Carlos O&#039;Connor Reina - Otorrinolaring\u00f3logo\",\"publisher\":{\"@id\":\"https:\/\/carlosoconnor.es\/#organization\"},\"potentialAction\":[{\"@type\":\"SearchAction\",\"target\":{\"@type\":\"EntryPoint\",\"urlTemplate\":\"https:\/\/carlosoconnor.es\/?s={search_term_string}\"},\"query-input\":{\"@type\":\"PropertyValueSpecification\",\"valueRequired\":true,\"valueName\":\"search_term_string\"}}],\"inLanguage\":\"en-GB\"},{\"@type\":\"Organization\",\"@id\":\"https:\/\/carlosoconnor.es\/#organization\",\"name\":\"Carlos O&#039;Connor\",\"url\":\"https:\/\/carlosoconnor.es\/\",\"logo\":{\"@type\":\"ImageObject\",\"inLanguage\":\"en-GB\",\"@id\":\"https:\/\/carlosoconnor.es\/#\/schema\/logo\/image\/\",\"url\":\"https:\/\/carlosoconnor.es\/wp-content\/uploads\/2025\/07\/cropped-logo-wide.png\",\"contentUrl\":\"https:\/\/carlosoconnor.es\/wp-content\/uploads\/2025\/07\/cropped-logo-wide.png\",\"width\":241,\"height\":50,\"caption\":\"Carlos O&#039;Connor\"},\"image\":{\"@id\":\"https:\/\/carlosoconnor.es\/#\/schema\/logo\/image\/\"}},{\"@type\":\"Person\",\"@id\":\"https:\/\/carlosoconnor.es\/#\/schema\/person\/c879dbc2b732eaa32429f50dfbd0a949\",\"name\":\"gestion\",\"sameAs\":[\"https:\/\/www.ycomieronperdices.net\/temp\/oconnor2025\"],\"url\":\"https:\/\/carlosoconnor.es\/en\/author\/gestion\/\"}]}<\/script>\n<!-- \/ Yoast SEO plugin. -->","yoast_head_json":{"title":"AOS subdiagnosticada en la esfera pedi\u00e1trica - Carlos O&#039;Connor","robots":{"index":"index","follow":"follow","max-snippet":"max-snippet:-1","max-image-preview":"max-image-preview:large","max-video-preview":"max-video-preview:-1"},"canonical":"https:\/\/carlosoconnor.es\/en\/aos-subdiagnosticada-en-la-esfera-pediatrica\/","og_locale":"en_GB","og_type":"article","og_title":"AOS subdiagnosticada en la esfera pedi\u00e1trica - Carlos O&#039;Connor","og_description":"En este art\u00edculo se aborda como la AOS a pesar de su alta prevalencia, sigue siendo una condici\u00f3n subdiagnosticada en la pr\u00e1ctica cl\u00ednica. Su impacto va m\u00e1s all\u00e1 del mal&hellip;","og_url":"https:\/\/carlosoconnor.es\/en\/aos-subdiagnosticada-en-la-esfera-pediatrica\/","og_site_name":"Carlos O&#039;Connor","article_published_time":"2026-04-29T18:18:44+00:00","article_modified_time":"2026-04-29T18:18:46+00:00","og_image":[{"width":1024,"height":683,"url":"https:\/\/carlosoconnor.es\/wp-content\/uploads\/2026\/04\/A013_01-1-1024x683.png","type":"image\/png"}],"author":"gestion","twitter_card":"summary_large_image","twitter_misc":{"Written by":"gestion","Estimated reading time":"1 minute"},"schema":{"@context":"https:\/\/schema.org","@graph":[{"@type":"Article","@id":"https:\/\/carlosoconnor.es\/aos-subdiagnosticada-en-la-esfera-pediatrica\/#article","isPartOf":{"@id":"https:\/\/carlosoconnor.es\/aos-subdiagnosticada-en-la-esfera-pediatrica\/"},"author":{"name":"gestion","@id":"https:\/\/carlosoconnor.es\/#\/schema\/person\/c879dbc2b732eaa32429f50dfbd0a949"},"headline":"AOS subdiagnosticada en la esfera pedi\u00e1trica","datePublished":"2026-04-29T18:18:44+00:00","dateModified":"2026-04-29T18:18:46+00:00","mainEntityOfPage":{"@id":"https:\/\/carlosoconnor.es\/aos-subdiagnosticada-en-la-esfera-pediatrica\/"},"wordCount":126,"commentCount":0,"publisher":{"@id":"https:\/\/carlosoconnor.es\/#organization"},"image":{"@id":"https:\/\/carlosoconnor.es\/aos-subdiagnosticada-en-la-esfera-pediatrica\/#primaryimage"},"thumbnailUrl":"https:\/\/carlosoconnor.es\/wp-content\/uploads\/2026\/04\/A013_01-1-1024x683.png","articleSection":["Uncategorized"],"inLanguage":"en-GB","potentialAction":[{"@type":"CommentAction","name":"Comment","target":["https:\/\/carlosoconnor.es\/aos-subdiagnosticada-en-la-esfera-pediatrica\/#respond"]}]},{"@type":"WebPage","@id":"https:\/\/carlosoconnor.es\/aos-subdiagnosticada-en-la-esfera-pediatrica\/","url":"https:\/\/carlosoconnor.es\/aos-subdiagnosticada-en-la-esfera-pediatrica\/","name":"AOS subdiagnosticada en la esfera pedi\u00e1trica - Carlos O&#039;Connor","isPartOf":{"@id":"https:\/\/carlosoconnor.es\/#website"},"primaryImageOfPage":{"@id":"https:\/\/carlosoconnor.es\/aos-subdiagnosticada-en-la-esfera-pediatrica\/#primaryimage"},"image":{"@id":"https:\/\/carlosoconnor.es\/aos-subdiagnosticada-en-la-esfera-pediatrica\/#primaryimage"},"thumbnailUrl":"https:\/\/carlosoconnor.es\/wp-content\/uploads\/2026\/04\/A013_01-1-1024x683.png","datePublished":"2026-04-29T18:18:44+00:00","dateModified":"2026-04-29T18:18:46+00:00","breadcrumb":{"@id":"https:\/\/carlosoconnor.es\/aos-subdiagnosticada-en-la-esfera-pediatrica\/#breadcrumb"},"inLanguage":"en-GB","potentialAction":[{"@type":"ReadAction","target":["https:\/\/carlosoconnor.es\/aos-subdiagnosticada-en-la-esfera-pediatrica\/"]}]},{"@type":"ImageObject","inLanguage":"en-GB","@id":"https:\/\/carlosoconnor.es\/aos-subdiagnosticada-en-la-esfera-pediatrica\/#primaryimage","url":"https:\/\/carlosoconnor.es\/wp-content\/uploads\/2026\/04\/A013_01-1-1024x683.png","contentUrl":"https:\/\/carlosoconnor.es\/wp-content\/uploads\/2026\/04\/A013_01-1-1024x683.png"},{"@type":"BreadcrumbList","@id":"https:\/\/carlosoconnor.es\/aos-subdiagnosticada-en-la-esfera-pediatrica\/#breadcrumb","itemListElement":[{"@type":"ListItem","position":1,"name":"Portada","item":"https:\/\/carlosoconnor.es\/"},{"@type":"ListItem","position":2,"name":"AOS subdiagnosticada en la esfera pedi\u00e1trica"}]},{"@type":"WebSite","@id":"https:\/\/carlosoconnor.es\/#website","url":"https:\/\/carlosoconnor.es\/","name":"Carlos O&#039;Connor","description":"Dr. Carlos O&#039;Connor Reina - Otorrinolaring\u00f3logo","publisher":{"@id":"https:\/\/carlosoconnor.es\/#organization"},"potentialAction":[{"@type":"SearchAction","target":{"@type":"EntryPoint","urlTemplate":"https:\/\/carlosoconnor.es\/?s={search_term_string}"},"query-input":{"@type":"PropertyValueSpecification","valueRequired":true,"valueName":"search_term_string"}}],"inLanguage":"en-GB"},{"@type":"Organization","@id":"https:\/\/carlosoconnor.es\/#organization","name":"Carlos O&#039;Connor","url":"https:\/\/carlosoconnor.es\/","logo":{"@type":"ImageObject","inLanguage":"en-GB","@id":"https:\/\/carlosoconnor.es\/#\/schema\/logo\/image\/","url":"https:\/\/carlosoconnor.es\/wp-content\/uploads\/2025\/07\/cropped-logo-wide.png","contentUrl":"https:\/\/carlosoconnor.es\/wp-content\/uploads\/2025\/07\/cropped-logo-wide.png","width":241,"height":50,"caption":"Carlos O&#039;Connor"},"image":{"@id":"https:\/\/carlosoconnor.es\/#\/schema\/logo\/image\/"}},{"@type":"Person","@id":"https:\/\/carlosoconnor.es\/#\/schema\/person\/c879dbc2b732eaa32429f50dfbd0a949","name":"gestion","sameAs":["https:\/\/www.ycomieronperdices.net\/temp\/oconnor2025"],"url":"https:\/\/carlosoconnor.es\/en\/author\/gestion\/"}]}},"_links":{"self":[{"href":"https:\/\/carlosoconnor.es\/en\/wp-json\/wp\/v2\/posts\/63260","targetHints":{"allow":["GET"]}}],"collection":[{"href":"https:\/\/carlosoconnor.es\/en\/wp-json\/wp\/v2\/posts"}],"about":[{"href":"https:\/\/carlosoconnor.es\/en\/wp-json\/wp\/v2\/types\/post"}],"author":[{"embeddable":true,"href":"https:\/\/carlosoconnor.es\/en\/wp-json\/wp\/v2\/users\/1"}],"replies":[{"embeddable":true,"href":"https:\/\/carlosoconnor.es\/en\/wp-json\/wp\/v2\/comments?post=63260"}],"version-history":[{"count":1,"href":"https:\/\/carlosoconnor.es\/en\/wp-json\/wp\/v2\/posts\/63260\/revisions"}],"predecessor-version":[{"id":63263,"href":"https:\/\/carlosoconnor.es\/en\/wp-json\/wp\/v2\/posts\/63260\/revisions\/63263"}],"wp:attachment":[{"href":"https:\/\/carlosoconnor.es\/en\/wp-json\/wp\/v2\/media?parent=63260"}],"wp:term":[{"taxonomy":"category","embeddable":true,"href":"https:\/\/carlosoconnor.es\/en\/wp-json\/wp\/v2\/categories?post=63260"},{"taxonomy":"post_tag","embeddable":true,"href":"https:\/\/carlosoconnor.es\/en\/wp-json\/wp\/v2\/tags?post=63260"}],"curies":[{"name":"wp","href":"https:\/\/api.w.org\/{rel}","templated":true}]}}