{"id":63244,"date":"2026-04-27T16:19:13","date_gmt":"2026-04-27T14:19:13","guid":{"rendered":"https:\/\/carlosoconnor.es\/?p=63244"},"modified":"2026-04-27T16:28:14","modified_gmt":"2026-04-27T14:28:14","slug":"incidencia-y-gravedad-de-la-aos-despues-de-la-laringectomia-horizontal-parcial-abierta-tipo-ii","status":"publish","type":"post","link":"https:\/\/carlosoconnor.es\/en\/incidencia-y-gravedad-de-la-aos-despues-de-la-laringectomia-horizontal-parcial-abierta-tipo-ii\/","title":{"rendered":"Incidencia y gravedad de la AOS despu\u00e9s de la laringectom\u00eda horizontal parcial abierta tipo II"},"content":{"rendered":"<p>La apnea obstructiva del sue\u00f1o (AOS) se observa cada vez con mayor frecuencia en pacientes sometidos a cirug\u00eda lar\u00edngea supracricoidea; sin embargo, el impacto de los cambios anat\u00f3micos postoperatorios en los trastornos respiratorios del sue\u00f1o a\u00fan no se ha caracterizado suficientemente. Este estudio piloto tuvo como objetivo evaluar la incidencia y gravedad de la AOS despu\u00e9s de la laringectom\u00eda horizontal parcial abierta tipo II (OPHL II) y evaluar las correlaciones entre los par\u00e1metros polisomnogr\u00e1ficos y las mediciones radiol\u00f3gicas de la neolaringe.<br>&#8212;&#8212;&#8212;&#8212;&#8212;&#8212;&#8212;&#8212;<br>Obstructive sleep apnea (OSA) is increasingly observed in patients undergoing supracricoid laryngeal surgery; however, the impact of postoperative anatomical changes on sleep-related breathing disorders has not yet been sufficiently characterized. This pilot study aimed to evaluate the incidence and severity of OSA after open partial horizontal laryngectomy type II (OPHL II) and to assess the correlations between polysomnographic parameters and radiological measurements of the neolarynx.<\/p>\n\n\n\n<p>Link: <a href=\"https:\/\/www.mdpi.com\/2072-6694\/18\/8\/1212\">https:\/\/www.mdpi.com\/2072-6694\/18\/8\/1212<\/a><\/p>\n\n\n\n<figure class=\"wp-block-image size-full\"><img fetchpriority=\"high\" decoding=\"async\" width=\"975\" height=\"545\" src=\"https:\/\/carlosoconnor.es\/wp-content\/uploads\/2026\/04\/gr1.jpeg\" alt=\"gr1\" class=\"wp-image-63246\" srcset=\"https:\/\/carlosoconnor.es\/wp-content\/uploads\/2026\/04\/gr1.jpeg 975w, https:\/\/carlosoconnor.es\/wp-content\/uploads\/2026\/04\/gr1-300x168.jpeg 300w, https:\/\/carlosoconnor.es\/wp-content\/uploads\/2026\/04\/gr1-768x429.jpeg 768w, https:\/\/carlosoconnor.es\/wp-content\/uploads\/2026\/04\/gr1-18x10.jpeg 18w, https:\/\/carlosoconnor.es\/wp-content\/uploads\/2026\/04\/gr1-370x207.jpeg 370w, https:\/\/carlosoconnor.es\/wp-content\/uploads\/2026\/04\/gr1-410x229.jpeg 410w, https:\/\/carlosoconnor.es\/wp-content\/uploads\/2026\/04\/gr1-840x470.jpeg 840w, https:\/\/carlosoconnor.es\/wp-content\/uploads\/2026\/04\/gr1-600x335.jpeg 600w, https:\/\/carlosoconnor.es\/wp-content\/uploads\/2026\/04\/gr1-270x152.jpeg 270w\" sizes=\"(max-width: 975px) 100vw, 975px\" \/><figcaption class=\"wp-element-caption\">gr1<\/figcaption><\/figure>","protected":false},"excerpt":{"rendered":"<p>La apnea obstructiva del sue\u00f1o (AOS) se observa cada vez con mayor frecuencia en pacientes sometidos a cirug\u00eda lar\u00edngea supracricoidea; sin embargo, el impacto de los cambios anat\u00f3micos postoperatorios en&hellip;<\/p>","protected":false},"author":1,"featured_media":0,"comment_status":"open","ping_status":"open","sticky":false,"template":"","format":"standard","meta":{"footnotes":""},"categories":[1],"tags":[],"class_list":["post-63244","post","type-post","status-publish","format-standard","hentry","category-uncategorized"],"yoast_head":"<!-- This site is optimized with the Yoast SEO plugin v26.4 - https:\/\/yoast.com\/wordpress\/plugins\/seo\/ -->\n<title>Incidencia y gravedad de la AOS despu\u00e9s de la laringectom\u00eda horizontal parcial abierta tipo II - Carlos O&#039;Connor<\/title>\n<meta name=\"robots\" content=\"index, follow, max-snippet:-1, max-image-preview:large, max-video-preview:-1\" \/>\n<link rel=\"canonical\" href=\"https:\/\/carlosoconnor.es\/en\/incidencia-y-gravedad-de-la-aos-despues-de-la-laringectomia-horizontal-parcial-abierta-tipo-ii\/\" \/>\n<meta property=\"og:locale\" content=\"en_GB\" \/>\n<meta property=\"og:type\" content=\"article\" \/>\n<meta property=\"og:title\" content=\"Incidencia y gravedad de la AOS despu\u00e9s de la laringectom\u00eda horizontal parcial abierta tipo II - Carlos O&#039;Connor\" \/>\n<meta property=\"og:description\" content=\"La apnea obstructiva del sue\u00f1o (AOS) se observa cada vez con mayor frecuencia en pacientes sometidos a cirug\u00eda lar\u00edngea supracricoidea; sin embargo, el impacto de los cambios anat\u00f3micos postoperatorios en&hellip;\" \/>\n<meta property=\"og:url\" content=\"https:\/\/carlosoconnor.es\/en\/incidencia-y-gravedad-de-la-aos-despues-de-la-laringectomia-horizontal-parcial-abierta-tipo-ii\/\" \/>\n<meta property=\"og:site_name\" content=\"Carlos O&#039;Connor\" \/>\n<meta property=\"article:published_time\" content=\"2026-04-27T14:19:13+00:00\" \/>\n<meta property=\"article:modified_time\" content=\"2026-04-27T14:28:14+00:00\" \/>\n<meta property=\"og:image\" content=\"https:\/\/carlosoconnor.es\/wp-content\/uploads\/2026\/04\/gr1.jpeg\" \/>\n\t<meta property=\"og:image:width\" content=\"975\" \/>\n\t<meta property=\"og:image:height\" content=\"545\" \/>\n\t<meta property=\"og:image:type\" content=\"image\/jpeg\" \/>\n<meta name=\"author\" content=\"gestion\" \/>\n<meta name=\"twitter:card\" content=\"summary_large_image\" \/>\n<meta name=\"twitter:label1\" content=\"Written by\" \/>\n\t<meta name=\"twitter:data1\" content=\"gestion\" \/>\n\t<meta name=\"twitter:label2\" content=\"Estimated reading time\" \/>\n\t<meta name=\"twitter:data2\" content=\"1 minute\" \/>\n<script type=\"application\/ld+json\" class=\"yoast-schema-graph\">{\"@context\":\"https:\/\/schema.org\",\"@graph\":[{\"@type\":\"Article\",\"@id\":\"https:\/\/carlosoconnor.es\/incidencia-y-gravedad-de-la-aos-despues-de-la-laringectomia-horizontal-parcial-abierta-tipo-ii\/#article\",\"isPartOf\":{\"@id\":\"https:\/\/carlosoconnor.es\/incidencia-y-gravedad-de-la-aos-despues-de-la-laringectomia-horizontal-parcial-abierta-tipo-ii\/\"},\"author\":{\"name\":\"gestion\",\"@id\":\"https:\/\/carlosoconnor.es\/#\/schema\/person\/c879dbc2b732eaa32429f50dfbd0a949\"},\"headline\":\"Incidencia y gravedad de la AOS despu\u00e9s de la laringectom\u00eda horizontal parcial abierta tipo II\",\"datePublished\":\"2026-04-27T14:19:13+00:00\",\"dateModified\":\"2026-04-27T14:28:14+00:00\",\"mainEntityOfPage\":{\"@id\":\"https:\/\/carlosoconnor.es\/incidencia-y-gravedad-de-la-aos-despues-de-la-laringectomia-horizontal-parcial-abierta-tipo-ii\/\"},\"wordCount\":182,\"commentCount\":0,\"publisher\":{\"@id\":\"https:\/\/carlosoconnor.es\/#organization\"},\"image\":{\"@id\":\"https:\/\/carlosoconnor.es\/incidencia-y-gravedad-de-la-aos-despues-de-la-laringectomia-horizontal-parcial-abierta-tipo-ii\/#primaryimage\"},\"thumbnailUrl\":\"https:\/\/carlosoconnor.es\/wp-content\/uploads\/2026\/04\/gr1.jpeg\",\"articleSection\":[\"Uncategorized\"],\"inLanguage\":\"en-GB\",\"potentialAction\":[{\"@type\":\"CommentAction\",\"name\":\"Comment\",\"target\":[\"https:\/\/carlosoconnor.es\/incidencia-y-gravedad-de-la-aos-despues-de-la-laringectomia-horizontal-parcial-abierta-tipo-ii\/#respond\"]}]},{\"@type\":\"WebPage\",\"@id\":\"https:\/\/carlosoconnor.es\/incidencia-y-gravedad-de-la-aos-despues-de-la-laringectomia-horizontal-parcial-abierta-tipo-ii\/\",\"url\":\"https:\/\/carlosoconnor.es\/incidencia-y-gravedad-de-la-aos-despues-de-la-laringectomia-horizontal-parcial-abierta-tipo-ii\/\",\"name\":\"Incidencia y gravedad de la AOS despu\u00e9s de la laringectom\u00eda horizontal parcial abierta tipo II - Carlos O&#039;Connor\",\"isPartOf\":{\"@id\":\"https:\/\/carlosoconnor.es\/#website\"},\"primaryImageOfPage\":{\"@id\":\"https:\/\/carlosoconnor.es\/incidencia-y-gravedad-de-la-aos-despues-de-la-laringectomia-horizontal-parcial-abierta-tipo-ii\/#primaryimage\"},\"image\":{\"@id\":\"https:\/\/carlosoconnor.es\/incidencia-y-gravedad-de-la-aos-despues-de-la-laringectomia-horizontal-parcial-abierta-tipo-ii\/#primaryimage\"},\"thumbnailUrl\":\"https:\/\/carlosoconnor.es\/wp-content\/uploads\/2026\/04\/gr1.jpeg\",\"datePublished\":\"2026-04-27T14:19:13+00:00\",\"dateModified\":\"2026-04-27T14:28:14+00:00\",\"breadcrumb\":{\"@id\":\"https:\/\/carlosoconnor.es\/incidencia-y-gravedad-de-la-aos-despues-de-la-laringectomia-horizontal-parcial-abierta-tipo-ii\/#breadcrumb\"},\"inLanguage\":\"en-GB\",\"potentialAction\":[{\"@type\":\"ReadAction\",\"target\":[\"https:\/\/carlosoconnor.es\/incidencia-y-gravedad-de-la-aos-despues-de-la-laringectomia-horizontal-parcial-abierta-tipo-ii\/\"]}]},{\"@type\":\"ImageObject\",\"inLanguage\":\"en-GB\",\"@id\":\"https:\/\/carlosoconnor.es\/incidencia-y-gravedad-de-la-aos-despues-de-la-laringectomia-horizontal-parcial-abierta-tipo-ii\/#primaryimage\",\"url\":\"https:\/\/carlosoconnor.es\/wp-content\/uploads\/2026\/04\/gr1.jpeg\",\"contentUrl\":\"https:\/\/carlosoconnor.es\/wp-content\/uploads\/2026\/04\/gr1.jpeg\"},{\"@type\":\"BreadcrumbList\",\"@id\":\"https:\/\/carlosoconnor.es\/incidencia-y-gravedad-de-la-aos-despues-de-la-laringectomia-horizontal-parcial-abierta-tipo-ii\/#breadcrumb\",\"itemListElement\":[{\"@type\":\"ListItem\",\"position\":1,\"name\":\"Portada\",\"item\":\"https:\/\/carlosoconnor.es\/\"},{\"@type\":\"ListItem\",\"position\":2,\"name\":\"Incidencia y gravedad de la AOS despu\u00e9s de la laringectom\u00eda horizontal parcial abierta tipo II\"}]},{\"@type\":\"WebSite\",\"@id\":\"https:\/\/carlosoconnor.es\/#website\",\"url\":\"https:\/\/carlosoconnor.es\/\",\"name\":\"Carlos O&#039;Connor\",\"description\":\"Dr. Carlos O&#039;Connor Reina - Otorrinolaring\u00f3logo\",\"publisher\":{\"@id\":\"https:\/\/carlosoconnor.es\/#organization\"},\"potentialAction\":[{\"@type\":\"SearchAction\",\"target\":{\"@type\":\"EntryPoint\",\"urlTemplate\":\"https:\/\/carlosoconnor.es\/?s={search_term_string}\"},\"query-input\":{\"@type\":\"PropertyValueSpecification\",\"valueRequired\":true,\"valueName\":\"search_term_string\"}}],\"inLanguage\":\"en-GB\"},{\"@type\":\"Organization\",\"@id\":\"https:\/\/carlosoconnor.es\/#organization\",\"name\":\"Carlos O&#039;Connor\",\"url\":\"https:\/\/carlosoconnor.es\/\",\"logo\":{\"@type\":\"ImageObject\",\"inLanguage\":\"en-GB\",\"@id\":\"https:\/\/carlosoconnor.es\/#\/schema\/logo\/image\/\",\"url\":\"https:\/\/carlosoconnor.es\/wp-content\/uploads\/2025\/07\/cropped-logo-wide.png\",\"contentUrl\":\"https:\/\/carlosoconnor.es\/wp-content\/uploads\/2025\/07\/cropped-logo-wide.png\",\"width\":241,\"height\":50,\"caption\":\"Carlos O&#039;Connor\"},\"image\":{\"@id\":\"https:\/\/carlosoconnor.es\/#\/schema\/logo\/image\/\"}},{\"@type\":\"Person\",\"@id\":\"https:\/\/carlosoconnor.es\/#\/schema\/person\/c879dbc2b732eaa32429f50dfbd0a949\",\"name\":\"gestion\",\"sameAs\":[\"https:\/\/www.ycomieronperdices.net\/temp\/oconnor2025\"],\"url\":\"https:\/\/carlosoconnor.es\/en\/author\/gestion\/\"}]}<\/script>\n<!-- \/ Yoast SEO plugin. -->","yoast_head_json":{"title":"Incidencia y gravedad de la AOS despu\u00e9s de la laringectom\u00eda horizontal parcial abierta tipo II - Carlos O&#039;Connor","robots":{"index":"index","follow":"follow","max-snippet":"max-snippet:-1","max-image-preview":"max-image-preview:large","max-video-preview":"max-video-preview:-1"},"canonical":"https:\/\/carlosoconnor.es\/en\/incidencia-y-gravedad-de-la-aos-despues-de-la-laringectomia-horizontal-parcial-abierta-tipo-ii\/","og_locale":"en_GB","og_type":"article","og_title":"Incidencia y gravedad de la AOS despu\u00e9s de la laringectom\u00eda horizontal parcial abierta tipo II - Carlos O&#039;Connor","og_description":"La apnea obstructiva del sue\u00f1o (AOS) se observa cada vez con mayor frecuencia en pacientes sometidos a cirug\u00eda lar\u00edngea supracricoidea; sin embargo, el impacto de los cambios anat\u00f3micos postoperatorios en&hellip;","og_url":"https:\/\/carlosoconnor.es\/en\/incidencia-y-gravedad-de-la-aos-despues-de-la-laringectomia-horizontal-parcial-abierta-tipo-ii\/","og_site_name":"Carlos O&#039;Connor","article_published_time":"2026-04-27T14:19:13+00:00","article_modified_time":"2026-04-27T14:28:14+00:00","og_image":[{"width":975,"height":545,"url":"https:\/\/carlosoconnor.es\/wp-content\/uploads\/2026\/04\/gr1.jpeg","type":"image\/jpeg"}],"author":"gestion","twitter_card":"summary_large_image","twitter_misc":{"Written by":"gestion","Estimated reading time":"1 minute"},"schema":{"@context":"https:\/\/schema.org","@graph":[{"@type":"Article","@id":"https:\/\/carlosoconnor.es\/incidencia-y-gravedad-de-la-aos-despues-de-la-laringectomia-horizontal-parcial-abierta-tipo-ii\/#article","isPartOf":{"@id":"https:\/\/carlosoconnor.es\/incidencia-y-gravedad-de-la-aos-despues-de-la-laringectomia-horizontal-parcial-abierta-tipo-ii\/"},"author":{"name":"gestion","@id":"https:\/\/carlosoconnor.es\/#\/schema\/person\/c879dbc2b732eaa32429f50dfbd0a949"},"headline":"Incidencia y gravedad de la AOS despu\u00e9s de la laringectom\u00eda horizontal parcial abierta tipo II","datePublished":"2026-04-27T14:19:13+00:00","dateModified":"2026-04-27T14:28:14+00:00","mainEntityOfPage":{"@id":"https:\/\/carlosoconnor.es\/incidencia-y-gravedad-de-la-aos-despues-de-la-laringectomia-horizontal-parcial-abierta-tipo-ii\/"},"wordCount":182,"commentCount":0,"publisher":{"@id":"https:\/\/carlosoconnor.es\/#organization"},"image":{"@id":"https:\/\/carlosoconnor.es\/incidencia-y-gravedad-de-la-aos-despues-de-la-laringectomia-horizontal-parcial-abierta-tipo-ii\/#primaryimage"},"thumbnailUrl":"https:\/\/carlosoconnor.es\/wp-content\/uploads\/2026\/04\/gr1.jpeg","articleSection":["Uncategorized"],"inLanguage":"en-GB","potentialAction":[{"@type":"CommentAction","name":"Comment","target":["https:\/\/carlosoconnor.es\/incidencia-y-gravedad-de-la-aos-despues-de-la-laringectomia-horizontal-parcial-abierta-tipo-ii\/#respond"]}]},{"@type":"WebPage","@id":"https:\/\/carlosoconnor.es\/incidencia-y-gravedad-de-la-aos-despues-de-la-laringectomia-horizontal-parcial-abierta-tipo-ii\/","url":"https:\/\/carlosoconnor.es\/incidencia-y-gravedad-de-la-aos-despues-de-la-laringectomia-horizontal-parcial-abierta-tipo-ii\/","name":"Incidencia y gravedad de la AOS despu\u00e9s de la laringectom\u00eda horizontal parcial abierta tipo II - Carlos O&#039;Connor","isPartOf":{"@id":"https:\/\/carlosoconnor.es\/#website"},"primaryImageOfPage":{"@id":"https:\/\/carlosoconnor.es\/incidencia-y-gravedad-de-la-aos-despues-de-la-laringectomia-horizontal-parcial-abierta-tipo-ii\/#primaryimage"},"image":{"@id":"https:\/\/carlosoconnor.es\/incidencia-y-gravedad-de-la-aos-despues-de-la-laringectomia-horizontal-parcial-abierta-tipo-ii\/#primaryimage"},"thumbnailUrl":"https:\/\/carlosoconnor.es\/wp-content\/uploads\/2026\/04\/gr1.jpeg","datePublished":"2026-04-27T14:19:13+00:00","dateModified":"2026-04-27T14:28:14+00:00","breadcrumb":{"@id":"https:\/\/carlosoconnor.es\/incidencia-y-gravedad-de-la-aos-despues-de-la-laringectomia-horizontal-parcial-abierta-tipo-ii\/#breadcrumb"},"inLanguage":"en-GB","potentialAction":[{"@type":"ReadAction","target":["https:\/\/carlosoconnor.es\/incidencia-y-gravedad-de-la-aos-despues-de-la-laringectomia-horizontal-parcial-abierta-tipo-ii\/"]}]},{"@type":"ImageObject","inLanguage":"en-GB","@id":"https:\/\/carlosoconnor.es\/incidencia-y-gravedad-de-la-aos-despues-de-la-laringectomia-horizontal-parcial-abierta-tipo-ii\/#primaryimage","url":"https:\/\/carlosoconnor.es\/wp-content\/uploads\/2026\/04\/gr1.jpeg","contentUrl":"https:\/\/carlosoconnor.es\/wp-content\/uploads\/2026\/04\/gr1.jpeg"},{"@type":"BreadcrumbList","@id":"https:\/\/carlosoconnor.es\/incidencia-y-gravedad-de-la-aos-despues-de-la-laringectomia-horizontal-parcial-abierta-tipo-ii\/#breadcrumb","itemListElement":[{"@type":"ListItem","position":1,"name":"Portada","item":"https:\/\/carlosoconnor.es\/"},{"@type":"ListItem","position":2,"name":"Incidencia y gravedad de la AOS despu\u00e9s de la laringectom\u00eda horizontal parcial abierta tipo II"}]},{"@type":"WebSite","@id":"https:\/\/carlosoconnor.es\/#website","url":"https:\/\/carlosoconnor.es\/","name":"Carlos O&#039;Connor","description":"Dr. Carlos O&#039;Connor Reina - Otorrinolaring\u00f3logo","publisher":{"@id":"https:\/\/carlosoconnor.es\/#organization"},"potentialAction":[{"@type":"SearchAction","target":{"@type":"EntryPoint","urlTemplate":"https:\/\/carlosoconnor.es\/?s={search_term_string}"},"query-input":{"@type":"PropertyValueSpecification","valueRequired":true,"valueName":"search_term_string"}}],"inLanguage":"en-GB"},{"@type":"Organization","@id":"https:\/\/carlosoconnor.es\/#organization","name":"Carlos O&#039;Connor","url":"https:\/\/carlosoconnor.es\/","logo":{"@type":"ImageObject","inLanguage":"en-GB","@id":"https:\/\/carlosoconnor.es\/#\/schema\/logo\/image\/","url":"https:\/\/carlosoconnor.es\/wp-content\/uploads\/2025\/07\/cropped-logo-wide.png","contentUrl":"https:\/\/carlosoconnor.es\/wp-content\/uploads\/2025\/07\/cropped-logo-wide.png","width":241,"height":50,"caption":"Carlos O&#039;Connor"},"image":{"@id":"https:\/\/carlosoconnor.es\/#\/schema\/logo\/image\/"}},{"@type":"Person","@id":"https:\/\/carlosoconnor.es\/#\/schema\/person\/c879dbc2b732eaa32429f50dfbd0a949","name":"gestion","sameAs":["https:\/\/www.ycomieronperdices.net\/temp\/oconnor2025"],"url":"https:\/\/carlosoconnor.es\/en\/author\/gestion\/"}]}},"_links":{"self":[{"href":"https:\/\/carlosoconnor.es\/en\/wp-json\/wp\/v2\/posts\/63244","targetHints":{"allow":["GET"]}}],"collection":[{"href":"https:\/\/carlosoconnor.es\/en\/wp-json\/wp\/v2\/posts"}],"about":[{"href":"https:\/\/carlosoconnor.es\/en\/wp-json\/wp\/v2\/types\/post"}],"author":[{"embeddable":true,"href":"https:\/\/carlosoconnor.es\/en\/wp-json\/wp\/v2\/users\/1"}],"replies":[{"embeddable":true,"href":"https:\/\/carlosoconnor.es\/en\/wp-json\/wp\/v2\/comments?post=63244"}],"version-history":[{"count":1,"href":"https:\/\/carlosoconnor.es\/en\/wp-json\/wp\/v2\/posts\/63244\/revisions"}],"predecessor-version":[{"id":63247,"href":"https:\/\/carlosoconnor.es\/en\/wp-json\/wp\/v2\/posts\/63244\/revisions\/63247"}],"wp:attachment":[{"href":"https:\/\/carlosoconnor.es\/en\/wp-json\/wp\/v2\/media?parent=63244"}],"wp:term":[{"taxonomy":"category","embeddable":true,"href":"https:\/\/carlosoconnor.es\/en\/wp-json\/wp\/v2\/categories?post=63244"},{"taxonomy":"post_tag","embeddable":true,"href":"https:\/\/carlosoconnor.es\/en\/wp-json\/wp\/v2\/tags?post=63244"}],"curies":[{"name":"wp","href":"https:\/\/api.w.org\/{rel}","templated":true}]}}