{"id":63241,"date":"2026-04-27T15:57:21","date_gmt":"2026-04-27T13:57:21","guid":{"rendered":"https:\/\/carlosoconnor.es\/?p=63241"},"modified":"2026-04-27T15:57:26","modified_gmt":"2026-04-27T13:57:26","slug":"afectacion-por-el-uso-de-metformina-en-las-etapas-del-sueno-en-pacientes-con-dm2-y-sintomas-de-aos","status":"publish","type":"post","link":"https:\/\/carlosoconnor.es\/en\/afectacion-por-el-uso-de-metformina-en-las-etapas-del-sueno-en-pacientes-con-dm2-y-sintomas-de-aos\/","title":{"rendered":"Afectaci\u00f3n por el uso de metformina en las etapas del sue\u00f1o en pacientes con DM2 y s\u00edntomas de AOS"},"content":{"rendered":"<p>Los pacientes con sue\u00f1o deficiente tienen un alto riesgo de desarrollar diabetes mellitus tipo II (DM2). Dado que la DM2 est\u00e1 relacionada con un mayor riesgo de apnea obstructiva del sue\u00f1o (AOS), y la metformina se usa com\u00fanmente para tratar la DM2, en esta investigaci\u00f3n se examin\u00f3 c\u00f3mo la metformina afecta las etapas del sue\u00f1o en pacientes con DM2 concurrente y s\u00edntomas relacionados con la AOS como ronquidos y fatiga.<\/p>\n\n\n\n<p>&#8212;&#8212;&#8212;&#8212;&#8212;&#8212;&#8212;&#8212;&#8212;-<\/p>\n\n\n\n<p>Patients with poor sleep have a high risk of developing type 2 diabetes mellitus (T2DM). Since T2DM is associated with an increased risk of obstructive sleep apnea (OSA), and metformin is commonly used to treat T2DM, this research examined how metformin affects sleep stages in patients with concurrent T2DM and OSA-related symptoms such as snoring and fatigue.<\/p>\n\n\n\n<p>Link: <a href=\"https:\/\/www.mdpi.com\/2673-4540\/7\/4\/75\">https:\/\/www.mdpi.com\/2673-4540\/7\/4\/75<\/a><\/p>\n\n\n\n<figure class=\"wp-block-image size-large\"><img fetchpriority=\"high\" decoding=\"async\" width=\"1024\" height=\"1024\" src=\"https:\/\/carlosoconnor.es\/wp-content\/uploads\/2026\/04\/imagen-1024x1024.png\" alt=\"imagen\" class=\"wp-image-63242\" srcset=\"https:\/\/carlosoconnor.es\/wp-content\/uploads\/2026\/04\/imagen-1024x1024.png 1024w, https:\/\/carlosoconnor.es\/wp-content\/uploads\/2026\/04\/imagen-300x300.png 300w, https:\/\/carlosoconnor.es\/wp-content\/uploads\/2026\/04\/imagen-150x150.png 150w, https:\/\/carlosoconnor.es\/wp-content\/uploads\/2026\/04\/imagen-768x768.png 768w, https:\/\/carlosoconnor.es\/wp-content\/uploads\/2026\/04\/imagen-1536x1536.png 1536w, https:\/\/carlosoconnor.es\/wp-content\/uploads\/2026\/04\/imagen-12x12.png 12w, https:\/\/carlosoconnor.es\/wp-content\/uploads\/2026\/04\/imagen-370x370.png 370w, https:\/\/carlosoconnor.es\/wp-content\/uploads\/2026\/04\/imagen-120x120.png 120w, https:\/\/carlosoconnor.es\/wp-content\/uploads\/2026\/04\/imagen-840x840.png 840w, https:\/\/carlosoconnor.es\/wp-content\/uploads\/2026\/04\/imagen-410x410.png 410w, https:\/\/carlosoconnor.es\/wp-content\/uploads\/2026\/04\/imagen-630x630.png 630w, https:\/\/carlosoconnor.es\/wp-content\/uploads\/2026\/04\/imagen-600x600.png 600w, https:\/\/carlosoconnor.es\/wp-content\/uploads\/2026\/04\/imagen.png 1900w\" sizes=\"(max-width: 1024px) 100vw, 1024px\" \/><figcaption class=\"wp-element-caption\">imagen<\/figcaption><\/figure>","protected":false},"excerpt":{"rendered":"<p>Los pacientes con sue\u00f1o deficiente tienen un alto riesgo de desarrollar diabetes mellitus tipo II (DM2). Dado que la DM2 est\u00e1 relacionada con un mayor riesgo de apnea obstructiva del&hellip;<\/p>","protected":false},"author":1,"featured_media":0,"comment_status":"open","ping_status":"open","sticky":false,"template":"","format":"standard","meta":{"footnotes":""},"categories":[1],"tags":[],"class_list":["post-63241","post","type-post","status-publish","format-standard","hentry","category-uncategorized"],"yoast_head":"<!-- This site is optimized with the Yoast SEO plugin v26.4 - https:\/\/yoast.com\/wordpress\/plugins\/seo\/ -->\n<title>Afectaci\u00f3n por el uso de metformina en las etapas del sue\u00f1o en pacientes con DM2 y s\u00edntomas de AOS - Carlos O&#039;Connor<\/title>\n<meta name=\"robots\" content=\"index, follow, max-snippet:-1, max-image-preview:large, max-video-preview:-1\" \/>\n<link rel=\"canonical\" href=\"https:\/\/carlosoconnor.es\/en\/afectacion-por-el-uso-de-metformina-en-las-etapas-del-sueno-en-pacientes-con-dm2-y-sintomas-de-aos\/\" \/>\n<meta property=\"og:locale\" content=\"en_GB\" \/>\n<meta property=\"og:type\" content=\"article\" \/>\n<meta property=\"og:title\" content=\"Afectaci\u00f3n por el uso de metformina en las etapas del sue\u00f1o en pacientes con DM2 y s\u00edntomas de AOS - Carlos O&#039;Connor\" \/>\n<meta property=\"og:description\" content=\"Los pacientes con sue\u00f1o deficiente tienen un alto riesgo de desarrollar diabetes mellitus tipo II (DM2). Dado que la DM2 est\u00e1 relacionada con un mayor riesgo de apnea obstructiva del&hellip;\" \/>\n<meta property=\"og:url\" content=\"https:\/\/carlosoconnor.es\/en\/afectacion-por-el-uso-de-metformina-en-las-etapas-del-sueno-en-pacientes-con-dm2-y-sintomas-de-aos\/\" \/>\n<meta property=\"og:site_name\" content=\"Carlos O&#039;Connor\" \/>\n<meta property=\"article:published_time\" content=\"2026-04-27T13:57:21+00:00\" \/>\n<meta property=\"article:modified_time\" content=\"2026-04-27T13:57:26+00:00\" \/>\n<meta property=\"og:image\" content=\"https:\/\/carlosoconnor.es\/wp-content\/uploads\/2026\/04\/imagen.png\" \/>\n\t<meta property=\"og:image:width\" content=\"1900\" \/>\n\t<meta property=\"og:image:height\" content=\"1900\" \/>\n\t<meta property=\"og:image:type\" content=\"image\/png\" \/>\n<meta name=\"author\" content=\"gestion\" \/>\n<meta name=\"twitter:card\" content=\"summary_large_image\" \/>\n<meta name=\"twitter:label1\" content=\"Written by\" \/>\n\t<meta name=\"twitter:data1\" content=\"gestion\" \/>\n\t<meta name=\"twitter:label2\" content=\"Estimated reading time\" \/>\n\t<meta name=\"twitter:data2\" content=\"1 minute\" \/>\n<script type=\"application\/ld+json\" class=\"yoast-schema-graph\">{\"@context\":\"https:\/\/schema.org\",\"@graph\":[{\"@type\":\"Article\",\"@id\":\"https:\/\/carlosoconnor.es\/afectacion-por-el-uso-de-metformina-en-las-etapas-del-sueno-en-pacientes-con-dm2-y-sintomas-de-aos\/#article\",\"isPartOf\":{\"@id\":\"https:\/\/carlosoconnor.es\/afectacion-por-el-uso-de-metformina-en-las-etapas-del-sueno-en-pacientes-con-dm2-y-sintomas-de-aos\/\"},\"author\":{\"name\":\"gestion\",\"@id\":\"https:\/\/carlosoconnor.es\/#\/schema\/person\/c879dbc2b732eaa32429f50dfbd0a949\"},\"headline\":\"Afectaci\u00f3n por el uso de metformina en las etapas del sue\u00f1o en pacientes con DM2 y s\u00edntomas de AOS\",\"datePublished\":\"2026-04-27T13:57:21+00:00\",\"dateModified\":\"2026-04-27T13:57:26+00:00\",\"mainEntityOfPage\":{\"@id\":\"https:\/\/carlosoconnor.es\/afectacion-por-el-uso-de-metformina-en-las-etapas-del-sueno-en-pacientes-con-dm2-y-sintomas-de-aos\/\"},\"wordCount\":168,\"commentCount\":0,\"publisher\":{\"@id\":\"https:\/\/carlosoconnor.es\/#organization\"},\"image\":{\"@id\":\"https:\/\/carlosoconnor.es\/afectacion-por-el-uso-de-metformina-en-las-etapas-del-sueno-en-pacientes-con-dm2-y-sintomas-de-aos\/#primaryimage\"},\"thumbnailUrl\":\"https:\/\/carlosoconnor.es\/wp-content\/uploads\/2026\/04\/imagen-1024x1024.png\",\"articleSection\":[\"Uncategorized\"],\"inLanguage\":\"en-GB\",\"potentialAction\":[{\"@type\":\"CommentAction\",\"name\":\"Comment\",\"target\":[\"https:\/\/carlosoconnor.es\/afectacion-por-el-uso-de-metformina-en-las-etapas-del-sueno-en-pacientes-con-dm2-y-sintomas-de-aos\/#respond\"]}]},{\"@type\":\"WebPage\",\"@id\":\"https:\/\/carlosoconnor.es\/afectacion-por-el-uso-de-metformina-en-las-etapas-del-sueno-en-pacientes-con-dm2-y-sintomas-de-aos\/\",\"url\":\"https:\/\/carlosoconnor.es\/afectacion-por-el-uso-de-metformina-en-las-etapas-del-sueno-en-pacientes-con-dm2-y-sintomas-de-aos\/\",\"name\":\"Afectaci\u00f3n por el uso de metformina en las etapas del sue\u00f1o en pacientes con DM2 y s\u00edntomas de AOS - Carlos O&#039;Connor\",\"isPartOf\":{\"@id\":\"https:\/\/carlosoconnor.es\/#website\"},\"primaryImageOfPage\":{\"@id\":\"https:\/\/carlosoconnor.es\/afectacion-por-el-uso-de-metformina-en-las-etapas-del-sueno-en-pacientes-con-dm2-y-sintomas-de-aos\/#primaryimage\"},\"image\":{\"@id\":\"https:\/\/carlosoconnor.es\/afectacion-por-el-uso-de-metformina-en-las-etapas-del-sueno-en-pacientes-con-dm2-y-sintomas-de-aos\/#primaryimage\"},\"thumbnailUrl\":\"https:\/\/carlosoconnor.es\/wp-content\/uploads\/2026\/04\/imagen-1024x1024.png\",\"datePublished\":\"2026-04-27T13:57:21+00:00\",\"dateModified\":\"2026-04-27T13:57:26+00:00\",\"breadcrumb\":{\"@id\":\"https:\/\/carlosoconnor.es\/afectacion-por-el-uso-de-metformina-en-las-etapas-del-sueno-en-pacientes-con-dm2-y-sintomas-de-aos\/#breadcrumb\"},\"inLanguage\":\"en-GB\",\"potentialAction\":[{\"@type\":\"ReadAction\",\"target\":[\"https:\/\/carlosoconnor.es\/afectacion-por-el-uso-de-metformina-en-las-etapas-del-sueno-en-pacientes-con-dm2-y-sintomas-de-aos\/\"]}]},{\"@type\":\"ImageObject\",\"inLanguage\":\"en-GB\",\"@id\":\"https:\/\/carlosoconnor.es\/afectacion-por-el-uso-de-metformina-en-las-etapas-del-sueno-en-pacientes-con-dm2-y-sintomas-de-aos\/#primaryimage\",\"url\":\"https:\/\/carlosoconnor.es\/wp-content\/uploads\/2026\/04\/imagen-1024x1024.png\",\"contentUrl\":\"https:\/\/carlosoconnor.es\/wp-content\/uploads\/2026\/04\/imagen-1024x1024.png\"},{\"@type\":\"BreadcrumbList\",\"@id\":\"https:\/\/carlosoconnor.es\/afectacion-por-el-uso-de-metformina-en-las-etapas-del-sueno-en-pacientes-con-dm2-y-sintomas-de-aos\/#breadcrumb\",\"itemListElement\":[{\"@type\":\"ListItem\",\"position\":1,\"name\":\"Portada\",\"item\":\"https:\/\/carlosoconnor.es\/\"},{\"@type\":\"ListItem\",\"position\":2,\"name\":\"Afectaci\u00f3n por el uso de metformina en las etapas del sue\u00f1o en pacientes con DM2 y s\u00edntomas de AOS\"}]},{\"@type\":\"WebSite\",\"@id\":\"https:\/\/carlosoconnor.es\/#website\",\"url\":\"https:\/\/carlosoconnor.es\/\",\"name\":\"Carlos O&#039;Connor\",\"description\":\"Dr. Carlos O&#039;Connor Reina - Otorrinolaring\u00f3logo\",\"publisher\":{\"@id\":\"https:\/\/carlosoconnor.es\/#organization\"},\"potentialAction\":[{\"@type\":\"SearchAction\",\"target\":{\"@type\":\"EntryPoint\",\"urlTemplate\":\"https:\/\/carlosoconnor.es\/?s={search_term_string}\"},\"query-input\":{\"@type\":\"PropertyValueSpecification\",\"valueRequired\":true,\"valueName\":\"search_term_string\"}}],\"inLanguage\":\"en-GB\"},{\"@type\":\"Organization\",\"@id\":\"https:\/\/carlosoconnor.es\/#organization\",\"name\":\"Carlos O&#039;Connor\",\"url\":\"https:\/\/carlosoconnor.es\/\",\"logo\":{\"@type\":\"ImageObject\",\"inLanguage\":\"en-GB\",\"@id\":\"https:\/\/carlosoconnor.es\/#\/schema\/logo\/image\/\",\"url\":\"https:\/\/carlosoconnor.es\/wp-content\/uploads\/2025\/07\/cropped-logo-wide.png\",\"contentUrl\":\"https:\/\/carlosoconnor.es\/wp-content\/uploads\/2025\/07\/cropped-logo-wide.png\",\"width\":241,\"height\":50,\"caption\":\"Carlos O&#039;Connor\"},\"image\":{\"@id\":\"https:\/\/carlosoconnor.es\/#\/schema\/logo\/image\/\"}},{\"@type\":\"Person\",\"@id\":\"https:\/\/carlosoconnor.es\/#\/schema\/person\/c879dbc2b732eaa32429f50dfbd0a949\",\"name\":\"gestion\",\"sameAs\":[\"https:\/\/www.ycomieronperdices.net\/temp\/oconnor2025\"],\"url\":\"https:\/\/carlosoconnor.es\/en\/author\/gestion\/\"}]}<\/script>\n<!-- \/ Yoast SEO plugin. -->","yoast_head_json":{"title":"Afectaci\u00f3n por el uso de metformina en las etapas del sue\u00f1o en pacientes con DM2 y s\u00edntomas de AOS - Carlos O&#039;Connor","robots":{"index":"index","follow":"follow","max-snippet":"max-snippet:-1","max-image-preview":"max-image-preview:large","max-video-preview":"max-video-preview:-1"},"canonical":"https:\/\/carlosoconnor.es\/en\/afectacion-por-el-uso-de-metformina-en-las-etapas-del-sueno-en-pacientes-con-dm2-y-sintomas-de-aos\/","og_locale":"en_GB","og_type":"article","og_title":"Afectaci\u00f3n por el uso de metformina en las etapas del sue\u00f1o en pacientes con DM2 y s\u00edntomas de AOS - Carlos O&#039;Connor","og_description":"Los pacientes con sue\u00f1o deficiente tienen un alto riesgo de desarrollar diabetes mellitus tipo II (DM2). Dado que la DM2 est\u00e1 relacionada con un mayor riesgo de apnea obstructiva del&hellip;","og_url":"https:\/\/carlosoconnor.es\/en\/afectacion-por-el-uso-de-metformina-en-las-etapas-del-sueno-en-pacientes-con-dm2-y-sintomas-de-aos\/","og_site_name":"Carlos O&#039;Connor","article_published_time":"2026-04-27T13:57:21+00:00","article_modified_time":"2026-04-27T13:57:26+00:00","og_image":[{"width":1900,"height":1900,"url":"https:\/\/carlosoconnor.es\/wp-content\/uploads\/2026\/04\/imagen.png","type":"image\/png"}],"author":"gestion","twitter_card":"summary_large_image","twitter_misc":{"Written by":"gestion","Estimated reading time":"1 minute"},"schema":{"@context":"https:\/\/schema.org","@graph":[{"@type":"Article","@id":"https:\/\/carlosoconnor.es\/afectacion-por-el-uso-de-metformina-en-las-etapas-del-sueno-en-pacientes-con-dm2-y-sintomas-de-aos\/#article","isPartOf":{"@id":"https:\/\/carlosoconnor.es\/afectacion-por-el-uso-de-metformina-en-las-etapas-del-sueno-en-pacientes-con-dm2-y-sintomas-de-aos\/"},"author":{"name":"gestion","@id":"https:\/\/carlosoconnor.es\/#\/schema\/person\/c879dbc2b732eaa32429f50dfbd0a949"},"headline":"Afectaci\u00f3n por el uso de metformina en las etapas del sue\u00f1o en pacientes con DM2 y s\u00edntomas de AOS","datePublished":"2026-04-27T13:57:21+00:00","dateModified":"2026-04-27T13:57:26+00:00","mainEntityOfPage":{"@id":"https:\/\/carlosoconnor.es\/afectacion-por-el-uso-de-metformina-en-las-etapas-del-sueno-en-pacientes-con-dm2-y-sintomas-de-aos\/"},"wordCount":168,"commentCount":0,"publisher":{"@id":"https:\/\/carlosoconnor.es\/#organization"},"image":{"@id":"https:\/\/carlosoconnor.es\/afectacion-por-el-uso-de-metformina-en-las-etapas-del-sueno-en-pacientes-con-dm2-y-sintomas-de-aos\/#primaryimage"},"thumbnailUrl":"https:\/\/carlosoconnor.es\/wp-content\/uploads\/2026\/04\/imagen-1024x1024.png","articleSection":["Uncategorized"],"inLanguage":"en-GB","potentialAction":[{"@type":"CommentAction","name":"Comment","target":["https:\/\/carlosoconnor.es\/afectacion-por-el-uso-de-metformina-en-las-etapas-del-sueno-en-pacientes-con-dm2-y-sintomas-de-aos\/#respond"]}]},{"@type":"WebPage","@id":"https:\/\/carlosoconnor.es\/afectacion-por-el-uso-de-metformina-en-las-etapas-del-sueno-en-pacientes-con-dm2-y-sintomas-de-aos\/","url":"https:\/\/carlosoconnor.es\/afectacion-por-el-uso-de-metformina-en-las-etapas-del-sueno-en-pacientes-con-dm2-y-sintomas-de-aos\/","name":"Afectaci\u00f3n por el uso de metformina en las etapas del sue\u00f1o en pacientes con DM2 y s\u00edntomas de AOS - Carlos O&#039;Connor","isPartOf":{"@id":"https:\/\/carlosoconnor.es\/#website"},"primaryImageOfPage":{"@id":"https:\/\/carlosoconnor.es\/afectacion-por-el-uso-de-metformina-en-las-etapas-del-sueno-en-pacientes-con-dm2-y-sintomas-de-aos\/#primaryimage"},"image":{"@id":"https:\/\/carlosoconnor.es\/afectacion-por-el-uso-de-metformina-en-las-etapas-del-sueno-en-pacientes-con-dm2-y-sintomas-de-aos\/#primaryimage"},"thumbnailUrl":"https:\/\/carlosoconnor.es\/wp-content\/uploads\/2026\/04\/imagen-1024x1024.png","datePublished":"2026-04-27T13:57:21+00:00","dateModified":"2026-04-27T13:57:26+00:00","breadcrumb":{"@id":"https:\/\/carlosoconnor.es\/afectacion-por-el-uso-de-metformina-en-las-etapas-del-sueno-en-pacientes-con-dm2-y-sintomas-de-aos\/#breadcrumb"},"inLanguage":"en-GB","potentialAction":[{"@type":"ReadAction","target":["https:\/\/carlosoconnor.es\/afectacion-por-el-uso-de-metformina-en-las-etapas-del-sueno-en-pacientes-con-dm2-y-sintomas-de-aos\/"]}]},{"@type":"ImageObject","inLanguage":"en-GB","@id":"https:\/\/carlosoconnor.es\/afectacion-por-el-uso-de-metformina-en-las-etapas-del-sueno-en-pacientes-con-dm2-y-sintomas-de-aos\/#primaryimage","url":"https:\/\/carlosoconnor.es\/wp-content\/uploads\/2026\/04\/imagen-1024x1024.png","contentUrl":"https:\/\/carlosoconnor.es\/wp-content\/uploads\/2026\/04\/imagen-1024x1024.png"},{"@type":"BreadcrumbList","@id":"https:\/\/carlosoconnor.es\/afectacion-por-el-uso-de-metformina-en-las-etapas-del-sueno-en-pacientes-con-dm2-y-sintomas-de-aos\/#breadcrumb","itemListElement":[{"@type":"ListItem","position":1,"name":"Portada","item":"https:\/\/carlosoconnor.es\/"},{"@type":"ListItem","position":2,"name":"Afectaci\u00f3n por el uso de metformina en las etapas del sue\u00f1o en pacientes con DM2 y s\u00edntomas de AOS"}]},{"@type":"WebSite","@id":"https:\/\/carlosoconnor.es\/#website","url":"https:\/\/carlosoconnor.es\/","name":"Carlos O&#039;Connor","description":"Dr. Carlos O&#039;Connor Reina - Otorrinolaring\u00f3logo","publisher":{"@id":"https:\/\/carlosoconnor.es\/#organization"},"potentialAction":[{"@type":"SearchAction","target":{"@type":"EntryPoint","urlTemplate":"https:\/\/carlosoconnor.es\/?s={search_term_string}"},"query-input":{"@type":"PropertyValueSpecification","valueRequired":true,"valueName":"search_term_string"}}],"inLanguage":"en-GB"},{"@type":"Organization","@id":"https:\/\/carlosoconnor.es\/#organization","name":"Carlos O&#039;Connor","url":"https:\/\/carlosoconnor.es\/","logo":{"@type":"ImageObject","inLanguage":"en-GB","@id":"https:\/\/carlosoconnor.es\/#\/schema\/logo\/image\/","url":"https:\/\/carlosoconnor.es\/wp-content\/uploads\/2025\/07\/cropped-logo-wide.png","contentUrl":"https:\/\/carlosoconnor.es\/wp-content\/uploads\/2025\/07\/cropped-logo-wide.png","width":241,"height":50,"caption":"Carlos O&#039;Connor"},"image":{"@id":"https:\/\/carlosoconnor.es\/#\/schema\/logo\/image\/"}},{"@type":"Person","@id":"https:\/\/carlosoconnor.es\/#\/schema\/person\/c879dbc2b732eaa32429f50dfbd0a949","name":"gestion","sameAs":["https:\/\/www.ycomieronperdices.net\/temp\/oconnor2025"],"url":"https:\/\/carlosoconnor.es\/en\/author\/gestion\/"}]}},"_links":{"self":[{"href":"https:\/\/carlosoconnor.es\/en\/wp-json\/wp\/v2\/posts\/63241","targetHints":{"allow":["GET"]}}],"collection":[{"href":"https:\/\/carlosoconnor.es\/en\/wp-json\/wp\/v2\/posts"}],"about":[{"href":"https:\/\/carlosoconnor.es\/en\/wp-json\/wp\/v2\/types\/post"}],"author":[{"embeddable":true,"href":"https:\/\/carlosoconnor.es\/en\/wp-json\/wp\/v2\/users\/1"}],"replies":[{"embeddable":true,"href":"https:\/\/carlosoconnor.es\/en\/wp-json\/wp\/v2\/comments?post=63241"}],"version-history":[{"count":1,"href":"https:\/\/carlosoconnor.es\/en\/wp-json\/wp\/v2\/posts\/63241\/revisions"}],"predecessor-version":[{"id":63243,"href":"https:\/\/carlosoconnor.es\/en\/wp-json\/wp\/v2\/posts\/63241\/revisions\/63243"}],"wp:attachment":[{"href":"https:\/\/carlosoconnor.es\/en\/wp-json\/wp\/v2\/media?parent=63241"}],"wp:term":[{"taxonomy":"category","embeddable":true,"href":"https:\/\/carlosoconnor.es\/en\/wp-json\/wp\/v2\/categories?post=63241"},{"taxonomy":"post_tag","embeddable":true,"href":"https:\/\/carlosoconnor.es\/en\/wp-json\/wp\/v2\/tags?post=63241"}],"curies":[{"name":"wp","href":"https:\/\/api.w.org\/{rel}","templated":true}]}}