{"id":60885,"date":"2025-08-30T12:48:00","date_gmt":"2025-08-30T10:48:00","guid":{"rendered":"https:\/\/carlosoconnor.es\/?p=60885"},"modified":"2025-08-30T12:48:58","modified_gmt":"2025-08-30T10:48:58","slug":"material-particulado-influye-en-la-aos-la-obesidad-y-los-trastornos-metabolicos-relacionados","status":"publish","type":"post","link":"https:\/\/carlosoconnor.es\/en\/material-particulado-influye-en-la-aos-la-obesidad-y-los-trastornos-metabolicos-relacionados\/","title":{"rendered":"Material particulado influye en la AOS, la obesidad y los trastornos metab\u00f3licos relacionados"},"content":{"rendered":"<p>Con la acelerada urbanizaci\u00f3n global, comprender el impacto de las emisiones contaminantes y la contaminaci\u00f3n atmosf\u00e9rica en la apnea obstructiva del sue\u00f1o (AOS) y la obesidad ha cobrado cada vez mayor importancia. El material particulado (PM) es un componente importante de la contaminaci\u00f3n atmosf\u00e9rica. Estudios recientes han reportado que el PM influye en la AOS, la obesidad y los trastornos metab\u00f3licos relacionados con esta. En el art\u00edculo que se propone se busca prevenir el impacto de estas emisiones que contaminan el medio ambiente haciendo que tomemos conciencia de la necesidad de reducirlas.<\/p>\n\n\n\n<p>&#8212;&#8212;&#8212;&#8212;&#8212;&#8212;&#8212;&#8212;&#8212;&#8212;-<\/p>\n\n\n\n<p>With rapid global urbanization, understanding the impact of polluting emissions and air pollution on obstructive sleep apnea (OSA) and obesity has become increasingly important. Particulate matter (PM) is a major component of air pollution. Recent studies have reported that PM influences OSA, obesity, and related metabolic disorders. This article seeks to prevent the impact of these emissions on the environment by raising awareness of the need to reduce them.<\/p>\n\n\n\n<p><strong>#apneaobstructivadelsue\u00f1o<\/strong> <strong>#otorrinonaringologia<\/strong> <strong>#obstructivesleepapnea<\/strong> <strong>#otorhinolaryngology<\/strong> <strong>#aos<\/strong> <strong>#osa<\/strong><\/p>\n\n\n\n<p>Link: <a href=\"https:\/\/j-rhinology.org\/journal\/view.php?doi=10.18787\/jr.2025.00016\">https:\/\/j-rhinology.org\/journal\/view.php?doi=10.18787\/jr.2025.00016<\/a><\/p>\n\n\n\n<figure class=\"wp-block-image size-large is-resized\"><img fetchpriority=\"high\" decoding=\"async\" width=\"1024\" height=\"1024\" src=\"https:\/\/carlosoconnor.es\/wp-content\/uploads\/2025\/08\/MixCollage-29-Aug-2025-11-44-AM-2750-1-1024x1024.jpg\" alt=\"\" class=\"wp-image-60887\" style=\"width:631px;height:auto\" srcset=\"https:\/\/carlosoconnor.es\/wp-content\/uploads\/2025\/08\/MixCollage-29-Aug-2025-11-44-AM-2750-1-1024x1024.jpg 1024w, https:\/\/carlosoconnor.es\/wp-content\/uploads\/2025\/08\/MixCollage-29-Aug-2025-11-44-AM-2750-1-300x300.jpg 300w, https:\/\/carlosoconnor.es\/wp-content\/uploads\/2025\/08\/MixCollage-29-Aug-2025-11-44-AM-2750-1-150x150.jpg 150w, https:\/\/carlosoconnor.es\/wp-content\/uploads\/2025\/08\/MixCollage-29-Aug-2025-11-44-AM-2750-1-768x768.jpg 768w, https:\/\/carlosoconnor.es\/wp-content\/uploads\/2025\/08\/MixCollage-29-Aug-2025-11-44-AM-2750-1-1536x1536.jpg 1536w, https:\/\/carlosoconnor.es\/wp-content\/uploads\/2025\/08\/MixCollage-29-Aug-2025-11-44-AM-2750-1-2048x2048.jpg 2048w, https:\/\/carlosoconnor.es\/wp-content\/uploads\/2025\/08\/MixCollage-29-Aug-2025-11-44-AM-2750-1-12x12.jpg 12w, https:\/\/carlosoconnor.es\/wp-content\/uploads\/2025\/08\/MixCollage-29-Aug-2025-11-44-AM-2750-1-370x370.jpg 370w\" sizes=\"(max-width: 1024px) 100vw, 1024px\" \/><\/figure>\n\n\n\n<p><\/p>","protected":false},"excerpt":{"rendered":"<p>Con la acelerada urbanizaci\u00f3n global, comprender el impacto de las emisiones contaminantes y la contaminaci\u00f3n atmosf\u00e9rica en la apnea obstructiva del sue\u00f1o (AOS) y la obesidad ha cobrado cada vez&hellip;<\/p>","protected":false},"author":1,"featured_media":0,"comment_status":"open","ping_status":"open","sticky":false,"template":"","format":"standard","meta":{"footnotes":""},"categories":[270],"tags":[],"class_list":["post-60885","post","type-post","status-publish","format-standard","hentry","category-apnea-obstructiva-del-sueno"],"yoast_head":"<!-- This site is optimized with the Yoast SEO plugin v26.4 - https:\/\/yoast.com\/wordpress\/plugins\/seo\/ -->\n<title>Material particulado influye en la AOS, la obesidad y los trastornos metab\u00f3licos relacionados - Carlos O&#039;Connor<\/title>\n<meta name=\"robots\" content=\"index, follow, max-snippet:-1, max-image-preview:large, max-video-preview:-1\" \/>\n<link rel=\"canonical\" href=\"https:\/\/carlosoconnor.es\/en\/material-particulado-influye-en-la-aos-la-obesidad-y-los-trastornos-metabolicos-relacionados\/\" \/>\n<meta property=\"og:locale\" content=\"en_GB\" \/>\n<meta property=\"og:type\" content=\"article\" \/>\n<meta property=\"og:title\" content=\"Material particulado influye en la AOS, la obesidad y los trastornos metab\u00f3licos relacionados - Carlos O&#039;Connor\" \/>\n<meta property=\"og:description\" content=\"Con la acelerada urbanizaci\u00f3n global, comprender el impacto de las emisiones contaminantes y la contaminaci\u00f3n atmosf\u00e9rica en la apnea obstructiva del sue\u00f1o (AOS) y la obesidad ha cobrado cada vez&hellip;\" \/>\n<meta property=\"og:url\" content=\"https:\/\/carlosoconnor.es\/en\/material-particulado-influye-en-la-aos-la-obesidad-y-los-trastornos-metabolicos-relacionados\/\" \/>\n<meta property=\"og:site_name\" content=\"Carlos O&#039;Connor\" \/>\n<meta property=\"article:published_time\" content=\"2025-08-30T10:48:00+00:00\" \/>\n<meta property=\"article:modified_time\" content=\"2025-08-30T10:48:58+00:00\" \/>\n<meta property=\"og:image\" content=\"https:\/\/carlosoconnor.es\/wp-content\/uploads\/2025\/08\/MixCollage-29-Aug-2025-11-44-AM-2750-1-scaled.jpg\" \/>\n\t<meta property=\"og:image:width\" content=\"2560\" \/>\n\t<meta property=\"og:image:height\" content=\"2560\" \/>\n\t<meta property=\"og:image:type\" content=\"image\/jpeg\" \/>\n<meta name=\"author\" content=\"gestion\" \/>\n<meta name=\"twitter:card\" content=\"summary_large_image\" \/>\n<meta name=\"twitter:label1\" content=\"Written by\" \/>\n\t<meta name=\"twitter:data1\" content=\"gestion\" \/>\n\t<meta name=\"twitter:label2\" content=\"Estimated reading time\" \/>\n\t<meta name=\"twitter:data2\" content=\"1 minute\" \/>\n<script type=\"application\/ld+json\" class=\"yoast-schema-graph\">{\"@context\":\"https:\/\/schema.org\",\"@graph\":[{\"@type\":\"Article\",\"@id\":\"https:\/\/carlosoconnor.es\/material-particulado-influye-en-la-aos-la-obesidad-y-los-trastornos-metabolicos-relacionados\/#article\",\"isPartOf\":{\"@id\":\"https:\/\/carlosoconnor.es\/material-particulado-influye-en-la-aos-la-obesidad-y-los-trastornos-metabolicos-relacionados\/\"},\"author\":{\"name\":\"gestion\",\"@id\":\"https:\/\/carlosoconnor.es\/#\/schema\/person\/c879dbc2b732eaa32429f50dfbd0a949\"},\"headline\":\"Material particulado influye en la AOS, la obesidad y los trastornos metab\u00f3licos relacionados\",\"datePublished\":\"2025-08-30T10:48:00+00:00\",\"dateModified\":\"2025-08-30T10:48:58+00:00\",\"mainEntityOfPage\":{\"@id\":\"https:\/\/carlosoconnor.es\/material-particulado-influye-en-la-aos-la-obesidad-y-los-trastornos-metabolicos-relacionados\/\"},\"wordCount\":201,\"commentCount\":0,\"publisher\":{\"@id\":\"https:\/\/carlosoconnor.es\/#organization\"},\"image\":{\"@id\":\"https:\/\/carlosoconnor.es\/material-particulado-influye-en-la-aos-la-obesidad-y-los-trastornos-metabolicos-relacionados\/#primaryimage\"},\"thumbnailUrl\":\"https:\/\/carlosoconnor.es\/wp-content\/uploads\/2025\/08\/MixCollage-29-Aug-2025-11-44-AM-2750-1-1024x1024.jpg\",\"articleSection\":[\"Apnea obstructiva del sue\u00f1o\"],\"inLanguage\":\"en-GB\",\"potentialAction\":[{\"@type\":\"CommentAction\",\"name\":\"Comment\",\"target\":[\"https:\/\/carlosoconnor.es\/material-particulado-influye-en-la-aos-la-obesidad-y-los-trastornos-metabolicos-relacionados\/#respond\"]}]},{\"@type\":\"WebPage\",\"@id\":\"https:\/\/carlosoconnor.es\/material-particulado-influye-en-la-aos-la-obesidad-y-los-trastornos-metabolicos-relacionados\/\",\"url\":\"https:\/\/carlosoconnor.es\/material-particulado-influye-en-la-aos-la-obesidad-y-los-trastornos-metabolicos-relacionados\/\",\"name\":\"Material particulado influye en la AOS, la obesidad y los trastornos metab\u00f3licos relacionados - Carlos O&#039;Connor\",\"isPartOf\":{\"@id\":\"https:\/\/carlosoconnor.es\/#website\"},\"primaryImageOfPage\":{\"@id\":\"https:\/\/carlosoconnor.es\/material-particulado-influye-en-la-aos-la-obesidad-y-los-trastornos-metabolicos-relacionados\/#primaryimage\"},\"image\":{\"@id\":\"https:\/\/carlosoconnor.es\/material-particulado-influye-en-la-aos-la-obesidad-y-los-trastornos-metabolicos-relacionados\/#primaryimage\"},\"thumbnailUrl\":\"https:\/\/carlosoconnor.es\/wp-content\/uploads\/2025\/08\/MixCollage-29-Aug-2025-11-44-AM-2750-1-1024x1024.jpg\",\"datePublished\":\"2025-08-30T10:48:00+00:00\",\"dateModified\":\"2025-08-30T10:48:58+00:00\",\"breadcrumb\":{\"@id\":\"https:\/\/carlosoconnor.es\/material-particulado-influye-en-la-aos-la-obesidad-y-los-trastornos-metabolicos-relacionados\/#breadcrumb\"},\"inLanguage\":\"en-GB\",\"potentialAction\":[{\"@type\":\"ReadAction\",\"target\":[\"https:\/\/carlosoconnor.es\/material-particulado-influye-en-la-aos-la-obesidad-y-los-trastornos-metabolicos-relacionados\/\"]}]},{\"@type\":\"ImageObject\",\"inLanguage\":\"en-GB\",\"@id\":\"https:\/\/carlosoconnor.es\/material-particulado-influye-en-la-aos-la-obesidad-y-los-trastornos-metabolicos-relacionados\/#primaryimage\",\"url\":\"https:\/\/carlosoconnor.es\/wp-content\/uploads\/2025\/08\/MixCollage-29-Aug-2025-11-44-AM-2750-1-1024x1024.jpg\",\"contentUrl\":\"https:\/\/carlosoconnor.es\/wp-content\/uploads\/2025\/08\/MixCollage-29-Aug-2025-11-44-AM-2750-1-1024x1024.jpg\"},{\"@type\":\"BreadcrumbList\",\"@id\":\"https:\/\/carlosoconnor.es\/material-particulado-influye-en-la-aos-la-obesidad-y-los-trastornos-metabolicos-relacionados\/#breadcrumb\",\"itemListElement\":[{\"@type\":\"ListItem\",\"position\":1,\"name\":\"Portada\",\"item\":\"https:\/\/carlosoconnor.es\/\"},{\"@type\":\"ListItem\",\"position\":2,\"name\":\"Material particulado influye en la AOS, la obesidad y los trastornos metab\u00f3licos relacionados\"}]},{\"@type\":\"WebSite\",\"@id\":\"https:\/\/carlosoconnor.es\/#website\",\"url\":\"https:\/\/carlosoconnor.es\/\",\"name\":\"Carlos O&#039;Connor\",\"description\":\"Dr. Carlos O&#039;Connor Reina - Otorrinolaring\u00f3logo\",\"publisher\":{\"@id\":\"https:\/\/carlosoconnor.es\/#organization\"},\"potentialAction\":[{\"@type\":\"SearchAction\",\"target\":{\"@type\":\"EntryPoint\",\"urlTemplate\":\"https:\/\/carlosoconnor.es\/?s={search_term_string}\"},\"query-input\":{\"@type\":\"PropertyValueSpecification\",\"valueRequired\":true,\"valueName\":\"search_term_string\"}}],\"inLanguage\":\"en-GB\"},{\"@type\":\"Organization\",\"@id\":\"https:\/\/carlosoconnor.es\/#organization\",\"name\":\"Carlos O&#039;Connor\",\"url\":\"https:\/\/carlosoconnor.es\/\",\"logo\":{\"@type\":\"ImageObject\",\"inLanguage\":\"en-GB\",\"@id\":\"https:\/\/carlosoconnor.es\/#\/schema\/logo\/image\/\",\"url\":\"https:\/\/carlosoconnor.es\/wp-content\/uploads\/2025\/07\/cropped-logo-wide.png\",\"contentUrl\":\"https:\/\/carlosoconnor.es\/wp-content\/uploads\/2025\/07\/cropped-logo-wide.png\",\"width\":241,\"height\":50,\"caption\":\"Carlos O&#039;Connor\"},\"image\":{\"@id\":\"https:\/\/carlosoconnor.es\/#\/schema\/logo\/image\/\"}},{\"@type\":\"Person\",\"@id\":\"https:\/\/carlosoconnor.es\/#\/schema\/person\/c879dbc2b732eaa32429f50dfbd0a949\",\"name\":\"gestion\",\"sameAs\":[\"https:\/\/www.ycomieronperdices.net\/temp\/oconnor2025\"],\"url\":\"https:\/\/carlosoconnor.es\/en\/author\/gestion\/\"}]}<\/script>\n<!-- \/ Yoast SEO plugin. -->","yoast_head_json":{"title":"Material particulado influye en la AOS, la obesidad y los trastornos metab\u00f3licos relacionados - Carlos O&#039;Connor","robots":{"index":"index","follow":"follow","max-snippet":"max-snippet:-1","max-image-preview":"max-image-preview:large","max-video-preview":"max-video-preview:-1"},"canonical":"https:\/\/carlosoconnor.es\/en\/material-particulado-influye-en-la-aos-la-obesidad-y-los-trastornos-metabolicos-relacionados\/","og_locale":"en_GB","og_type":"article","og_title":"Material particulado influye en la AOS, la obesidad y los trastornos metab\u00f3licos relacionados - Carlos O&#039;Connor","og_description":"Con la acelerada urbanizaci\u00f3n global, comprender el impacto de las emisiones contaminantes y la contaminaci\u00f3n atmosf\u00e9rica en la apnea obstructiva del sue\u00f1o (AOS) y la obesidad ha cobrado cada vez&hellip;","og_url":"https:\/\/carlosoconnor.es\/en\/material-particulado-influye-en-la-aos-la-obesidad-y-los-trastornos-metabolicos-relacionados\/","og_site_name":"Carlos O&#039;Connor","article_published_time":"2025-08-30T10:48:00+00:00","article_modified_time":"2025-08-30T10:48:58+00:00","og_image":[{"width":2560,"height":2560,"url":"https:\/\/carlosoconnor.es\/wp-content\/uploads\/2025\/08\/MixCollage-29-Aug-2025-11-44-AM-2750-1-scaled.jpg","type":"image\/jpeg"}],"author":"gestion","twitter_card":"summary_large_image","twitter_misc":{"Written by":"gestion","Estimated reading time":"1 minute"},"schema":{"@context":"https:\/\/schema.org","@graph":[{"@type":"Article","@id":"https:\/\/carlosoconnor.es\/material-particulado-influye-en-la-aos-la-obesidad-y-los-trastornos-metabolicos-relacionados\/#article","isPartOf":{"@id":"https:\/\/carlosoconnor.es\/material-particulado-influye-en-la-aos-la-obesidad-y-los-trastornos-metabolicos-relacionados\/"},"author":{"name":"gestion","@id":"https:\/\/carlosoconnor.es\/#\/schema\/person\/c879dbc2b732eaa32429f50dfbd0a949"},"headline":"Material particulado influye en la AOS, la obesidad y los trastornos metab\u00f3licos relacionados","datePublished":"2025-08-30T10:48:00+00:00","dateModified":"2025-08-30T10:48:58+00:00","mainEntityOfPage":{"@id":"https:\/\/carlosoconnor.es\/material-particulado-influye-en-la-aos-la-obesidad-y-los-trastornos-metabolicos-relacionados\/"},"wordCount":201,"commentCount":0,"publisher":{"@id":"https:\/\/carlosoconnor.es\/#organization"},"image":{"@id":"https:\/\/carlosoconnor.es\/material-particulado-influye-en-la-aos-la-obesidad-y-los-trastornos-metabolicos-relacionados\/#primaryimage"},"thumbnailUrl":"https:\/\/carlosoconnor.es\/wp-content\/uploads\/2025\/08\/MixCollage-29-Aug-2025-11-44-AM-2750-1-1024x1024.jpg","articleSection":["Apnea obstructiva del sue\u00f1o"],"inLanguage":"en-GB","potentialAction":[{"@type":"CommentAction","name":"Comment","target":["https:\/\/carlosoconnor.es\/material-particulado-influye-en-la-aos-la-obesidad-y-los-trastornos-metabolicos-relacionados\/#respond"]}]},{"@type":"WebPage","@id":"https:\/\/carlosoconnor.es\/material-particulado-influye-en-la-aos-la-obesidad-y-los-trastornos-metabolicos-relacionados\/","url":"https:\/\/carlosoconnor.es\/material-particulado-influye-en-la-aos-la-obesidad-y-los-trastornos-metabolicos-relacionados\/","name":"Material particulado influye en la AOS, la obesidad y los trastornos metab\u00f3licos relacionados - Carlos O&#039;Connor","isPartOf":{"@id":"https:\/\/carlosoconnor.es\/#website"},"primaryImageOfPage":{"@id":"https:\/\/carlosoconnor.es\/material-particulado-influye-en-la-aos-la-obesidad-y-los-trastornos-metabolicos-relacionados\/#primaryimage"},"image":{"@id":"https:\/\/carlosoconnor.es\/material-particulado-influye-en-la-aos-la-obesidad-y-los-trastornos-metabolicos-relacionados\/#primaryimage"},"thumbnailUrl":"https:\/\/carlosoconnor.es\/wp-content\/uploads\/2025\/08\/MixCollage-29-Aug-2025-11-44-AM-2750-1-1024x1024.jpg","datePublished":"2025-08-30T10:48:00+00:00","dateModified":"2025-08-30T10:48:58+00:00","breadcrumb":{"@id":"https:\/\/carlosoconnor.es\/material-particulado-influye-en-la-aos-la-obesidad-y-los-trastornos-metabolicos-relacionados\/#breadcrumb"},"inLanguage":"en-GB","potentialAction":[{"@type":"ReadAction","target":["https:\/\/carlosoconnor.es\/material-particulado-influye-en-la-aos-la-obesidad-y-los-trastornos-metabolicos-relacionados\/"]}]},{"@type":"ImageObject","inLanguage":"en-GB","@id":"https:\/\/carlosoconnor.es\/material-particulado-influye-en-la-aos-la-obesidad-y-los-trastornos-metabolicos-relacionados\/#primaryimage","url":"https:\/\/carlosoconnor.es\/wp-content\/uploads\/2025\/08\/MixCollage-29-Aug-2025-11-44-AM-2750-1-1024x1024.jpg","contentUrl":"https:\/\/carlosoconnor.es\/wp-content\/uploads\/2025\/08\/MixCollage-29-Aug-2025-11-44-AM-2750-1-1024x1024.jpg"},{"@type":"BreadcrumbList","@id":"https:\/\/carlosoconnor.es\/material-particulado-influye-en-la-aos-la-obesidad-y-los-trastornos-metabolicos-relacionados\/#breadcrumb","itemListElement":[{"@type":"ListItem","position":1,"name":"Portada","item":"https:\/\/carlosoconnor.es\/"},{"@type":"ListItem","position":2,"name":"Material particulado influye en la AOS, la obesidad y los trastornos metab\u00f3licos relacionados"}]},{"@type":"WebSite","@id":"https:\/\/carlosoconnor.es\/#website","url":"https:\/\/carlosoconnor.es\/","name":"Carlos O&#039;Connor","description":"Dr. Carlos O&#039;Connor Reina - Otorrinolaring\u00f3logo","publisher":{"@id":"https:\/\/carlosoconnor.es\/#organization"},"potentialAction":[{"@type":"SearchAction","target":{"@type":"EntryPoint","urlTemplate":"https:\/\/carlosoconnor.es\/?s={search_term_string}"},"query-input":{"@type":"PropertyValueSpecification","valueRequired":true,"valueName":"search_term_string"}}],"inLanguage":"en-GB"},{"@type":"Organization","@id":"https:\/\/carlosoconnor.es\/#organization","name":"Carlos O&#039;Connor","url":"https:\/\/carlosoconnor.es\/","logo":{"@type":"ImageObject","inLanguage":"en-GB","@id":"https:\/\/carlosoconnor.es\/#\/schema\/logo\/image\/","url":"https:\/\/carlosoconnor.es\/wp-content\/uploads\/2025\/07\/cropped-logo-wide.png","contentUrl":"https:\/\/carlosoconnor.es\/wp-content\/uploads\/2025\/07\/cropped-logo-wide.png","width":241,"height":50,"caption":"Carlos O&#039;Connor"},"image":{"@id":"https:\/\/carlosoconnor.es\/#\/schema\/logo\/image\/"}},{"@type":"Person","@id":"https:\/\/carlosoconnor.es\/#\/schema\/person\/c879dbc2b732eaa32429f50dfbd0a949","name":"gestion","sameAs":["https:\/\/www.ycomieronperdices.net\/temp\/oconnor2025"],"url":"https:\/\/carlosoconnor.es\/en\/author\/gestion\/"}]}},"_links":{"self":[{"href":"https:\/\/carlosoconnor.es\/en\/wp-json\/wp\/v2\/posts\/60885","targetHints":{"allow":["GET"]}}],"collection":[{"href":"https:\/\/carlosoconnor.es\/en\/wp-json\/wp\/v2\/posts"}],"about":[{"href":"https:\/\/carlosoconnor.es\/en\/wp-json\/wp\/v2\/types\/post"}],"author":[{"embeddable":true,"href":"https:\/\/carlosoconnor.es\/en\/wp-json\/wp\/v2\/users\/1"}],"replies":[{"embeddable":true,"href":"https:\/\/carlosoconnor.es\/en\/wp-json\/wp\/v2\/comments?post=60885"}],"version-history":[{"count":0,"href":"https:\/\/carlosoconnor.es\/en\/wp-json\/wp\/v2\/posts\/60885\/revisions"}],"wp:attachment":[{"href":"https:\/\/carlosoconnor.es\/en\/wp-json\/wp\/v2\/media?parent=60885"}],"wp:term":[{"taxonomy":"category","embeddable":true,"href":"https:\/\/carlosoconnor.es\/en\/wp-json\/wp\/v2\/categories?post=60885"},{"taxonomy":"post_tag","embeddable":true,"href":"https:\/\/carlosoconnor.es\/en\/wp-json\/wp\/v2\/tags?post=60885"}],"curies":[{"name":"wp","href":"https:\/\/api.w.org\/{rel}","templated":true}]}}