{"id":60835,"date":"2025-08-13T12:18:44","date_gmt":"2025-08-13T10:18:44","guid":{"rendered":"https:\/\/carlosoconnor.es\/?p=60835"},"modified":"2025-08-13T12:19:30","modified_gmt":"2025-08-13T10:19:30","slug":"la-extension-de-la-cabeza-mediante-collarin-cervical-mejora-sintomas-de-la-aos","status":"publish","type":"post","link":"https:\/\/carlosoconnor.es\/en\/la-extension-de-la-cabeza-mediante-collarin-cervical-mejora-sintomas-de-la-aos\/","title":{"rendered":"La extensi\u00f3n de la cabeza mediante collar\u00edn cervical mejora s\u00edntomas de la AOS"},"content":{"rendered":"<p>Como los tratamientos disponibles para la apnea obstructiva del sue\u00f1o est\u00e1n todos asociados con efectos secundarios o problemas de adherencia, existe la necesidad de opciones de tratamiento alternativas. En este estudio de intervenci\u00f3n aleatorizado, abierto y de grupos paralelos, se evalu\u00f3 el efecto de la extensi\u00f3n de la cabeza mediante collar\u00edn cervical en pacientes con apnea obstructiva del sue\u00f1o moderada. Se concluy\u00f3 que la extensi\u00f3n de la cabeza mediante collar\u00edn cervical durante el sue\u00f1o mejor\u00f3 los valores del \u00edndice de eventos respiratorios y del \u00edndice de desaturaci\u00f3n de ox\u00edgeno en pacientes con apnea obstructiva del sue\u00f1o moderada. El collar\u00edn cervical puede ser una opci\u00f3n de tratamiento de segunda l\u00ednea en este grupo, especialmente en la apnea obstructiva del sue\u00f1o posicional.<\/p>\n\n\n\n<p>&#8212;&#8212;&#8212;&#8212;&#8212;&#8212;&#8212;&#8212;&#8212;&#8212;&#8212;<\/p>\n\n\n\n<p>As the available treatments for obstructive sleep apnea are all associated with side effects or adherence problems, there is a need for alternative treatment options. In this randomized, open-label, parallel-group intervention study, the effect of head extension using a cervical collar was evaluated in patients with moderate obstructive sleep apnea. It was concluded that head extension using a cervical collar during sleep improved respiratory event index and oxygen desaturation index scores in patients with moderate obstructive sleep apnea. The cervical collar may be a second-line treatment option in this group, particularly in positional obstructive sleep apnea.<\/p>\n\n\n\n<figure class=\"wp-block-image size-large is-resized\"><img fetchpriority=\"high\" decoding=\"async\" width=\"1024\" height=\"1024\" src=\"https:\/\/carlosoconnor.es\/wp-content\/uploads\/2025\/08\/MixCollage-13-Aug-2025-05-10-AM-9649-1024x1024.jpg\" alt=\"\" class=\"wp-image-60836\" style=\"width:388px;height:auto\" srcset=\"https:\/\/carlosoconnor.es\/wp-content\/uploads\/2025\/08\/MixCollage-13-Aug-2025-05-10-AM-9649-1024x1024.jpg 1024w, https:\/\/carlosoconnor.es\/wp-content\/uploads\/2025\/08\/MixCollage-13-Aug-2025-05-10-AM-9649-300x300.jpg 300w, https:\/\/carlosoconnor.es\/wp-content\/uploads\/2025\/08\/MixCollage-13-Aug-2025-05-10-AM-9649-150x150.jpg 150w, https:\/\/carlosoconnor.es\/wp-content\/uploads\/2025\/08\/MixCollage-13-Aug-2025-05-10-AM-9649-768x768.jpg 768w, https:\/\/carlosoconnor.es\/wp-content\/uploads\/2025\/08\/MixCollage-13-Aug-2025-05-10-AM-9649-1536x1536.jpg 1536w, https:\/\/carlosoconnor.es\/wp-content\/uploads\/2025\/08\/MixCollage-13-Aug-2025-05-10-AM-9649-2048x2048.jpg 2048w, https:\/\/carlosoconnor.es\/wp-content\/uploads\/2025\/08\/MixCollage-13-Aug-2025-05-10-AM-9649-12x12.jpg 12w, https:\/\/carlosoconnor.es\/wp-content\/uploads\/2025\/08\/MixCollage-13-Aug-2025-05-10-AM-9649-370x370.jpg 370w\" sizes=\"(max-width: 1024px) 100vw, 1024px\" \/><\/figure>\n\n\n\n<p><strong>#apneaobstructivadelsue\u00f1o<\/strong> <strong>#otorrinonaringologia<\/strong> <strong>#obstructivesleepapnea<\/strong> <strong>#otorhinolaryngology<\/strong> <strong>#aos<\/strong> <strong>#osa<\/strong><\/p>\n\n\n\n<p>Enlace\/Link: https:\/\/lnkd.in\/durYDDym<\/p>","protected":false},"excerpt":{"rendered":"<p>Como los tratamientos disponibles para la apnea obstructiva del sue\u00f1o est\u00e1n todos asociados con efectos secundarios o problemas de adherencia, existe la necesidad de opciones de tratamiento alternativas. En este&hellip;<\/p>","protected":false},"author":1,"featured_media":0,"comment_status":"open","ping_status":"open","sticky":false,"template":"","format":"standard","meta":{"footnotes":""},"categories":[270,273],"tags":[],"class_list":["post-60835","post","type-post","status-publish","format-standard","hentry","category-apnea-obstructiva-del-sueno","category-sueno"],"yoast_head":"<!-- This site is optimized with the Yoast SEO plugin v26.4 - https:\/\/yoast.com\/wordpress\/plugins\/seo\/ -->\n<title>La extensi\u00f3n de la cabeza mediante collar\u00edn cervical mejora s\u00edntomas de la AOS - Carlos O&#039;Connor<\/title>\n<meta name=\"robots\" content=\"index, follow, max-snippet:-1, max-image-preview:large, max-video-preview:-1\" \/>\n<link rel=\"canonical\" href=\"https:\/\/carlosoconnor.es\/en\/la-extension-de-la-cabeza-mediante-collarin-cervical-mejora-sintomas-de-la-aos\/\" \/>\n<meta property=\"og:locale\" content=\"en_GB\" \/>\n<meta property=\"og:type\" content=\"article\" \/>\n<meta property=\"og:title\" content=\"La extensi\u00f3n de la cabeza mediante collar\u00edn cervical mejora s\u00edntomas de la AOS - Carlos O&#039;Connor\" \/>\n<meta property=\"og:description\" content=\"Como los tratamientos disponibles para la apnea obstructiva del sue\u00f1o est\u00e1n todos asociados con efectos secundarios o problemas de adherencia, existe la necesidad de opciones de tratamiento alternativas. En este&hellip;\" \/>\n<meta property=\"og:url\" content=\"https:\/\/carlosoconnor.es\/en\/la-extension-de-la-cabeza-mediante-collarin-cervical-mejora-sintomas-de-la-aos\/\" \/>\n<meta property=\"og:site_name\" content=\"Carlos O&#039;Connor\" \/>\n<meta property=\"article:published_time\" content=\"2025-08-13T10:18:44+00:00\" \/>\n<meta property=\"article:modified_time\" content=\"2025-08-13T10:19:30+00:00\" \/>\n<meta property=\"og:image\" content=\"https:\/\/carlosoconnor.es\/wp-content\/uploads\/2025\/08\/MixCollage-13-Aug-2025-05-10-AM-9649-scaled.jpg\" \/>\n\t<meta property=\"og:image:width\" content=\"2560\" \/>\n\t<meta property=\"og:image:height\" content=\"2560\" \/>\n\t<meta property=\"og:image:type\" content=\"image\/jpeg\" \/>\n<meta name=\"author\" content=\"gestion\" \/>\n<meta name=\"twitter:card\" content=\"summary_large_image\" \/>\n<meta name=\"twitter:label1\" content=\"Written by\" \/>\n\t<meta name=\"twitter:data1\" content=\"gestion\" \/>\n\t<meta name=\"twitter:label2\" content=\"Estimated reading time\" \/>\n\t<meta name=\"twitter:data2\" content=\"1 minute\" \/>\n<script type=\"application\/ld+json\" class=\"yoast-schema-graph\">{\"@context\":\"https:\/\/schema.org\",\"@graph\":[{\"@type\":\"Article\",\"@id\":\"https:\/\/carlosoconnor.es\/la-extension-de-la-cabeza-mediante-collarin-cervical-mejora-sintomas-de-la-aos\/#article\",\"isPartOf\":{\"@id\":\"https:\/\/carlosoconnor.es\/la-extension-de-la-cabeza-mediante-collarin-cervical-mejora-sintomas-de-la-aos\/\"},\"author\":{\"name\":\"gestion\",\"@id\":\"https:\/\/carlosoconnor.es\/#\/schema\/person\/c879dbc2b732eaa32429f50dfbd0a949\"},\"headline\":\"La extensi\u00f3n de la cabeza mediante collar\u00edn cervical mejora s\u00edntomas de la AOS\",\"datePublished\":\"2025-08-13T10:18:44+00:00\",\"dateModified\":\"2025-08-13T10:19:30+00:00\",\"mainEntityOfPage\":{\"@id\":\"https:\/\/carlosoconnor.es\/la-extension-de-la-cabeza-mediante-collarin-cervical-mejora-sintomas-de-la-aos\/\"},\"wordCount\":262,\"commentCount\":0,\"publisher\":{\"@id\":\"https:\/\/carlosoconnor.es\/#organization\"},\"image\":{\"@id\":\"https:\/\/carlosoconnor.es\/la-extension-de-la-cabeza-mediante-collarin-cervical-mejora-sintomas-de-la-aos\/#primaryimage\"},\"thumbnailUrl\":\"https:\/\/carlosoconnor.es\/wp-content\/uploads\/2025\/08\/MixCollage-13-Aug-2025-05-10-AM-9649-1024x1024.jpg\",\"articleSection\":[\"Apnea obstructiva del sue\u00f1o\",\"Sue\u00f1o\"],\"inLanguage\":\"en-GB\",\"potentialAction\":[{\"@type\":\"CommentAction\",\"name\":\"Comment\",\"target\":[\"https:\/\/carlosoconnor.es\/la-extension-de-la-cabeza-mediante-collarin-cervical-mejora-sintomas-de-la-aos\/#respond\"]}]},{\"@type\":\"WebPage\",\"@id\":\"https:\/\/carlosoconnor.es\/la-extension-de-la-cabeza-mediante-collarin-cervical-mejora-sintomas-de-la-aos\/\",\"url\":\"https:\/\/carlosoconnor.es\/la-extension-de-la-cabeza-mediante-collarin-cervical-mejora-sintomas-de-la-aos\/\",\"name\":\"La extensi\u00f3n de la cabeza mediante collar\u00edn cervical mejora s\u00edntomas de la AOS - Carlos O&#039;Connor\",\"isPartOf\":{\"@id\":\"https:\/\/carlosoconnor.es\/#website\"},\"primaryImageOfPage\":{\"@id\":\"https:\/\/carlosoconnor.es\/la-extension-de-la-cabeza-mediante-collarin-cervical-mejora-sintomas-de-la-aos\/#primaryimage\"},\"image\":{\"@id\":\"https:\/\/carlosoconnor.es\/la-extension-de-la-cabeza-mediante-collarin-cervical-mejora-sintomas-de-la-aos\/#primaryimage\"},\"thumbnailUrl\":\"https:\/\/carlosoconnor.es\/wp-content\/uploads\/2025\/08\/MixCollage-13-Aug-2025-05-10-AM-9649-1024x1024.jpg\",\"datePublished\":\"2025-08-13T10:18:44+00:00\",\"dateModified\":\"2025-08-13T10:19:30+00:00\",\"breadcrumb\":{\"@id\":\"https:\/\/carlosoconnor.es\/la-extension-de-la-cabeza-mediante-collarin-cervical-mejora-sintomas-de-la-aos\/#breadcrumb\"},\"inLanguage\":\"en-GB\",\"potentialAction\":[{\"@type\":\"ReadAction\",\"target\":[\"https:\/\/carlosoconnor.es\/la-extension-de-la-cabeza-mediante-collarin-cervical-mejora-sintomas-de-la-aos\/\"]}]},{\"@type\":\"ImageObject\",\"inLanguage\":\"en-GB\",\"@id\":\"https:\/\/carlosoconnor.es\/la-extension-de-la-cabeza-mediante-collarin-cervical-mejora-sintomas-de-la-aos\/#primaryimage\",\"url\":\"https:\/\/carlosoconnor.es\/wp-content\/uploads\/2025\/08\/MixCollage-13-Aug-2025-05-10-AM-9649-1024x1024.jpg\",\"contentUrl\":\"https:\/\/carlosoconnor.es\/wp-content\/uploads\/2025\/08\/MixCollage-13-Aug-2025-05-10-AM-9649-1024x1024.jpg\"},{\"@type\":\"BreadcrumbList\",\"@id\":\"https:\/\/carlosoconnor.es\/la-extension-de-la-cabeza-mediante-collarin-cervical-mejora-sintomas-de-la-aos\/#breadcrumb\",\"itemListElement\":[{\"@type\":\"ListItem\",\"position\":1,\"name\":\"Portada\",\"item\":\"https:\/\/carlosoconnor.es\/\"},{\"@type\":\"ListItem\",\"position\":2,\"name\":\"La extensi\u00f3n de la cabeza mediante collar\u00edn cervical mejora s\u00edntomas de la AOS\"}]},{\"@type\":\"WebSite\",\"@id\":\"https:\/\/carlosoconnor.es\/#website\",\"url\":\"https:\/\/carlosoconnor.es\/\",\"name\":\"Carlos O&#039;Connor\",\"description\":\"Dr. Carlos O&#039;Connor Reina - Otorrinolaring\u00f3logo\",\"publisher\":{\"@id\":\"https:\/\/carlosoconnor.es\/#organization\"},\"potentialAction\":[{\"@type\":\"SearchAction\",\"target\":{\"@type\":\"EntryPoint\",\"urlTemplate\":\"https:\/\/carlosoconnor.es\/?s={search_term_string}\"},\"query-input\":{\"@type\":\"PropertyValueSpecification\",\"valueRequired\":true,\"valueName\":\"search_term_string\"}}],\"inLanguage\":\"en-GB\"},{\"@type\":\"Organization\",\"@id\":\"https:\/\/carlosoconnor.es\/#organization\",\"name\":\"Carlos O&#039;Connor\",\"url\":\"https:\/\/carlosoconnor.es\/\",\"logo\":{\"@type\":\"ImageObject\",\"inLanguage\":\"en-GB\",\"@id\":\"https:\/\/carlosoconnor.es\/#\/schema\/logo\/image\/\",\"url\":\"https:\/\/carlosoconnor.es\/wp-content\/uploads\/2025\/07\/cropped-logo-wide.png\",\"contentUrl\":\"https:\/\/carlosoconnor.es\/wp-content\/uploads\/2025\/07\/cropped-logo-wide.png\",\"width\":241,\"height\":50,\"caption\":\"Carlos O&#039;Connor\"},\"image\":{\"@id\":\"https:\/\/carlosoconnor.es\/#\/schema\/logo\/image\/\"}},{\"@type\":\"Person\",\"@id\":\"https:\/\/carlosoconnor.es\/#\/schema\/person\/c879dbc2b732eaa32429f50dfbd0a949\",\"name\":\"gestion\",\"sameAs\":[\"https:\/\/www.ycomieronperdices.net\/temp\/oconnor2025\"],\"url\":\"https:\/\/carlosoconnor.es\/en\/author\/gestion\/\"}]}<\/script>\n<!-- \/ Yoast SEO plugin. -->","yoast_head_json":{"title":"La extensi\u00f3n de la cabeza mediante collar\u00edn cervical mejora s\u00edntomas de la AOS - Carlos O&#039;Connor","robots":{"index":"index","follow":"follow","max-snippet":"max-snippet:-1","max-image-preview":"max-image-preview:large","max-video-preview":"max-video-preview:-1"},"canonical":"https:\/\/carlosoconnor.es\/en\/la-extension-de-la-cabeza-mediante-collarin-cervical-mejora-sintomas-de-la-aos\/","og_locale":"en_GB","og_type":"article","og_title":"La extensi\u00f3n de la cabeza mediante collar\u00edn cervical mejora s\u00edntomas de la AOS - Carlos O&#039;Connor","og_description":"Como los tratamientos disponibles para la apnea obstructiva del sue\u00f1o est\u00e1n todos asociados con efectos secundarios o problemas de adherencia, existe la necesidad de opciones de tratamiento alternativas. En este&hellip;","og_url":"https:\/\/carlosoconnor.es\/en\/la-extension-de-la-cabeza-mediante-collarin-cervical-mejora-sintomas-de-la-aos\/","og_site_name":"Carlos O&#039;Connor","article_published_time":"2025-08-13T10:18:44+00:00","article_modified_time":"2025-08-13T10:19:30+00:00","og_image":[{"width":2560,"height":2560,"url":"https:\/\/carlosoconnor.es\/wp-content\/uploads\/2025\/08\/MixCollage-13-Aug-2025-05-10-AM-9649-scaled.jpg","type":"image\/jpeg"}],"author":"gestion","twitter_card":"summary_large_image","twitter_misc":{"Written by":"gestion","Estimated reading time":"1 minute"},"schema":{"@context":"https:\/\/schema.org","@graph":[{"@type":"Article","@id":"https:\/\/carlosoconnor.es\/la-extension-de-la-cabeza-mediante-collarin-cervical-mejora-sintomas-de-la-aos\/#article","isPartOf":{"@id":"https:\/\/carlosoconnor.es\/la-extension-de-la-cabeza-mediante-collarin-cervical-mejora-sintomas-de-la-aos\/"},"author":{"name":"gestion","@id":"https:\/\/carlosoconnor.es\/#\/schema\/person\/c879dbc2b732eaa32429f50dfbd0a949"},"headline":"La extensi\u00f3n de la cabeza mediante collar\u00edn cervical mejora s\u00edntomas de la AOS","datePublished":"2025-08-13T10:18:44+00:00","dateModified":"2025-08-13T10:19:30+00:00","mainEntityOfPage":{"@id":"https:\/\/carlosoconnor.es\/la-extension-de-la-cabeza-mediante-collarin-cervical-mejora-sintomas-de-la-aos\/"},"wordCount":262,"commentCount":0,"publisher":{"@id":"https:\/\/carlosoconnor.es\/#organization"},"image":{"@id":"https:\/\/carlosoconnor.es\/la-extension-de-la-cabeza-mediante-collarin-cervical-mejora-sintomas-de-la-aos\/#primaryimage"},"thumbnailUrl":"https:\/\/carlosoconnor.es\/wp-content\/uploads\/2025\/08\/MixCollage-13-Aug-2025-05-10-AM-9649-1024x1024.jpg","articleSection":["Apnea obstructiva del sue\u00f1o","Sue\u00f1o"],"inLanguage":"en-GB","potentialAction":[{"@type":"CommentAction","name":"Comment","target":["https:\/\/carlosoconnor.es\/la-extension-de-la-cabeza-mediante-collarin-cervical-mejora-sintomas-de-la-aos\/#respond"]}]},{"@type":"WebPage","@id":"https:\/\/carlosoconnor.es\/la-extension-de-la-cabeza-mediante-collarin-cervical-mejora-sintomas-de-la-aos\/","url":"https:\/\/carlosoconnor.es\/la-extension-de-la-cabeza-mediante-collarin-cervical-mejora-sintomas-de-la-aos\/","name":"La extensi\u00f3n de la cabeza mediante collar\u00edn cervical mejora s\u00edntomas de la AOS - Carlos O&#039;Connor","isPartOf":{"@id":"https:\/\/carlosoconnor.es\/#website"},"primaryImageOfPage":{"@id":"https:\/\/carlosoconnor.es\/la-extension-de-la-cabeza-mediante-collarin-cervical-mejora-sintomas-de-la-aos\/#primaryimage"},"image":{"@id":"https:\/\/carlosoconnor.es\/la-extension-de-la-cabeza-mediante-collarin-cervical-mejora-sintomas-de-la-aos\/#primaryimage"},"thumbnailUrl":"https:\/\/carlosoconnor.es\/wp-content\/uploads\/2025\/08\/MixCollage-13-Aug-2025-05-10-AM-9649-1024x1024.jpg","datePublished":"2025-08-13T10:18:44+00:00","dateModified":"2025-08-13T10:19:30+00:00","breadcrumb":{"@id":"https:\/\/carlosoconnor.es\/la-extension-de-la-cabeza-mediante-collarin-cervical-mejora-sintomas-de-la-aos\/#breadcrumb"},"inLanguage":"en-GB","potentialAction":[{"@type":"ReadAction","target":["https:\/\/carlosoconnor.es\/la-extension-de-la-cabeza-mediante-collarin-cervical-mejora-sintomas-de-la-aos\/"]}]},{"@type":"ImageObject","inLanguage":"en-GB","@id":"https:\/\/carlosoconnor.es\/la-extension-de-la-cabeza-mediante-collarin-cervical-mejora-sintomas-de-la-aos\/#primaryimage","url":"https:\/\/carlosoconnor.es\/wp-content\/uploads\/2025\/08\/MixCollage-13-Aug-2025-05-10-AM-9649-1024x1024.jpg","contentUrl":"https:\/\/carlosoconnor.es\/wp-content\/uploads\/2025\/08\/MixCollage-13-Aug-2025-05-10-AM-9649-1024x1024.jpg"},{"@type":"BreadcrumbList","@id":"https:\/\/carlosoconnor.es\/la-extension-de-la-cabeza-mediante-collarin-cervical-mejora-sintomas-de-la-aos\/#breadcrumb","itemListElement":[{"@type":"ListItem","position":1,"name":"Portada","item":"https:\/\/carlosoconnor.es\/"},{"@type":"ListItem","position":2,"name":"La extensi\u00f3n de la cabeza mediante collar\u00edn cervical mejora s\u00edntomas de la AOS"}]},{"@type":"WebSite","@id":"https:\/\/carlosoconnor.es\/#website","url":"https:\/\/carlosoconnor.es\/","name":"Carlos O&#039;Connor","description":"Dr. Carlos O&#039;Connor Reina - Otorrinolaring\u00f3logo","publisher":{"@id":"https:\/\/carlosoconnor.es\/#organization"},"potentialAction":[{"@type":"SearchAction","target":{"@type":"EntryPoint","urlTemplate":"https:\/\/carlosoconnor.es\/?s={search_term_string}"},"query-input":{"@type":"PropertyValueSpecification","valueRequired":true,"valueName":"search_term_string"}}],"inLanguage":"en-GB"},{"@type":"Organization","@id":"https:\/\/carlosoconnor.es\/#organization","name":"Carlos O&#039;Connor","url":"https:\/\/carlosoconnor.es\/","logo":{"@type":"ImageObject","inLanguage":"en-GB","@id":"https:\/\/carlosoconnor.es\/#\/schema\/logo\/image\/","url":"https:\/\/carlosoconnor.es\/wp-content\/uploads\/2025\/07\/cropped-logo-wide.png","contentUrl":"https:\/\/carlosoconnor.es\/wp-content\/uploads\/2025\/07\/cropped-logo-wide.png","width":241,"height":50,"caption":"Carlos O&#039;Connor"},"image":{"@id":"https:\/\/carlosoconnor.es\/#\/schema\/logo\/image\/"}},{"@type":"Person","@id":"https:\/\/carlosoconnor.es\/#\/schema\/person\/c879dbc2b732eaa32429f50dfbd0a949","name":"gestion","sameAs":["https:\/\/www.ycomieronperdices.net\/temp\/oconnor2025"],"url":"https:\/\/carlosoconnor.es\/en\/author\/gestion\/"}]}},"_links":{"self":[{"href":"https:\/\/carlosoconnor.es\/en\/wp-json\/wp\/v2\/posts\/60835","targetHints":{"allow":["GET"]}}],"collection":[{"href":"https:\/\/carlosoconnor.es\/en\/wp-json\/wp\/v2\/posts"}],"about":[{"href":"https:\/\/carlosoconnor.es\/en\/wp-json\/wp\/v2\/types\/post"}],"author":[{"embeddable":true,"href":"https:\/\/carlosoconnor.es\/en\/wp-json\/wp\/v2\/users\/1"}],"replies":[{"embeddable":true,"href":"https:\/\/carlosoconnor.es\/en\/wp-json\/wp\/v2\/comments?post=60835"}],"version-history":[{"count":0,"href":"https:\/\/carlosoconnor.es\/en\/wp-json\/wp\/v2\/posts\/60835\/revisions"}],"wp:attachment":[{"href":"https:\/\/carlosoconnor.es\/en\/wp-json\/wp\/v2\/media?parent=60835"}],"wp:term":[{"taxonomy":"category","embeddable":true,"href":"https:\/\/carlosoconnor.es\/en\/wp-json\/wp\/v2\/categories?post=60835"},{"taxonomy":"post_tag","embeddable":true,"href":"https:\/\/carlosoconnor.es\/en\/wp-json\/wp\/v2\/tags?post=60835"}],"curies":[{"name":"wp","href":"https:\/\/api.w.org\/{rel}","templated":true}]}}