{"id":59686,"date":"2025-06-25T06:30:00","date_gmt":"2025-06-25T04:30:00","guid":{"rendered":"https:\/\/www.ycomieronperdices.net\/temp\/oconnor2025\/subestimacion-de-la-apnea-del-sueno-con-las-enfermedades-cardiovasculares-y-endocrinas-cronicas\/"},"modified":"2025-07-24T11:50:19","modified_gmt":"2025-07-24T09:50:19","slug":"subestimacion-de-la-apnea-del-sueno-con-las-enfermedades-cardiovasculares-y-endocrinas-cronicas","status":"publish","type":"post","link":"https:\/\/carlosoconnor.es\/en\/subestimacion-de-la-apnea-del-sueno-con-las-enfermedades-cardiovasculares-y-endocrinas-cronicas\/","title":{"rendered":"Underestimation of sleep apnea in chronic cardiovascular and endocrine diseases"},"content":{"rendered":"<p>Obstructive sleep apnea, or OSA, is a condition that affects approximately 50 million adults in the U.S., but only 20% have an official diagnosis. In this article, MedCentral editor Angie Drakulich speaks with Dr. Susan Redline about this gap and the frequent underestimation of sleep apnea in chronic cardiovascular and endocrine diseases. Dr. Susan Redline is co-founder and board director of the Alliance of Sleep Apnea Partners (ASAP).<\/p>\n<p>&#8212;&#8212;&#8212;&#8212;&#8212;&#8212;&#8212;&#8212;&#8212;&#8212;&#8212;&#8212;&#8212;&#8212;-<\/p>\n<p><strong>#apneaobstructivadelsue\u00f1o<\/strong> <strong>#otorrinonaringologia<\/strong> <strong>#obstructivesleepapnea<\/strong> <strong>#otorhinolaryngology<\/strong> <strong>#aos<\/strong> <strong>#osa<\/strong><\/p>\n<p>Link:<\/p>\n<p><a href=\"https:\/\/www.medcentral.com\/osa\/sleep-apnea-clinical-considerations-in-chronic-disease-care\">https:\/\/www.medcentral.com\/osa&#8230;<\/a><\/p>\n<figure><\/figure>","protected":false},"excerpt":{"rendered":"<p>La apnea obstructiva del sue\u00f1o, o AOS, es una enfermedad que afecta a aproximadamente 50 millones de adultos en EE. UU., pero solo el 20 % tiene un diagn\u00f3stico oficial.&hellip;<\/p>","protected":false},"author":1,"featured_media":60407,"comment_status":"open","ping_status":"open","sticky":false,"template":"","format":"standard","meta":{"footnotes":""},"categories":[270],"tags":[],"class_list":["post-59686","post","type-post","status-publish","format-standard","has-post-thumbnail","hentry","category-apnea-obstructiva-del-sueno"],"yoast_head":"<!-- This site is optimized with the Yoast SEO plugin v26.4 - https:\/\/yoast.com\/wordpress\/plugins\/seo\/ -->\n<title>Subestimaci\u00f3n de la apnea del sue\u00f1o con las enfermedades cardiovasculares y endocrinas cr\u00f3nicas - Carlos O&#039;Connor<\/title>\n<meta name=\"robots\" content=\"index, follow, max-snippet:-1, max-image-preview:large, max-video-preview:-1\" \/>\n<link rel=\"canonical\" href=\"https:\/\/carlosoconnor.es\/en\/subestimacion-de-la-apnea-del-sueno-con-las-enfermedades-cardiovasculares-y-endocrinas-cronicas\/\" \/>\n<meta property=\"og:locale\" content=\"en_GB\" \/>\n<meta property=\"og:type\" content=\"article\" \/>\n<meta property=\"og:title\" content=\"Subestimaci\u00f3n de la apnea del sue\u00f1o con las enfermedades cardiovasculares y endocrinas cr\u00f3nicas - Carlos O&#039;Connor\" \/>\n<meta property=\"og:description\" content=\"La apnea obstructiva del sue\u00f1o, o AOS, es una enfermedad que afecta a aproximadamente 50 millones de adultos en EE. UU., pero solo el 20 % tiene un diagn\u00f3stico oficial.&hellip;\" \/>\n<meta property=\"og:url\" content=\"https:\/\/carlosoconnor.es\/en\/subestimacion-de-la-apnea-del-sueno-con-las-enfermedades-cardiovasculares-y-endocrinas-cronicas\/\" \/>\n<meta property=\"og:site_name\" content=\"Carlos O&#039;Connor\" \/>\n<meta property=\"article:published_time\" content=\"2025-06-25T04:30:00+00:00\" \/>\n<meta property=\"article:modified_time\" content=\"2025-07-24T09:50:19+00:00\" \/>\n<meta property=\"og:image\" content=\"https:\/\/carlosoconnor.es\/wp-content\/uploads\/2025\/06\/1750859322021.jpg\" \/>\n\t<meta property=\"og:image:width\" content=\"800\" \/>\n\t<meta property=\"og:image:height\" content=\"279\" \/>\n\t<meta property=\"og:image:type\" content=\"image\/jpeg\" \/>\n<meta name=\"author\" content=\"gestion\" \/>\n<meta name=\"twitter:card\" content=\"summary_large_image\" \/>\n<meta name=\"twitter:label1\" content=\"Written by\" \/>\n\t<meta name=\"twitter:data1\" content=\"gestion\" \/>\n\t<meta name=\"twitter:label2\" content=\"Estimated reading time\" \/>\n\t<meta name=\"twitter:data2\" content=\"1 minute\" \/>\n<script type=\"application\/ld+json\" class=\"yoast-schema-graph\">{\"@context\":\"https:\/\/schema.org\",\"@graph\":[{\"@type\":\"Article\",\"@id\":\"https:\/\/carlosoconnor.es\/subestimacion-de-la-apnea-del-sueno-con-las-enfermedades-cardiovasculares-y-endocrinas-cronicas\/#article\",\"isPartOf\":{\"@id\":\"https:\/\/carlosoconnor.es\/subestimacion-de-la-apnea-del-sueno-con-las-enfermedades-cardiovasculares-y-endocrinas-cronicas\/\"},\"author\":{\"name\":\"gestion\",\"@id\":\"https:\/\/carlosoconnor.es\/#\/schema\/person\/c879dbc2b732eaa32429f50dfbd0a949\"},\"headline\":\"Subestimaci\u00f3n de la apnea del sue\u00f1o con las enfermedades cardiovasculares y endocrinas cr\u00f3nicas\",\"datePublished\":\"2025-06-25T04:30:00+00:00\",\"dateModified\":\"2025-07-24T09:50:19+00:00\",\"mainEntityOfPage\":{\"@id\":\"https:\/\/carlosoconnor.es\/subestimacion-de-la-apnea-del-sueno-con-las-enfermedades-cardiovasculares-y-endocrinas-cronicas\/\"},\"wordCount\":121,\"commentCount\":0,\"publisher\":{\"@id\":\"https:\/\/carlosoconnor.es\/#organization\"},\"image\":{\"@id\":\"https:\/\/carlosoconnor.es\/subestimacion-de-la-apnea-del-sueno-con-las-enfermedades-cardiovasculares-y-endocrinas-cronicas\/#primaryimage\"},\"thumbnailUrl\":\"https:\/\/carlosoconnor.es\/wp-content\/uploads\/2025\/06\/1750859322021.jpg\",\"articleSection\":[\"Apnea obstructiva del sue\u00f1o\"],\"inLanguage\":\"en-GB\",\"potentialAction\":[{\"@type\":\"CommentAction\",\"name\":\"Comment\",\"target\":[\"https:\/\/carlosoconnor.es\/subestimacion-de-la-apnea-del-sueno-con-las-enfermedades-cardiovasculares-y-endocrinas-cronicas\/#respond\"]}]},{\"@type\":\"WebPage\",\"@id\":\"https:\/\/carlosoconnor.es\/subestimacion-de-la-apnea-del-sueno-con-las-enfermedades-cardiovasculares-y-endocrinas-cronicas\/\",\"url\":\"https:\/\/carlosoconnor.es\/subestimacion-de-la-apnea-del-sueno-con-las-enfermedades-cardiovasculares-y-endocrinas-cronicas\/\",\"name\":\"Subestimaci\u00f3n de la apnea del sue\u00f1o con las enfermedades cardiovasculares y endocrinas cr\u00f3nicas - Carlos O&#039;Connor\",\"isPartOf\":{\"@id\":\"https:\/\/carlosoconnor.es\/#website\"},\"primaryImageOfPage\":{\"@id\":\"https:\/\/carlosoconnor.es\/subestimacion-de-la-apnea-del-sueno-con-las-enfermedades-cardiovasculares-y-endocrinas-cronicas\/#primaryimage\"},\"image\":{\"@id\":\"https:\/\/carlosoconnor.es\/subestimacion-de-la-apnea-del-sueno-con-las-enfermedades-cardiovasculares-y-endocrinas-cronicas\/#primaryimage\"},\"thumbnailUrl\":\"https:\/\/carlosoconnor.es\/wp-content\/uploads\/2025\/06\/1750859322021.jpg\",\"datePublished\":\"2025-06-25T04:30:00+00:00\",\"dateModified\":\"2025-07-24T09:50:19+00:00\",\"breadcrumb\":{\"@id\":\"https:\/\/carlosoconnor.es\/subestimacion-de-la-apnea-del-sueno-con-las-enfermedades-cardiovasculares-y-endocrinas-cronicas\/#breadcrumb\"},\"inLanguage\":\"en-GB\",\"potentialAction\":[{\"@type\":\"ReadAction\",\"target\":[\"https:\/\/carlosoconnor.es\/subestimacion-de-la-apnea-del-sueno-con-las-enfermedades-cardiovasculares-y-endocrinas-cronicas\/\"]}]},{\"@type\":\"ImageObject\",\"inLanguage\":\"en-GB\",\"@id\":\"https:\/\/carlosoconnor.es\/subestimacion-de-la-apnea-del-sueno-con-las-enfermedades-cardiovasculares-y-endocrinas-cronicas\/#primaryimage\",\"url\":\"https:\/\/carlosoconnor.es\/wp-content\/uploads\/2025\/06\/1750859322021.jpg\",\"contentUrl\":\"https:\/\/carlosoconnor.es\/wp-content\/uploads\/2025\/06\/1750859322021.jpg\",\"width\":800,\"height\":279,\"caption\":\"1750859322021\"},{\"@type\":\"BreadcrumbList\",\"@id\":\"https:\/\/carlosoconnor.es\/subestimacion-de-la-apnea-del-sueno-con-las-enfermedades-cardiovasculares-y-endocrinas-cronicas\/#breadcrumb\",\"itemListElement\":[{\"@type\":\"ListItem\",\"position\":1,\"name\":\"Portada\",\"item\":\"https:\/\/carlosoconnor.es\/\"},{\"@type\":\"ListItem\",\"position\":2,\"name\":\"Subestimaci\u00f3n de la apnea del sue\u00f1o con las enfermedades cardiovasculares y endocrinas cr\u00f3nicas\"}]},{\"@type\":\"WebSite\",\"@id\":\"https:\/\/carlosoconnor.es\/#website\",\"url\":\"https:\/\/carlosoconnor.es\/\",\"name\":\"Carlos O&#039;Connor\",\"description\":\"Dr. Carlos O&#039;Connor Reina - Otorrinolaring\u00f3logo\",\"publisher\":{\"@id\":\"https:\/\/carlosoconnor.es\/#organization\"},\"potentialAction\":[{\"@type\":\"SearchAction\",\"target\":{\"@type\":\"EntryPoint\",\"urlTemplate\":\"https:\/\/carlosoconnor.es\/?s={search_term_string}\"},\"query-input\":{\"@type\":\"PropertyValueSpecification\",\"valueRequired\":true,\"valueName\":\"search_term_string\"}}],\"inLanguage\":\"en-GB\"},{\"@type\":\"Organization\",\"@id\":\"https:\/\/carlosoconnor.es\/#organization\",\"name\":\"Carlos O&#039;Connor\",\"url\":\"https:\/\/carlosoconnor.es\/\",\"logo\":{\"@type\":\"ImageObject\",\"inLanguage\":\"en-GB\",\"@id\":\"https:\/\/carlosoconnor.es\/#\/schema\/logo\/image\/\",\"url\":\"https:\/\/carlosoconnor.es\/wp-content\/uploads\/2025\/07\/cropped-logo-wide.png\",\"contentUrl\":\"https:\/\/carlosoconnor.es\/wp-content\/uploads\/2025\/07\/cropped-logo-wide.png\",\"width\":241,\"height\":50,\"caption\":\"Carlos O&#039;Connor\"},\"image\":{\"@id\":\"https:\/\/carlosoconnor.es\/#\/schema\/logo\/image\/\"}},{\"@type\":\"Person\",\"@id\":\"https:\/\/carlosoconnor.es\/#\/schema\/person\/c879dbc2b732eaa32429f50dfbd0a949\",\"name\":\"gestion\",\"sameAs\":[\"https:\/\/www.ycomieronperdices.net\/temp\/oconnor2025\"],\"url\":\"https:\/\/carlosoconnor.es\/en\/author\/gestion\/\"}]}<\/script>\n<!-- \/ Yoast SEO plugin. -->","yoast_head_json":{"title":"Subestimaci\u00f3n de la apnea del sue\u00f1o con las enfermedades cardiovasculares y endocrinas cr\u00f3nicas - Carlos O&#039;Connor","robots":{"index":"index","follow":"follow","max-snippet":"max-snippet:-1","max-image-preview":"max-image-preview:large","max-video-preview":"max-video-preview:-1"},"canonical":"https:\/\/carlosoconnor.es\/en\/subestimacion-de-la-apnea-del-sueno-con-las-enfermedades-cardiovasculares-y-endocrinas-cronicas\/","og_locale":"en_GB","og_type":"article","og_title":"Subestimaci\u00f3n de la apnea del sue\u00f1o con las enfermedades cardiovasculares y endocrinas cr\u00f3nicas - Carlos O&#039;Connor","og_description":"La apnea obstructiva del sue\u00f1o, o AOS, es una enfermedad que afecta a aproximadamente 50 millones de adultos en EE. UU., pero solo el 20 % tiene un diagn\u00f3stico oficial.&hellip;","og_url":"https:\/\/carlosoconnor.es\/en\/subestimacion-de-la-apnea-del-sueno-con-las-enfermedades-cardiovasculares-y-endocrinas-cronicas\/","og_site_name":"Carlos O&#039;Connor","article_published_time":"2025-06-25T04:30:00+00:00","article_modified_time":"2025-07-24T09:50:19+00:00","og_image":[{"width":800,"height":279,"url":"https:\/\/carlosoconnor.es\/wp-content\/uploads\/2025\/06\/1750859322021.jpg","type":"image\/jpeg"}],"author":"gestion","twitter_card":"summary_large_image","twitter_misc":{"Written by":"gestion","Estimated reading time":"1 minute"},"schema":{"@context":"https:\/\/schema.org","@graph":[{"@type":"Article","@id":"https:\/\/carlosoconnor.es\/subestimacion-de-la-apnea-del-sueno-con-las-enfermedades-cardiovasculares-y-endocrinas-cronicas\/#article","isPartOf":{"@id":"https:\/\/carlosoconnor.es\/subestimacion-de-la-apnea-del-sueno-con-las-enfermedades-cardiovasculares-y-endocrinas-cronicas\/"},"author":{"name":"gestion","@id":"https:\/\/carlosoconnor.es\/#\/schema\/person\/c879dbc2b732eaa32429f50dfbd0a949"},"headline":"Subestimaci\u00f3n de la apnea del sue\u00f1o con las enfermedades cardiovasculares y endocrinas cr\u00f3nicas","datePublished":"2025-06-25T04:30:00+00:00","dateModified":"2025-07-24T09:50:19+00:00","mainEntityOfPage":{"@id":"https:\/\/carlosoconnor.es\/subestimacion-de-la-apnea-del-sueno-con-las-enfermedades-cardiovasculares-y-endocrinas-cronicas\/"},"wordCount":121,"commentCount":0,"publisher":{"@id":"https:\/\/carlosoconnor.es\/#organization"},"image":{"@id":"https:\/\/carlosoconnor.es\/subestimacion-de-la-apnea-del-sueno-con-las-enfermedades-cardiovasculares-y-endocrinas-cronicas\/#primaryimage"},"thumbnailUrl":"https:\/\/carlosoconnor.es\/wp-content\/uploads\/2025\/06\/1750859322021.jpg","articleSection":["Apnea obstructiva del sue\u00f1o"],"inLanguage":"en-GB","potentialAction":[{"@type":"CommentAction","name":"Comment","target":["https:\/\/carlosoconnor.es\/subestimacion-de-la-apnea-del-sueno-con-las-enfermedades-cardiovasculares-y-endocrinas-cronicas\/#respond"]}]},{"@type":"WebPage","@id":"https:\/\/carlosoconnor.es\/subestimacion-de-la-apnea-del-sueno-con-las-enfermedades-cardiovasculares-y-endocrinas-cronicas\/","url":"https:\/\/carlosoconnor.es\/subestimacion-de-la-apnea-del-sueno-con-las-enfermedades-cardiovasculares-y-endocrinas-cronicas\/","name":"Subestimaci\u00f3n de la apnea del sue\u00f1o con las enfermedades cardiovasculares y endocrinas cr\u00f3nicas - Carlos O&#039;Connor","isPartOf":{"@id":"https:\/\/carlosoconnor.es\/#website"},"primaryImageOfPage":{"@id":"https:\/\/carlosoconnor.es\/subestimacion-de-la-apnea-del-sueno-con-las-enfermedades-cardiovasculares-y-endocrinas-cronicas\/#primaryimage"},"image":{"@id":"https:\/\/carlosoconnor.es\/subestimacion-de-la-apnea-del-sueno-con-las-enfermedades-cardiovasculares-y-endocrinas-cronicas\/#primaryimage"},"thumbnailUrl":"https:\/\/carlosoconnor.es\/wp-content\/uploads\/2025\/06\/1750859322021.jpg","datePublished":"2025-06-25T04:30:00+00:00","dateModified":"2025-07-24T09:50:19+00:00","breadcrumb":{"@id":"https:\/\/carlosoconnor.es\/subestimacion-de-la-apnea-del-sueno-con-las-enfermedades-cardiovasculares-y-endocrinas-cronicas\/#breadcrumb"},"inLanguage":"en-GB","potentialAction":[{"@type":"ReadAction","target":["https:\/\/carlosoconnor.es\/subestimacion-de-la-apnea-del-sueno-con-las-enfermedades-cardiovasculares-y-endocrinas-cronicas\/"]}]},{"@type":"ImageObject","inLanguage":"en-GB","@id":"https:\/\/carlosoconnor.es\/subestimacion-de-la-apnea-del-sueno-con-las-enfermedades-cardiovasculares-y-endocrinas-cronicas\/#primaryimage","url":"https:\/\/carlosoconnor.es\/wp-content\/uploads\/2025\/06\/1750859322021.jpg","contentUrl":"https:\/\/carlosoconnor.es\/wp-content\/uploads\/2025\/06\/1750859322021.jpg","width":800,"height":279,"caption":"1750859322021"},{"@type":"BreadcrumbList","@id":"https:\/\/carlosoconnor.es\/subestimacion-de-la-apnea-del-sueno-con-las-enfermedades-cardiovasculares-y-endocrinas-cronicas\/#breadcrumb","itemListElement":[{"@type":"ListItem","position":1,"name":"Portada","item":"https:\/\/carlosoconnor.es\/"},{"@type":"ListItem","position":2,"name":"Subestimaci\u00f3n de la apnea del sue\u00f1o con las enfermedades cardiovasculares y endocrinas cr\u00f3nicas"}]},{"@type":"WebSite","@id":"https:\/\/carlosoconnor.es\/#website","url":"https:\/\/carlosoconnor.es\/","name":"Carlos O&#039;Connor","description":"Dr. Carlos O&#039;Connor Reina - Otorrinolaring\u00f3logo","publisher":{"@id":"https:\/\/carlosoconnor.es\/#organization"},"potentialAction":[{"@type":"SearchAction","target":{"@type":"EntryPoint","urlTemplate":"https:\/\/carlosoconnor.es\/?s={search_term_string}"},"query-input":{"@type":"PropertyValueSpecification","valueRequired":true,"valueName":"search_term_string"}}],"inLanguage":"en-GB"},{"@type":"Organization","@id":"https:\/\/carlosoconnor.es\/#organization","name":"Carlos O&#039;Connor","url":"https:\/\/carlosoconnor.es\/","logo":{"@type":"ImageObject","inLanguage":"en-GB","@id":"https:\/\/carlosoconnor.es\/#\/schema\/logo\/image\/","url":"https:\/\/carlosoconnor.es\/wp-content\/uploads\/2025\/07\/cropped-logo-wide.png","contentUrl":"https:\/\/carlosoconnor.es\/wp-content\/uploads\/2025\/07\/cropped-logo-wide.png","width":241,"height":50,"caption":"Carlos O&#039;Connor"},"image":{"@id":"https:\/\/carlosoconnor.es\/#\/schema\/logo\/image\/"}},{"@type":"Person","@id":"https:\/\/carlosoconnor.es\/#\/schema\/person\/c879dbc2b732eaa32429f50dfbd0a949","name":"gestion","sameAs":["https:\/\/www.ycomieronperdices.net\/temp\/oconnor2025"],"url":"https:\/\/carlosoconnor.es\/en\/author\/gestion\/"}]}},"_links":{"self":[{"href":"https:\/\/carlosoconnor.es\/en\/wp-json\/wp\/v2\/posts\/59686","targetHints":{"allow":["GET"]}}],"collection":[{"href":"https:\/\/carlosoconnor.es\/en\/wp-json\/wp\/v2\/posts"}],"about":[{"href":"https:\/\/carlosoconnor.es\/en\/wp-json\/wp\/v2\/types\/post"}],"author":[{"embeddable":true,"href":"https:\/\/carlosoconnor.es\/en\/wp-json\/wp\/v2\/users\/1"}],"replies":[{"embeddable":true,"href":"https:\/\/carlosoconnor.es\/en\/wp-json\/wp\/v2\/comments?post=59686"}],"version-history":[{"count":0,"href":"https:\/\/carlosoconnor.es\/en\/wp-json\/wp\/v2\/posts\/59686\/revisions"}],"wp:featuredmedia":[{"embeddable":true,"href":"https:\/\/carlosoconnor.es\/en\/wp-json\/wp\/v2\/media\/60407"}],"wp:attachment":[{"href":"https:\/\/carlosoconnor.es\/en\/wp-json\/wp\/v2\/media?parent=59686"}],"wp:term":[{"taxonomy":"category","embeddable":true,"href":"https:\/\/carlosoconnor.es\/en\/wp-json\/wp\/v2\/categories?post=59686"},{"taxonomy":"post_tag","embeddable":true,"href":"https:\/\/carlosoconnor.es\/en\/wp-json\/wp\/v2\/tags?post=59686"}],"curies":[{"name":"wp","href":"https:\/\/api.w.org\/{rel}","templated":true}]}}