{"id":59666,"date":"2025-06-13T04:40:30","date_gmt":"2025-06-13T02:40:30","guid":{"rendered":"https:\/\/www.ycomieronperdices.net\/temp\/oconnor2025\/influencia-de-las-diferencias-de-genero-en-las-manifestaciones-clinicas-y-otros-aspectos-de-la-apnea-obstructiva-del-sueno\/"},"modified":"2025-07-24T11:37:50","modified_gmt":"2025-07-24T09:37:50","slug":"influencia-de-las-diferencias-de-genero-en-las-manifestaciones-clinicas-y-otros-aspectos-de-la-apnea-obstructiva-del-sueno","status":"publish","type":"post","link":"https:\/\/carlosoconnor.es\/en\/influencia-de-las-diferencias-de-genero-en-las-manifestaciones-clinicas-y-otros-aspectos-de-la-apnea-obstructiva-del-sueno\/","title":{"rendered":"Influence of gender differences on clinical manifestations and other aspects of obstructive sleep apnea"},"content":{"rendered":"<p>Gender differences influence the clinical manifestations, progression, and treatment response of obstructive sleep apnea syndrome (OSA), suggesting the existence of distinct gender-related phenotypes, possibly driven by anatomical, physiological, and hormonal factors. However, the impact of gender on OSA-related cognitive profiles is unknown. This study aimed to investigate neuropsychological and polysomnographic (PSG) differences between women and men with OSA to detect the impact of gender on clinical manifestations and PSG characteristics.<\/p>\n<p>&#8212;&#8212;&#8212;&#8212;&#8212;&#8212;&#8212;&#8212;&#8212;&#8212;&#8212;&#8212;&#8212;&#8212;&#8212;<\/p>\n<p>Link:<a href=\"https:\/\/www.mdpi.com\/2035-8377\/17\/6\/85\">https:\/\/www.mdpi.com\/2035-8377&#8230;<\/a><\/p>\n<p><strong>#apneaobstructivadelsue\u00f1o<\/strong> <strong>#otorrinonaringologia<\/strong> <strong>#obstructivesleepapnea<\/strong> <strong>#otorhinolaryngology<\/strong> <strong>#aos<\/strong> <strong>#osa<\/strong><\/p>\n<figure><\/figure>","protected":false},"excerpt":{"rendered":"<p>Las diferencias de g\u00e9nero influyen en las manifestaciones cl\u00ednicas, la progresi\u00f3n y la respuesta al tratamiento del s\u00edndrome de apnea obstructiva del sue\u00f1o (AOS), lo que sugiere la existencia de&hellip;<\/p>","protected":false},"author":1,"featured_media":60377,"comment_status":"open","ping_status":"open","sticky":false,"template":"","format":"standard","meta":{"footnotes":""},"categories":[270],"tags":[],"class_list":["post-59666","post","type-post","status-publish","format-standard","has-post-thumbnail","hentry","category-apnea-obstructiva-del-sueno"],"yoast_head":"<!-- This site is optimized with the Yoast SEO plugin v26.4 - https:\/\/yoast.com\/wordpress\/plugins\/seo\/ -->\n<title>Influencia de las diferencias de g\u00e9nero en las manifestaciones cl\u00ednicas y otros aspectos de la apnea obstructiva del sue\u00f1o - Carlos O&#039;Connor<\/title>\n<meta name=\"robots\" content=\"index, follow, max-snippet:-1, max-image-preview:large, max-video-preview:-1\" \/>\n<link rel=\"canonical\" href=\"https:\/\/carlosoconnor.es\/en\/influencia-de-las-diferencias-de-genero-en-las-manifestaciones-clinicas-y-otros-aspectos-de-la-apnea-obstructiva-del-sueno\/\" \/>\n<meta property=\"og:locale\" content=\"en_GB\" \/>\n<meta property=\"og:type\" content=\"article\" \/>\n<meta property=\"og:title\" content=\"Influencia de las diferencias de g\u00e9nero en las manifestaciones cl\u00ednicas y otros aspectos de la apnea obstructiva del sue\u00f1o - Carlos O&#039;Connor\" \/>\n<meta property=\"og:description\" content=\"Las diferencias de g\u00e9nero influyen en las manifestaciones cl\u00ednicas, la progresi\u00f3n y la respuesta al tratamiento del s\u00edndrome de apnea obstructiva del sue\u00f1o (AOS), lo que sugiere la existencia de&hellip;\" \/>\n<meta property=\"og:url\" content=\"https:\/\/carlosoconnor.es\/en\/influencia-de-las-diferencias-de-genero-en-las-manifestaciones-clinicas-y-otros-aspectos-de-la-apnea-obstructiva-del-sueno\/\" \/>\n<meta property=\"og:site_name\" content=\"Carlos O&#039;Connor\" \/>\n<meta property=\"article:published_time\" content=\"2025-06-13T02:40:30+00:00\" \/>\n<meta property=\"article:modified_time\" content=\"2025-07-24T09:37:50+00:00\" \/>\n<meta property=\"og:image\" content=\"https:\/\/carlosoconnor.es\/wp-content\/uploads\/2025\/06\/33.jpg\" \/>\n\t<meta property=\"og:image:width\" content=\"800\" \/>\n\t<meta property=\"og:image:height\" content=\"452\" \/>\n\t<meta property=\"og:image:type\" content=\"image\/jpeg\" \/>\n<meta name=\"author\" content=\"gestion\" \/>\n<meta name=\"twitter:card\" content=\"summary_large_image\" \/>\n<meta name=\"twitter:label1\" content=\"Written by\" \/>\n\t<meta name=\"twitter:data1\" content=\"gestion\" \/>\n\t<meta name=\"twitter:label2\" content=\"Estimated reading time\" \/>\n\t<meta name=\"twitter:data2\" content=\"1 minute\" \/>\n<script type=\"application\/ld+json\" class=\"yoast-schema-graph\">{\"@context\":\"https:\/\/schema.org\",\"@graph\":[{\"@type\":\"Article\",\"@id\":\"https:\/\/carlosoconnor.es\/influencia-de-las-diferencias-de-genero-en-las-manifestaciones-clinicas-y-otros-aspectos-de-la-apnea-obstructiva-del-sueno\/#article\",\"isPartOf\":{\"@id\":\"https:\/\/carlosoconnor.es\/influencia-de-las-diferencias-de-genero-en-las-manifestaciones-clinicas-y-otros-aspectos-de-la-apnea-obstructiva-del-sueno\/\"},\"author\":{\"name\":\"gestion\",\"@id\":\"https:\/\/carlosoconnor.es\/#\/schema\/person\/c879dbc2b732eaa32429f50dfbd0a949\"},\"headline\":\"Influencia de las diferencias de g\u00e9nero en las manifestaciones cl\u00ednicas y otros aspectos de la apnea obstructiva del sue\u00f1o\",\"datePublished\":\"2025-06-13T02:40:30+00:00\",\"dateModified\":\"2025-07-24T09:37:50+00:00\",\"mainEntityOfPage\":{\"@id\":\"https:\/\/carlosoconnor.es\/influencia-de-las-diferencias-de-genero-en-las-manifestaciones-clinicas-y-otros-aspectos-de-la-apnea-obstructiva-del-sueno\/\"},\"wordCount\":144,\"commentCount\":0,\"publisher\":{\"@id\":\"https:\/\/carlosoconnor.es\/#organization\"},\"image\":{\"@id\":\"https:\/\/carlosoconnor.es\/influencia-de-las-diferencias-de-genero-en-las-manifestaciones-clinicas-y-otros-aspectos-de-la-apnea-obstructiva-del-sueno\/#primaryimage\"},\"thumbnailUrl\":\"https:\/\/carlosoconnor.es\/wp-content\/uploads\/2025\/06\/33.jpg\",\"articleSection\":[\"Apnea obstructiva del sue\u00f1o\"],\"inLanguage\":\"en-GB\",\"potentialAction\":[{\"@type\":\"CommentAction\",\"name\":\"Comment\",\"target\":[\"https:\/\/carlosoconnor.es\/influencia-de-las-diferencias-de-genero-en-las-manifestaciones-clinicas-y-otros-aspectos-de-la-apnea-obstructiva-del-sueno\/#respond\"]}]},{\"@type\":\"WebPage\",\"@id\":\"https:\/\/carlosoconnor.es\/influencia-de-las-diferencias-de-genero-en-las-manifestaciones-clinicas-y-otros-aspectos-de-la-apnea-obstructiva-del-sueno\/\",\"url\":\"https:\/\/carlosoconnor.es\/influencia-de-las-diferencias-de-genero-en-las-manifestaciones-clinicas-y-otros-aspectos-de-la-apnea-obstructiva-del-sueno\/\",\"name\":\"Influencia de las diferencias de g\u00e9nero en las manifestaciones cl\u00ednicas y otros aspectos de la apnea obstructiva del sue\u00f1o - Carlos O&#039;Connor\",\"isPartOf\":{\"@id\":\"https:\/\/carlosoconnor.es\/#website\"},\"primaryImageOfPage\":{\"@id\":\"https:\/\/carlosoconnor.es\/influencia-de-las-diferencias-de-genero-en-las-manifestaciones-clinicas-y-otros-aspectos-de-la-apnea-obstructiva-del-sueno\/#primaryimage\"},\"image\":{\"@id\":\"https:\/\/carlosoconnor.es\/influencia-de-las-diferencias-de-genero-en-las-manifestaciones-clinicas-y-otros-aspectos-de-la-apnea-obstructiva-del-sueno\/#primaryimage\"},\"thumbnailUrl\":\"https:\/\/carlosoconnor.es\/wp-content\/uploads\/2025\/06\/33.jpg\",\"datePublished\":\"2025-06-13T02:40:30+00:00\",\"dateModified\":\"2025-07-24T09:37:50+00:00\",\"breadcrumb\":{\"@id\":\"https:\/\/carlosoconnor.es\/influencia-de-las-diferencias-de-genero-en-las-manifestaciones-clinicas-y-otros-aspectos-de-la-apnea-obstructiva-del-sueno\/#breadcrumb\"},\"inLanguage\":\"en-GB\",\"potentialAction\":[{\"@type\":\"ReadAction\",\"target\":[\"https:\/\/carlosoconnor.es\/influencia-de-las-diferencias-de-genero-en-las-manifestaciones-clinicas-y-otros-aspectos-de-la-apnea-obstructiva-del-sueno\/\"]}]},{\"@type\":\"ImageObject\",\"inLanguage\":\"en-GB\",\"@id\":\"https:\/\/carlosoconnor.es\/influencia-de-las-diferencias-de-genero-en-las-manifestaciones-clinicas-y-otros-aspectos-de-la-apnea-obstructiva-del-sueno\/#primaryimage\",\"url\":\"https:\/\/carlosoconnor.es\/wp-content\/uploads\/2025\/06\/33.jpg\",\"contentUrl\":\"https:\/\/carlosoconnor.es\/wp-content\/uploads\/2025\/06\/33.jpg\",\"width\":800,\"height\":452,\"caption\":\"33\"},{\"@type\":\"BreadcrumbList\",\"@id\":\"https:\/\/carlosoconnor.es\/influencia-de-las-diferencias-de-genero-en-las-manifestaciones-clinicas-y-otros-aspectos-de-la-apnea-obstructiva-del-sueno\/#breadcrumb\",\"itemListElement\":[{\"@type\":\"ListItem\",\"position\":1,\"name\":\"Portada\",\"item\":\"https:\/\/carlosoconnor.es\/\"},{\"@type\":\"ListItem\",\"position\":2,\"name\":\"Influencia de las diferencias de g\u00e9nero en las manifestaciones cl\u00ednicas y otros aspectos de la apnea obstructiva del sue\u00f1o\"}]},{\"@type\":\"WebSite\",\"@id\":\"https:\/\/carlosoconnor.es\/#website\",\"url\":\"https:\/\/carlosoconnor.es\/\",\"name\":\"Carlos O&#039;Connor\",\"description\":\"Dr. Carlos O&#039;Connor Reina - Otorrinolaring\u00f3logo\",\"publisher\":{\"@id\":\"https:\/\/carlosoconnor.es\/#organization\"},\"potentialAction\":[{\"@type\":\"SearchAction\",\"target\":{\"@type\":\"EntryPoint\",\"urlTemplate\":\"https:\/\/carlosoconnor.es\/?s={search_term_string}\"},\"query-input\":{\"@type\":\"PropertyValueSpecification\",\"valueRequired\":true,\"valueName\":\"search_term_string\"}}],\"inLanguage\":\"en-GB\"},{\"@type\":\"Organization\",\"@id\":\"https:\/\/carlosoconnor.es\/#organization\",\"name\":\"Carlos O&#039;Connor\",\"url\":\"https:\/\/carlosoconnor.es\/\",\"logo\":{\"@type\":\"ImageObject\",\"inLanguage\":\"en-GB\",\"@id\":\"https:\/\/carlosoconnor.es\/#\/schema\/logo\/image\/\",\"url\":\"https:\/\/carlosoconnor.es\/wp-content\/uploads\/2025\/07\/cropped-logo-wide.png\",\"contentUrl\":\"https:\/\/carlosoconnor.es\/wp-content\/uploads\/2025\/07\/cropped-logo-wide.png\",\"width\":241,\"height\":50,\"caption\":\"Carlos O&#039;Connor\"},\"image\":{\"@id\":\"https:\/\/carlosoconnor.es\/#\/schema\/logo\/image\/\"}},{\"@type\":\"Person\",\"@id\":\"https:\/\/carlosoconnor.es\/#\/schema\/person\/c879dbc2b732eaa32429f50dfbd0a949\",\"name\":\"gestion\",\"sameAs\":[\"https:\/\/www.ycomieronperdices.net\/temp\/oconnor2025\"],\"url\":\"https:\/\/carlosoconnor.es\/en\/author\/gestion\/\"}]}<\/script>\n<!-- \/ Yoast SEO plugin. -->","yoast_head_json":{"title":"Influencia de las diferencias de g\u00e9nero en las manifestaciones cl\u00ednicas y otros aspectos de la apnea obstructiva del sue\u00f1o - Carlos O&#039;Connor","robots":{"index":"index","follow":"follow","max-snippet":"max-snippet:-1","max-image-preview":"max-image-preview:large","max-video-preview":"max-video-preview:-1"},"canonical":"https:\/\/carlosoconnor.es\/en\/influencia-de-las-diferencias-de-genero-en-las-manifestaciones-clinicas-y-otros-aspectos-de-la-apnea-obstructiva-del-sueno\/","og_locale":"en_GB","og_type":"article","og_title":"Influencia de las diferencias de g\u00e9nero en las manifestaciones cl\u00ednicas y otros aspectos de la apnea obstructiva del sue\u00f1o - Carlos O&#039;Connor","og_description":"Las diferencias de g\u00e9nero influyen en las manifestaciones cl\u00ednicas, la progresi\u00f3n y la respuesta al tratamiento del s\u00edndrome de apnea obstructiva del sue\u00f1o (AOS), lo que sugiere la existencia de&hellip;","og_url":"https:\/\/carlosoconnor.es\/en\/influencia-de-las-diferencias-de-genero-en-las-manifestaciones-clinicas-y-otros-aspectos-de-la-apnea-obstructiva-del-sueno\/","og_site_name":"Carlos O&#039;Connor","article_published_time":"2025-06-13T02:40:30+00:00","article_modified_time":"2025-07-24T09:37:50+00:00","og_image":[{"width":800,"height":452,"url":"https:\/\/carlosoconnor.es\/wp-content\/uploads\/2025\/06\/33.jpg","type":"image\/jpeg"}],"author":"gestion","twitter_card":"summary_large_image","twitter_misc":{"Written by":"gestion","Estimated reading time":"1 minute"},"schema":{"@context":"https:\/\/schema.org","@graph":[{"@type":"Article","@id":"https:\/\/carlosoconnor.es\/influencia-de-las-diferencias-de-genero-en-las-manifestaciones-clinicas-y-otros-aspectos-de-la-apnea-obstructiva-del-sueno\/#article","isPartOf":{"@id":"https:\/\/carlosoconnor.es\/influencia-de-las-diferencias-de-genero-en-las-manifestaciones-clinicas-y-otros-aspectos-de-la-apnea-obstructiva-del-sueno\/"},"author":{"name":"gestion","@id":"https:\/\/carlosoconnor.es\/#\/schema\/person\/c879dbc2b732eaa32429f50dfbd0a949"},"headline":"Influencia de las diferencias de g\u00e9nero en las manifestaciones cl\u00ednicas y otros aspectos de la apnea obstructiva del sue\u00f1o","datePublished":"2025-06-13T02:40:30+00:00","dateModified":"2025-07-24T09:37:50+00:00","mainEntityOfPage":{"@id":"https:\/\/carlosoconnor.es\/influencia-de-las-diferencias-de-genero-en-las-manifestaciones-clinicas-y-otros-aspectos-de-la-apnea-obstructiva-del-sueno\/"},"wordCount":144,"commentCount":0,"publisher":{"@id":"https:\/\/carlosoconnor.es\/#organization"},"image":{"@id":"https:\/\/carlosoconnor.es\/influencia-de-las-diferencias-de-genero-en-las-manifestaciones-clinicas-y-otros-aspectos-de-la-apnea-obstructiva-del-sueno\/#primaryimage"},"thumbnailUrl":"https:\/\/carlosoconnor.es\/wp-content\/uploads\/2025\/06\/33.jpg","articleSection":["Apnea obstructiva del sue\u00f1o"],"inLanguage":"en-GB","potentialAction":[{"@type":"CommentAction","name":"Comment","target":["https:\/\/carlosoconnor.es\/influencia-de-las-diferencias-de-genero-en-las-manifestaciones-clinicas-y-otros-aspectos-de-la-apnea-obstructiva-del-sueno\/#respond"]}]},{"@type":"WebPage","@id":"https:\/\/carlosoconnor.es\/influencia-de-las-diferencias-de-genero-en-las-manifestaciones-clinicas-y-otros-aspectos-de-la-apnea-obstructiva-del-sueno\/","url":"https:\/\/carlosoconnor.es\/influencia-de-las-diferencias-de-genero-en-las-manifestaciones-clinicas-y-otros-aspectos-de-la-apnea-obstructiva-del-sueno\/","name":"Influencia de las diferencias de g\u00e9nero en las manifestaciones cl\u00ednicas y otros aspectos de la apnea obstructiva del sue\u00f1o - Carlos O&#039;Connor","isPartOf":{"@id":"https:\/\/carlosoconnor.es\/#website"},"primaryImageOfPage":{"@id":"https:\/\/carlosoconnor.es\/influencia-de-las-diferencias-de-genero-en-las-manifestaciones-clinicas-y-otros-aspectos-de-la-apnea-obstructiva-del-sueno\/#primaryimage"},"image":{"@id":"https:\/\/carlosoconnor.es\/influencia-de-las-diferencias-de-genero-en-las-manifestaciones-clinicas-y-otros-aspectos-de-la-apnea-obstructiva-del-sueno\/#primaryimage"},"thumbnailUrl":"https:\/\/carlosoconnor.es\/wp-content\/uploads\/2025\/06\/33.jpg","datePublished":"2025-06-13T02:40:30+00:00","dateModified":"2025-07-24T09:37:50+00:00","breadcrumb":{"@id":"https:\/\/carlosoconnor.es\/influencia-de-las-diferencias-de-genero-en-las-manifestaciones-clinicas-y-otros-aspectos-de-la-apnea-obstructiva-del-sueno\/#breadcrumb"},"inLanguage":"en-GB","potentialAction":[{"@type":"ReadAction","target":["https:\/\/carlosoconnor.es\/influencia-de-las-diferencias-de-genero-en-las-manifestaciones-clinicas-y-otros-aspectos-de-la-apnea-obstructiva-del-sueno\/"]}]},{"@type":"ImageObject","inLanguage":"en-GB","@id":"https:\/\/carlosoconnor.es\/influencia-de-las-diferencias-de-genero-en-las-manifestaciones-clinicas-y-otros-aspectos-de-la-apnea-obstructiva-del-sueno\/#primaryimage","url":"https:\/\/carlosoconnor.es\/wp-content\/uploads\/2025\/06\/33.jpg","contentUrl":"https:\/\/carlosoconnor.es\/wp-content\/uploads\/2025\/06\/33.jpg","width":800,"height":452,"caption":"33"},{"@type":"BreadcrumbList","@id":"https:\/\/carlosoconnor.es\/influencia-de-las-diferencias-de-genero-en-las-manifestaciones-clinicas-y-otros-aspectos-de-la-apnea-obstructiva-del-sueno\/#breadcrumb","itemListElement":[{"@type":"ListItem","position":1,"name":"Portada","item":"https:\/\/carlosoconnor.es\/"},{"@type":"ListItem","position":2,"name":"Influencia de las diferencias de g\u00e9nero en las manifestaciones cl\u00ednicas y otros aspectos de la apnea obstructiva del sue\u00f1o"}]},{"@type":"WebSite","@id":"https:\/\/carlosoconnor.es\/#website","url":"https:\/\/carlosoconnor.es\/","name":"Carlos O&#039;Connor","description":"Dr. Carlos O&#039;Connor Reina - Otorrinolaring\u00f3logo","publisher":{"@id":"https:\/\/carlosoconnor.es\/#organization"},"potentialAction":[{"@type":"SearchAction","target":{"@type":"EntryPoint","urlTemplate":"https:\/\/carlosoconnor.es\/?s={search_term_string}"},"query-input":{"@type":"PropertyValueSpecification","valueRequired":true,"valueName":"search_term_string"}}],"inLanguage":"en-GB"},{"@type":"Organization","@id":"https:\/\/carlosoconnor.es\/#organization","name":"Carlos O&#039;Connor","url":"https:\/\/carlosoconnor.es\/","logo":{"@type":"ImageObject","inLanguage":"en-GB","@id":"https:\/\/carlosoconnor.es\/#\/schema\/logo\/image\/","url":"https:\/\/carlosoconnor.es\/wp-content\/uploads\/2025\/07\/cropped-logo-wide.png","contentUrl":"https:\/\/carlosoconnor.es\/wp-content\/uploads\/2025\/07\/cropped-logo-wide.png","width":241,"height":50,"caption":"Carlos O&#039;Connor"},"image":{"@id":"https:\/\/carlosoconnor.es\/#\/schema\/logo\/image\/"}},{"@type":"Person","@id":"https:\/\/carlosoconnor.es\/#\/schema\/person\/c879dbc2b732eaa32429f50dfbd0a949","name":"gestion","sameAs":["https:\/\/www.ycomieronperdices.net\/temp\/oconnor2025"],"url":"https:\/\/carlosoconnor.es\/en\/author\/gestion\/"}]}},"_links":{"self":[{"href":"https:\/\/carlosoconnor.es\/en\/wp-json\/wp\/v2\/posts\/59666","targetHints":{"allow":["GET"]}}],"collection":[{"href":"https:\/\/carlosoconnor.es\/en\/wp-json\/wp\/v2\/posts"}],"about":[{"href":"https:\/\/carlosoconnor.es\/en\/wp-json\/wp\/v2\/types\/post"}],"author":[{"embeddable":true,"href":"https:\/\/carlosoconnor.es\/en\/wp-json\/wp\/v2\/users\/1"}],"replies":[{"embeddable":true,"href":"https:\/\/carlosoconnor.es\/en\/wp-json\/wp\/v2\/comments?post=59666"}],"version-history":[{"count":0,"href":"https:\/\/carlosoconnor.es\/en\/wp-json\/wp\/v2\/posts\/59666\/revisions"}],"wp:featuredmedia":[{"embeddable":true,"href":"https:\/\/carlosoconnor.es\/en\/wp-json\/wp\/v2\/media\/60377"}],"wp:attachment":[{"href":"https:\/\/carlosoconnor.es\/en\/wp-json\/wp\/v2\/media?parent=59666"}],"wp:term":[{"taxonomy":"category","embeddable":true,"href":"https:\/\/carlosoconnor.es\/en\/wp-json\/wp\/v2\/categories?post=59666"},{"taxonomy":"post_tag","embeddable":true,"href":"https:\/\/carlosoconnor.es\/en\/wp-json\/wp\/v2\/tags?post=59666"}],"curies":[{"name":"wp","href":"https:\/\/api.w.org\/{rel}","templated":true}]}}