{"id":59656,"date":"2025-06-06T09:05:00","date_gmt":"2025-06-06T07:05:00","guid":{"rendered":"https:\/\/www.ycomieronperdices.net\/temp\/oconnor2025\/impacto-de-la-liberacion-del-frenillo-lingual-anquiloglosia-y-del-frenillo-labial-en-los-resultados-funcionales-de-pacientes-pediatricos-con-paralisis-cerebral\/"},"modified":"2025-07-24T11:16:25","modified_gmt":"2025-07-24T09:16:25","slug":"impacto-de-la-liberacion-del-frenillo-lingual-anquiloglosia-y-del-frenillo-labial-en-los-resultados-funcionales-de-pacientes-pediatricos-con-paralisis-cerebral","status":"publish","type":"post","link":"https:\/\/carlosoconnor.es\/en\/impacto-de-la-liberacion-del-frenillo-lingual-anquiloglosia-y-del-frenillo-labial-en-los-resultados-funcionales-de-pacientes-pediatricos-con-paralisis-cerebral\/","title":{"rendered":"Impact of lingual frenulum (ankyloglossia) and labial frenulum release on functional outcomes in pediatric patients with cerebral palsy"},"content":{"rendered":"<p>The following research evaluates the impact of lingual frenulum (ankyloglossia) and labial frenulum release on functional outcomes in pediatric patients with cerebral palsy (CP) and explores the role of oral restrictions in impaired therapeutic progress. It is concluded that undiagnosed oral restrictions can affect mobility and development in children with CP. It is also proposed that adequate assessment of oral restrictions in children with cerebral palsy or other comorbidities is essential to optimize therapeutic outcomes and improve quality of life.<\/p>\n<p>&#8212;&#8212;&#8212;&#8212;&#8212;&#8212;&#8212;&#8212;&#8212;&#8212;&#8212;&#8212;&#8212;&#8212;&#8212;-<\/p>\n<p><strong>#anquiloglosia<\/strong> <strong>#ankyloglossia<\/strong> <strong>#frenulum<\/strong> <strong>#frenillo<\/strong><\/p>\n<p>Link: <a href=\"https:\/\/pubmed.ncbi.nlm.nih.gov\/40326489\/\">https:\/\/pubmed.ncbi.nlm.nih.go&#8230;<\/a><\/p>\n<figure><\/figure>","protected":false},"excerpt":{"rendered":"<p>La investigaci\u00f3n que sigue eval\u00faa el impacto de la liberaci\u00f3n del frenillo lingual (anquiloglosia) y del frenillo labial en los resultados funcionales de pacientes pedi\u00e1tricos con par\u00e1lisis cerebral (PC) y&hellip;<\/p>","protected":false},"author":1,"featured_media":60334,"comment_status":"open","ping_status":"open","sticky":false,"template":"","format":"standard","meta":{"footnotes":""},"categories":[277],"tags":[],"class_list":["post-59656","post","type-post","status-publish","format-standard","has-post-thumbnail","hentry","category-anquiloglosia"],"yoast_head":"<!-- This site is optimized with the Yoast SEO plugin v26.4 - https:\/\/yoast.com\/wordpress\/plugins\/seo\/ -->\n<title>Impacto de la liberaci\u00f3n del frenillo lingual (anquiloglosia) y del frenillo labial en los resultados funcionales de pacientes pedi\u00e1tricos con par\u00e1lisis cerebral - Carlos O&#039;Connor<\/title>\n<meta name=\"robots\" content=\"index, follow, max-snippet:-1, max-image-preview:large, max-video-preview:-1\" \/>\n<link rel=\"canonical\" href=\"https:\/\/carlosoconnor.es\/en\/impacto-de-la-liberacion-del-frenillo-lingual-anquiloglosia-y-del-frenillo-labial-en-los-resultados-funcionales-de-pacientes-pediatricos-con-paralisis-cerebral\/\" \/>\n<meta property=\"og:locale\" content=\"en_GB\" \/>\n<meta property=\"og:type\" content=\"article\" \/>\n<meta property=\"og:title\" content=\"Impacto de la liberaci\u00f3n del frenillo lingual (anquiloglosia) y del frenillo labial en los resultados funcionales de pacientes pedi\u00e1tricos con par\u00e1lisis cerebral - Carlos O&#039;Connor\" \/>\n<meta property=\"og:description\" content=\"La investigaci\u00f3n que sigue eval\u00faa el impacto de la liberaci\u00f3n del frenillo lingual (anquiloglosia) y del frenillo labial en los resultados funcionales de pacientes pedi\u00e1tricos con par\u00e1lisis cerebral (PC) y&hellip;\" \/>\n<meta property=\"og:url\" content=\"https:\/\/carlosoconnor.es\/en\/impacto-de-la-liberacion-del-frenillo-lingual-anquiloglosia-y-del-frenillo-labial-en-los-resultados-funcionales-de-pacientes-pediatricos-con-paralisis-cerebral\/\" \/>\n<meta property=\"og:site_name\" content=\"Carlos O&#039;Connor\" \/>\n<meta property=\"article:published_time\" content=\"2025-06-06T07:05:00+00:00\" \/>\n<meta property=\"article:modified_time\" content=\"2025-07-24T09:16:25+00:00\" \/>\n<meta property=\"og:image\" content=\"https:\/\/carlosoconnor.es\/wp-content\/uploads\/2025\/06\/24.png\" \/>\n\t<meta property=\"og:image:width\" content=\"1054\" \/>\n\t<meta property=\"og:image:height\" content=\"481\" \/>\n\t<meta property=\"og:image:type\" content=\"image\/png\" \/>\n<meta name=\"author\" content=\"gestion\" \/>\n<meta name=\"twitter:card\" content=\"summary_large_image\" \/>\n<meta name=\"twitter:label1\" content=\"Written by\" \/>\n\t<meta name=\"twitter:data1\" content=\"gestion\" \/>\n\t<meta name=\"twitter:label2\" content=\"Estimated reading time\" \/>\n\t<meta name=\"twitter:data2\" content=\"1 minute\" \/>\n<script type=\"application\/ld+json\" class=\"yoast-schema-graph\">{\"@context\":\"https:\/\/schema.org\",\"@graph\":[{\"@type\":\"Article\",\"@id\":\"https:\/\/carlosoconnor.es\/impacto-de-la-liberacion-del-frenillo-lingual-anquiloglosia-y-del-frenillo-labial-en-los-resultados-funcionales-de-pacientes-pediatricos-con-paralisis-cerebral\/#article\",\"isPartOf\":{\"@id\":\"https:\/\/carlosoconnor.es\/impacto-de-la-liberacion-del-frenillo-lingual-anquiloglosia-y-del-frenillo-labial-en-los-resultados-funcionales-de-pacientes-pediatricos-con-paralisis-cerebral\/\"},\"author\":{\"name\":\"gestion\",\"@id\":\"https:\/\/carlosoconnor.es\/#\/schema\/person\/c879dbc2b732eaa32429f50dfbd0a949\"},\"headline\":\"Impacto de la liberaci\u00f3n del frenillo lingual (anquiloglosia) y del frenillo labial en los resultados funcionales de pacientes pedi\u00e1tricos con par\u00e1lisis cerebral\",\"datePublished\":\"2025-06-06T07:05:00+00:00\",\"dateModified\":\"2025-07-24T09:16:25+00:00\",\"mainEntityOfPage\":{\"@id\":\"https:\/\/carlosoconnor.es\/impacto-de-la-liberacion-del-frenillo-lingual-anquiloglosia-y-del-frenillo-labial-en-los-resultados-funcionales-de-pacientes-pediatricos-con-paralisis-cerebral\/\"},\"wordCount\":148,\"commentCount\":0,\"publisher\":{\"@id\":\"https:\/\/carlosoconnor.es\/#organization\"},\"image\":{\"@id\":\"https:\/\/carlosoconnor.es\/impacto-de-la-liberacion-del-frenillo-lingual-anquiloglosia-y-del-frenillo-labial-en-los-resultados-funcionales-de-pacientes-pediatricos-con-paralisis-cerebral\/#primaryimage\"},\"thumbnailUrl\":\"https:\/\/carlosoconnor.es\/wp-content\/uploads\/2025\/06\/24.png\",\"articleSection\":[\"Anquiloglosia\"],\"inLanguage\":\"en-GB\",\"potentialAction\":[{\"@type\":\"CommentAction\",\"name\":\"Comment\",\"target\":[\"https:\/\/carlosoconnor.es\/impacto-de-la-liberacion-del-frenillo-lingual-anquiloglosia-y-del-frenillo-labial-en-los-resultados-funcionales-de-pacientes-pediatricos-con-paralisis-cerebral\/#respond\"]}]},{\"@type\":\"WebPage\",\"@id\":\"https:\/\/carlosoconnor.es\/impacto-de-la-liberacion-del-frenillo-lingual-anquiloglosia-y-del-frenillo-labial-en-los-resultados-funcionales-de-pacientes-pediatricos-con-paralisis-cerebral\/\",\"url\":\"https:\/\/carlosoconnor.es\/impacto-de-la-liberacion-del-frenillo-lingual-anquiloglosia-y-del-frenillo-labial-en-los-resultados-funcionales-de-pacientes-pediatricos-con-paralisis-cerebral\/\",\"name\":\"Impacto de la liberaci\u00f3n del frenillo lingual (anquiloglosia) y del frenillo labial en los resultados funcionales de pacientes pedi\u00e1tricos con par\u00e1lisis cerebral - Carlos O&#039;Connor\",\"isPartOf\":{\"@id\":\"https:\/\/carlosoconnor.es\/#website\"},\"primaryImageOfPage\":{\"@id\":\"https:\/\/carlosoconnor.es\/impacto-de-la-liberacion-del-frenillo-lingual-anquiloglosia-y-del-frenillo-labial-en-los-resultados-funcionales-de-pacientes-pediatricos-con-paralisis-cerebral\/#primaryimage\"},\"image\":{\"@id\":\"https:\/\/carlosoconnor.es\/impacto-de-la-liberacion-del-frenillo-lingual-anquiloglosia-y-del-frenillo-labial-en-los-resultados-funcionales-de-pacientes-pediatricos-con-paralisis-cerebral\/#primaryimage\"},\"thumbnailUrl\":\"https:\/\/carlosoconnor.es\/wp-content\/uploads\/2025\/06\/24.png\",\"datePublished\":\"2025-06-06T07:05:00+00:00\",\"dateModified\":\"2025-07-24T09:16:25+00:00\",\"breadcrumb\":{\"@id\":\"https:\/\/carlosoconnor.es\/impacto-de-la-liberacion-del-frenillo-lingual-anquiloglosia-y-del-frenillo-labial-en-los-resultados-funcionales-de-pacientes-pediatricos-con-paralisis-cerebral\/#breadcrumb\"},\"inLanguage\":\"en-GB\",\"potentialAction\":[{\"@type\":\"ReadAction\",\"target\":[\"https:\/\/carlosoconnor.es\/impacto-de-la-liberacion-del-frenillo-lingual-anquiloglosia-y-del-frenillo-labial-en-los-resultados-funcionales-de-pacientes-pediatricos-con-paralisis-cerebral\/\"]}]},{\"@type\":\"ImageObject\",\"inLanguage\":\"en-GB\",\"@id\":\"https:\/\/carlosoconnor.es\/impacto-de-la-liberacion-del-frenillo-lingual-anquiloglosia-y-del-frenillo-labial-en-los-resultados-funcionales-de-pacientes-pediatricos-con-paralisis-cerebral\/#primaryimage\",\"url\":\"https:\/\/carlosoconnor.es\/wp-content\/uploads\/2025\/06\/24.png\",\"contentUrl\":\"https:\/\/carlosoconnor.es\/wp-content\/uploads\/2025\/06\/24.png\",\"width\":1054,\"height\":481,\"caption\":\"24\"},{\"@type\":\"BreadcrumbList\",\"@id\":\"https:\/\/carlosoconnor.es\/impacto-de-la-liberacion-del-frenillo-lingual-anquiloglosia-y-del-frenillo-labial-en-los-resultados-funcionales-de-pacientes-pediatricos-con-paralisis-cerebral\/#breadcrumb\",\"itemListElement\":[{\"@type\":\"ListItem\",\"position\":1,\"name\":\"Portada\",\"item\":\"https:\/\/carlosoconnor.es\/\"},{\"@type\":\"ListItem\",\"position\":2,\"name\":\"Impacto de la liberaci\u00f3n del frenillo lingual (anquiloglosia) y del frenillo labial en los resultados funcionales de pacientes pedi\u00e1tricos con par\u00e1lisis cerebral\"}]},{\"@type\":\"WebSite\",\"@id\":\"https:\/\/carlosoconnor.es\/#website\",\"url\":\"https:\/\/carlosoconnor.es\/\",\"name\":\"Carlos O&#039;Connor\",\"description\":\"Dr. Carlos O&#039;Connor Reina - Otorrinolaring\u00f3logo\",\"publisher\":{\"@id\":\"https:\/\/carlosoconnor.es\/#organization\"},\"potentialAction\":[{\"@type\":\"SearchAction\",\"target\":{\"@type\":\"EntryPoint\",\"urlTemplate\":\"https:\/\/carlosoconnor.es\/?s={search_term_string}\"},\"query-input\":{\"@type\":\"PropertyValueSpecification\",\"valueRequired\":true,\"valueName\":\"search_term_string\"}}],\"inLanguage\":\"en-GB\"},{\"@type\":\"Organization\",\"@id\":\"https:\/\/carlosoconnor.es\/#organization\",\"name\":\"Carlos O&#039;Connor\",\"url\":\"https:\/\/carlosoconnor.es\/\",\"logo\":{\"@type\":\"ImageObject\",\"inLanguage\":\"en-GB\",\"@id\":\"https:\/\/carlosoconnor.es\/#\/schema\/logo\/image\/\",\"url\":\"https:\/\/carlosoconnor.es\/wp-content\/uploads\/2025\/07\/cropped-logo-wide.png\",\"contentUrl\":\"https:\/\/carlosoconnor.es\/wp-content\/uploads\/2025\/07\/cropped-logo-wide.png\",\"width\":241,\"height\":50,\"caption\":\"Carlos O&#039;Connor\"},\"image\":{\"@id\":\"https:\/\/carlosoconnor.es\/#\/schema\/logo\/image\/\"}},{\"@type\":\"Person\",\"@id\":\"https:\/\/carlosoconnor.es\/#\/schema\/person\/c879dbc2b732eaa32429f50dfbd0a949\",\"name\":\"gestion\",\"sameAs\":[\"https:\/\/www.ycomieronperdices.net\/temp\/oconnor2025\"],\"url\":\"https:\/\/carlosoconnor.es\/en\/author\/gestion\/\"}]}<\/script>\n<!-- \/ Yoast SEO plugin. -->","yoast_head_json":{"title":"Impacto de la liberaci\u00f3n del frenillo lingual (anquiloglosia) y del frenillo labial en los resultados funcionales de pacientes pedi\u00e1tricos con par\u00e1lisis cerebral - Carlos O&#039;Connor","robots":{"index":"index","follow":"follow","max-snippet":"max-snippet:-1","max-image-preview":"max-image-preview:large","max-video-preview":"max-video-preview:-1"},"canonical":"https:\/\/carlosoconnor.es\/en\/impacto-de-la-liberacion-del-frenillo-lingual-anquiloglosia-y-del-frenillo-labial-en-los-resultados-funcionales-de-pacientes-pediatricos-con-paralisis-cerebral\/","og_locale":"en_GB","og_type":"article","og_title":"Impacto de la liberaci\u00f3n del frenillo lingual (anquiloglosia) y del frenillo labial en los resultados funcionales de pacientes pedi\u00e1tricos con par\u00e1lisis cerebral - Carlos O&#039;Connor","og_description":"La investigaci\u00f3n que sigue eval\u00faa el impacto de la liberaci\u00f3n del frenillo lingual (anquiloglosia) y del frenillo labial en los resultados funcionales de pacientes pedi\u00e1tricos con par\u00e1lisis cerebral (PC) y&hellip;","og_url":"https:\/\/carlosoconnor.es\/en\/impacto-de-la-liberacion-del-frenillo-lingual-anquiloglosia-y-del-frenillo-labial-en-los-resultados-funcionales-de-pacientes-pediatricos-con-paralisis-cerebral\/","og_site_name":"Carlos O&#039;Connor","article_published_time":"2025-06-06T07:05:00+00:00","article_modified_time":"2025-07-24T09:16:25+00:00","og_image":[{"width":1054,"height":481,"url":"https:\/\/carlosoconnor.es\/wp-content\/uploads\/2025\/06\/24.png","type":"image\/png"}],"author":"gestion","twitter_card":"summary_large_image","twitter_misc":{"Written by":"gestion","Estimated reading time":"1 minute"},"schema":{"@context":"https:\/\/schema.org","@graph":[{"@type":"Article","@id":"https:\/\/carlosoconnor.es\/impacto-de-la-liberacion-del-frenillo-lingual-anquiloglosia-y-del-frenillo-labial-en-los-resultados-funcionales-de-pacientes-pediatricos-con-paralisis-cerebral\/#article","isPartOf":{"@id":"https:\/\/carlosoconnor.es\/impacto-de-la-liberacion-del-frenillo-lingual-anquiloglosia-y-del-frenillo-labial-en-los-resultados-funcionales-de-pacientes-pediatricos-con-paralisis-cerebral\/"},"author":{"name":"gestion","@id":"https:\/\/carlosoconnor.es\/#\/schema\/person\/c879dbc2b732eaa32429f50dfbd0a949"},"headline":"Impacto de la liberaci\u00f3n del frenillo lingual (anquiloglosia) y del frenillo labial en los resultados funcionales de pacientes pedi\u00e1tricos con par\u00e1lisis cerebral","datePublished":"2025-06-06T07:05:00+00:00","dateModified":"2025-07-24T09:16:25+00:00","mainEntityOfPage":{"@id":"https:\/\/carlosoconnor.es\/impacto-de-la-liberacion-del-frenillo-lingual-anquiloglosia-y-del-frenillo-labial-en-los-resultados-funcionales-de-pacientes-pediatricos-con-paralisis-cerebral\/"},"wordCount":148,"commentCount":0,"publisher":{"@id":"https:\/\/carlosoconnor.es\/#organization"},"image":{"@id":"https:\/\/carlosoconnor.es\/impacto-de-la-liberacion-del-frenillo-lingual-anquiloglosia-y-del-frenillo-labial-en-los-resultados-funcionales-de-pacientes-pediatricos-con-paralisis-cerebral\/#primaryimage"},"thumbnailUrl":"https:\/\/carlosoconnor.es\/wp-content\/uploads\/2025\/06\/24.png","articleSection":["Anquiloglosia"],"inLanguage":"en-GB","potentialAction":[{"@type":"CommentAction","name":"Comment","target":["https:\/\/carlosoconnor.es\/impacto-de-la-liberacion-del-frenillo-lingual-anquiloglosia-y-del-frenillo-labial-en-los-resultados-funcionales-de-pacientes-pediatricos-con-paralisis-cerebral\/#respond"]}]},{"@type":"WebPage","@id":"https:\/\/carlosoconnor.es\/impacto-de-la-liberacion-del-frenillo-lingual-anquiloglosia-y-del-frenillo-labial-en-los-resultados-funcionales-de-pacientes-pediatricos-con-paralisis-cerebral\/","url":"https:\/\/carlosoconnor.es\/impacto-de-la-liberacion-del-frenillo-lingual-anquiloglosia-y-del-frenillo-labial-en-los-resultados-funcionales-de-pacientes-pediatricos-con-paralisis-cerebral\/","name":"Impacto de la liberaci\u00f3n del frenillo lingual (anquiloglosia) y del frenillo labial en los resultados funcionales de pacientes pedi\u00e1tricos con par\u00e1lisis cerebral - Carlos O&#039;Connor","isPartOf":{"@id":"https:\/\/carlosoconnor.es\/#website"},"primaryImageOfPage":{"@id":"https:\/\/carlosoconnor.es\/impacto-de-la-liberacion-del-frenillo-lingual-anquiloglosia-y-del-frenillo-labial-en-los-resultados-funcionales-de-pacientes-pediatricos-con-paralisis-cerebral\/#primaryimage"},"image":{"@id":"https:\/\/carlosoconnor.es\/impacto-de-la-liberacion-del-frenillo-lingual-anquiloglosia-y-del-frenillo-labial-en-los-resultados-funcionales-de-pacientes-pediatricos-con-paralisis-cerebral\/#primaryimage"},"thumbnailUrl":"https:\/\/carlosoconnor.es\/wp-content\/uploads\/2025\/06\/24.png","datePublished":"2025-06-06T07:05:00+00:00","dateModified":"2025-07-24T09:16:25+00:00","breadcrumb":{"@id":"https:\/\/carlosoconnor.es\/impacto-de-la-liberacion-del-frenillo-lingual-anquiloglosia-y-del-frenillo-labial-en-los-resultados-funcionales-de-pacientes-pediatricos-con-paralisis-cerebral\/#breadcrumb"},"inLanguage":"en-GB","potentialAction":[{"@type":"ReadAction","target":["https:\/\/carlosoconnor.es\/impacto-de-la-liberacion-del-frenillo-lingual-anquiloglosia-y-del-frenillo-labial-en-los-resultados-funcionales-de-pacientes-pediatricos-con-paralisis-cerebral\/"]}]},{"@type":"ImageObject","inLanguage":"en-GB","@id":"https:\/\/carlosoconnor.es\/impacto-de-la-liberacion-del-frenillo-lingual-anquiloglosia-y-del-frenillo-labial-en-los-resultados-funcionales-de-pacientes-pediatricos-con-paralisis-cerebral\/#primaryimage","url":"https:\/\/carlosoconnor.es\/wp-content\/uploads\/2025\/06\/24.png","contentUrl":"https:\/\/carlosoconnor.es\/wp-content\/uploads\/2025\/06\/24.png","width":1054,"height":481,"caption":"24"},{"@type":"BreadcrumbList","@id":"https:\/\/carlosoconnor.es\/impacto-de-la-liberacion-del-frenillo-lingual-anquiloglosia-y-del-frenillo-labial-en-los-resultados-funcionales-de-pacientes-pediatricos-con-paralisis-cerebral\/#breadcrumb","itemListElement":[{"@type":"ListItem","position":1,"name":"Portada","item":"https:\/\/carlosoconnor.es\/"},{"@type":"ListItem","position":2,"name":"Impacto de la liberaci\u00f3n del frenillo lingual (anquiloglosia) y del frenillo labial en los resultados funcionales de pacientes pedi\u00e1tricos con par\u00e1lisis cerebral"}]},{"@type":"WebSite","@id":"https:\/\/carlosoconnor.es\/#website","url":"https:\/\/carlosoconnor.es\/","name":"Carlos O&#039;Connor","description":"Dr. Carlos O&#039;Connor Reina - Otorrinolaring\u00f3logo","publisher":{"@id":"https:\/\/carlosoconnor.es\/#organization"},"potentialAction":[{"@type":"SearchAction","target":{"@type":"EntryPoint","urlTemplate":"https:\/\/carlosoconnor.es\/?s={search_term_string}"},"query-input":{"@type":"PropertyValueSpecification","valueRequired":true,"valueName":"search_term_string"}}],"inLanguage":"en-GB"},{"@type":"Organization","@id":"https:\/\/carlosoconnor.es\/#organization","name":"Carlos O&#039;Connor","url":"https:\/\/carlosoconnor.es\/","logo":{"@type":"ImageObject","inLanguage":"en-GB","@id":"https:\/\/carlosoconnor.es\/#\/schema\/logo\/image\/","url":"https:\/\/carlosoconnor.es\/wp-content\/uploads\/2025\/07\/cropped-logo-wide.png","contentUrl":"https:\/\/carlosoconnor.es\/wp-content\/uploads\/2025\/07\/cropped-logo-wide.png","width":241,"height":50,"caption":"Carlos O&#039;Connor"},"image":{"@id":"https:\/\/carlosoconnor.es\/#\/schema\/logo\/image\/"}},{"@type":"Person","@id":"https:\/\/carlosoconnor.es\/#\/schema\/person\/c879dbc2b732eaa32429f50dfbd0a949","name":"gestion","sameAs":["https:\/\/www.ycomieronperdices.net\/temp\/oconnor2025"],"url":"https:\/\/carlosoconnor.es\/en\/author\/gestion\/"}]}},"_links":{"self":[{"href":"https:\/\/carlosoconnor.es\/en\/wp-json\/wp\/v2\/posts\/59656","targetHints":{"allow":["GET"]}}],"collection":[{"href":"https:\/\/carlosoconnor.es\/en\/wp-json\/wp\/v2\/posts"}],"about":[{"href":"https:\/\/carlosoconnor.es\/en\/wp-json\/wp\/v2\/types\/post"}],"author":[{"embeddable":true,"href":"https:\/\/carlosoconnor.es\/en\/wp-json\/wp\/v2\/users\/1"}],"replies":[{"embeddable":true,"href":"https:\/\/carlosoconnor.es\/en\/wp-json\/wp\/v2\/comments?post=59656"}],"version-history":[{"count":0,"href":"https:\/\/carlosoconnor.es\/en\/wp-json\/wp\/v2\/posts\/59656\/revisions"}],"wp:featuredmedia":[{"embeddable":true,"href":"https:\/\/carlosoconnor.es\/en\/wp-json\/wp\/v2\/media\/60334"}],"wp:attachment":[{"href":"https:\/\/carlosoconnor.es\/en\/wp-json\/wp\/v2\/media?parent=59656"}],"wp:term":[{"taxonomy":"category","embeddable":true,"href":"https:\/\/carlosoconnor.es\/en\/wp-json\/wp\/v2\/categories?post=59656"},{"taxonomy":"post_tag","embeddable":true,"href":"https:\/\/carlosoconnor.es\/en\/wp-json\/wp\/v2\/tags?post=59656"}],"curies":[{"name":"wp","href":"https:\/\/api.w.org\/{rel}","templated":true}]}}