{"id":59626,"date":"2025-05-19T05:35:30","date_gmt":"2025-05-19T03:35:30","guid":{"rendered":"https:\/\/www.ycomieronperdices.net\/temp\/oconnor2025\/riesgos-de-la-apnea-del-sueno-y-como-tratarla\/"},"modified":"2025-07-24T11:11:39","modified_gmt":"2025-07-24T09:11:39","slug":"riesgos-de-la-apnea-del-sueno-y-como-tratarla","status":"publish","type":"post","link":"https:\/\/carlosoconnor.es\/en\/riesgos-de-la-apnea-del-sueno-y-como-tratarla\/","title":{"rendered":"Risks of sleep apnea and how to treat it"},"content":{"rendered":"<p>In the following article, Xenia Mota, the otolaryngologist in charge of the specialized sleep apnea unit at the Cl\u00ednica Recoletas Ponferrada, talks about the risks of sleep apnea and how to treat it. I believe we should continue to disseminate this type of information online to raise greater awareness of the seriousness of this condition.<\/p>\n<p>&#8212;&#8212;&#8212;&#8212;&#8212;&#8212;&#8212;&#8212;&#8212;&#8212;&#8212;&#8212;&#8212;&#8212;&#8212;<\/p>\n<p><strong>#apneaobstructivadelsue\u00f1o<\/strong> <strong>#otorrinonaringologia<\/strong> <strong>#obstructivesleepapnea<\/strong> <strong>#otorhinolaryngology<\/strong> <strong>#aos<\/strong> <strong>#osa<\/strong> <strong>#ronquidos<\/strong> <strong>#snoring<\/strong><\/p>\n<p>Link:<a href=\"https:\/\/www.somoscomarca.es\/articulo\/coronavirus\/apnea-sueno-amenaza-silenciosa-que-puede-costar-vida\/20250509181011195676.html\">https:\/\/www.somoscomarca.es\/ar&#8230;<\/a><\/p>\n<figure><\/figure>","protected":false},"excerpt":{"rendered":"<p>En el siguiente art\u00edculo la\u00a0otorrinolaring\u00f3loga responsable de la unidad especializada en esta patolog\u00eda en la Cl\u00ednica Recoletas Ponferrada, Xenia Mota, nos habla de los riesgos de la apnea del sue\u00f1o&hellip;<\/p>","protected":false},"author":1,"featured_media":60323,"comment_status":"open","ping_status":"open","sticky":false,"template":"","format":"standard","meta":{"footnotes":""},"categories":[270],"tags":[],"class_list":["post-59626","post","type-post","status-publish","format-standard","has-post-thumbnail","hentry","category-apnea-obstructiva-del-sueno"],"yoast_head":"<!-- This site is optimized with the Yoast SEO plugin v26.4 - https:\/\/yoast.com\/wordpress\/plugins\/seo\/ -->\n<title>Riesgos de la apnea del sue\u00f1o y c\u00f3mo tratarla - Carlos O&#039;Connor<\/title>\n<meta name=\"robots\" content=\"index, follow, max-snippet:-1, max-image-preview:large, max-video-preview:-1\" \/>\n<link rel=\"canonical\" href=\"https:\/\/carlosoconnor.es\/en\/riesgos-de-la-apnea-del-sueno-y-como-tratarla\/\" \/>\n<meta property=\"og:locale\" content=\"en_GB\" \/>\n<meta property=\"og:type\" content=\"article\" \/>\n<meta property=\"og:title\" content=\"Riesgos de la apnea del sue\u00f1o y c\u00f3mo tratarla - Carlos O&#039;Connor\" \/>\n<meta property=\"og:description\" content=\"En el siguiente art\u00edculo la\u00a0otorrinolaring\u00f3loga responsable de la unidad especializada en esta patolog\u00eda en la Cl\u00ednica Recoletas Ponferrada, Xenia Mota, nos habla de los riesgos de la apnea del sue\u00f1o&hellip;\" \/>\n<meta property=\"og:url\" content=\"https:\/\/carlosoconnor.es\/en\/riesgos-de-la-apnea-del-sueno-y-como-tratarla\/\" \/>\n<meta property=\"og:site_name\" content=\"Carlos O&#039;Connor\" \/>\n<meta property=\"article:published_time\" content=\"2025-05-19T03:35:30+00:00\" \/>\n<meta property=\"article:modified_time\" content=\"2025-07-24T09:11:39+00:00\" \/>\n<meta property=\"og:image\" content=\"https:\/\/carlosoconnor.es\/wp-content\/uploads\/2025\/05\/1747821292512.jpg\" \/>\n\t<meta property=\"og:image:width\" content=\"800\" \/>\n\t<meta property=\"og:image:height\" content=\"452\" \/>\n\t<meta property=\"og:image:type\" content=\"image\/jpeg\" \/>\n<meta name=\"author\" content=\"gestion\" \/>\n<meta name=\"twitter:card\" content=\"summary_large_image\" \/>\n<meta name=\"twitter:label1\" content=\"Written by\" \/>\n\t<meta name=\"twitter:data1\" content=\"gestion\" \/>\n<script type=\"application\/ld+json\" class=\"yoast-schema-graph\">{\"@context\":\"https:\/\/schema.org\",\"@graph\":[{\"@type\":\"Article\",\"@id\":\"https:\/\/carlosoconnor.es\/riesgos-de-la-apnea-del-sueno-y-como-tratarla\/#article\",\"isPartOf\":{\"@id\":\"https:\/\/carlosoconnor.es\/riesgos-de-la-apnea-del-sueno-y-como-tratarla\/\"},\"author\":{\"name\":\"gestion\",\"@id\":\"https:\/\/carlosoconnor.es\/#\/schema\/person\/c879dbc2b732eaa32429f50dfbd0a949\"},\"headline\":\"Riesgos de la apnea del sue\u00f1o y c\u00f3mo tratarla\",\"datePublished\":\"2025-05-19T03:35:30+00:00\",\"dateModified\":\"2025-07-24T09:11:39+00:00\",\"mainEntityOfPage\":{\"@id\":\"https:\/\/carlosoconnor.es\/riesgos-de-la-apnea-del-sueno-y-como-tratarla\/\"},\"wordCount\":95,\"commentCount\":0,\"publisher\":{\"@id\":\"https:\/\/carlosoconnor.es\/#organization\"},\"image\":{\"@id\":\"https:\/\/carlosoconnor.es\/riesgos-de-la-apnea-del-sueno-y-como-tratarla\/#primaryimage\"},\"thumbnailUrl\":\"https:\/\/carlosoconnor.es\/wp-content\/uploads\/2025\/05\/1747821292512.jpg\",\"articleSection\":[\"Apnea obstructiva del sue\u00f1o\"],\"inLanguage\":\"en-GB\",\"potentialAction\":[{\"@type\":\"CommentAction\",\"name\":\"Comment\",\"target\":[\"https:\/\/carlosoconnor.es\/riesgos-de-la-apnea-del-sueno-y-como-tratarla\/#respond\"]}]},{\"@type\":\"WebPage\",\"@id\":\"https:\/\/carlosoconnor.es\/riesgos-de-la-apnea-del-sueno-y-como-tratarla\/\",\"url\":\"https:\/\/carlosoconnor.es\/riesgos-de-la-apnea-del-sueno-y-como-tratarla\/\",\"name\":\"Riesgos de la apnea del sue\u00f1o y c\u00f3mo tratarla - Carlos O&#039;Connor\",\"isPartOf\":{\"@id\":\"https:\/\/carlosoconnor.es\/#website\"},\"primaryImageOfPage\":{\"@id\":\"https:\/\/carlosoconnor.es\/riesgos-de-la-apnea-del-sueno-y-como-tratarla\/#primaryimage\"},\"image\":{\"@id\":\"https:\/\/carlosoconnor.es\/riesgos-de-la-apnea-del-sueno-y-como-tratarla\/#primaryimage\"},\"thumbnailUrl\":\"https:\/\/carlosoconnor.es\/wp-content\/uploads\/2025\/05\/1747821292512.jpg\",\"datePublished\":\"2025-05-19T03:35:30+00:00\",\"dateModified\":\"2025-07-24T09:11:39+00:00\",\"breadcrumb\":{\"@id\":\"https:\/\/carlosoconnor.es\/riesgos-de-la-apnea-del-sueno-y-como-tratarla\/#breadcrumb\"},\"inLanguage\":\"en-GB\",\"potentialAction\":[{\"@type\":\"ReadAction\",\"target\":[\"https:\/\/carlosoconnor.es\/riesgos-de-la-apnea-del-sueno-y-como-tratarla\/\"]}]},{\"@type\":\"ImageObject\",\"inLanguage\":\"en-GB\",\"@id\":\"https:\/\/carlosoconnor.es\/riesgos-de-la-apnea-del-sueno-y-como-tratarla\/#primaryimage\",\"url\":\"https:\/\/carlosoconnor.es\/wp-content\/uploads\/2025\/05\/1747821292512.jpg\",\"contentUrl\":\"https:\/\/carlosoconnor.es\/wp-content\/uploads\/2025\/05\/1747821292512.jpg\",\"width\":800,\"height\":452,\"caption\":\"1747821292512\"},{\"@type\":\"BreadcrumbList\",\"@id\":\"https:\/\/carlosoconnor.es\/riesgos-de-la-apnea-del-sueno-y-como-tratarla\/#breadcrumb\",\"itemListElement\":[{\"@type\":\"ListItem\",\"position\":1,\"name\":\"Portada\",\"item\":\"https:\/\/carlosoconnor.es\/\"},{\"@type\":\"ListItem\",\"position\":2,\"name\":\"Riesgos de la apnea del sue\u00f1o y c\u00f3mo tratarla\"}]},{\"@type\":\"WebSite\",\"@id\":\"https:\/\/carlosoconnor.es\/#website\",\"url\":\"https:\/\/carlosoconnor.es\/\",\"name\":\"Carlos O&#039;Connor\",\"description\":\"Dr. Carlos O&#039;Connor Reina - Otorrinolaring\u00f3logo\",\"publisher\":{\"@id\":\"https:\/\/carlosoconnor.es\/#organization\"},\"potentialAction\":[{\"@type\":\"SearchAction\",\"target\":{\"@type\":\"EntryPoint\",\"urlTemplate\":\"https:\/\/carlosoconnor.es\/?s={search_term_string}\"},\"query-input\":{\"@type\":\"PropertyValueSpecification\",\"valueRequired\":true,\"valueName\":\"search_term_string\"}}],\"inLanguage\":\"en-GB\"},{\"@type\":\"Organization\",\"@id\":\"https:\/\/carlosoconnor.es\/#organization\",\"name\":\"Carlos O&#039;Connor\",\"url\":\"https:\/\/carlosoconnor.es\/\",\"logo\":{\"@type\":\"ImageObject\",\"inLanguage\":\"en-GB\",\"@id\":\"https:\/\/carlosoconnor.es\/#\/schema\/logo\/image\/\",\"url\":\"https:\/\/carlosoconnor.es\/wp-content\/uploads\/2025\/07\/cropped-logo-wide.png\",\"contentUrl\":\"https:\/\/carlosoconnor.es\/wp-content\/uploads\/2025\/07\/cropped-logo-wide.png\",\"width\":241,\"height\":50,\"caption\":\"Carlos O&#039;Connor\"},\"image\":{\"@id\":\"https:\/\/carlosoconnor.es\/#\/schema\/logo\/image\/\"}},{\"@type\":\"Person\",\"@id\":\"https:\/\/carlosoconnor.es\/#\/schema\/person\/c879dbc2b732eaa32429f50dfbd0a949\",\"name\":\"gestion\",\"sameAs\":[\"https:\/\/www.ycomieronperdices.net\/temp\/oconnor2025\"],\"url\":\"https:\/\/carlosoconnor.es\/en\/author\/gestion\/\"}]}<\/script>\n<!-- \/ Yoast SEO plugin. -->","yoast_head_json":{"title":"Riesgos de la apnea del sue\u00f1o y c\u00f3mo tratarla - Carlos O&#039;Connor","robots":{"index":"index","follow":"follow","max-snippet":"max-snippet:-1","max-image-preview":"max-image-preview:large","max-video-preview":"max-video-preview:-1"},"canonical":"https:\/\/carlosoconnor.es\/en\/riesgos-de-la-apnea-del-sueno-y-como-tratarla\/","og_locale":"en_GB","og_type":"article","og_title":"Riesgos de la apnea del sue\u00f1o y c\u00f3mo tratarla - Carlos O&#039;Connor","og_description":"En el siguiente art\u00edculo la\u00a0otorrinolaring\u00f3loga responsable de la unidad especializada en esta patolog\u00eda en la Cl\u00ednica Recoletas Ponferrada, Xenia Mota, nos habla de los riesgos de la apnea del sue\u00f1o&hellip;","og_url":"https:\/\/carlosoconnor.es\/en\/riesgos-de-la-apnea-del-sueno-y-como-tratarla\/","og_site_name":"Carlos O&#039;Connor","article_published_time":"2025-05-19T03:35:30+00:00","article_modified_time":"2025-07-24T09:11:39+00:00","og_image":[{"width":800,"height":452,"url":"https:\/\/carlosoconnor.es\/wp-content\/uploads\/2025\/05\/1747821292512.jpg","type":"image\/jpeg"}],"author":"gestion","twitter_card":"summary_large_image","twitter_misc":{"Written by":"gestion"},"schema":{"@context":"https:\/\/schema.org","@graph":[{"@type":"Article","@id":"https:\/\/carlosoconnor.es\/riesgos-de-la-apnea-del-sueno-y-como-tratarla\/#article","isPartOf":{"@id":"https:\/\/carlosoconnor.es\/riesgos-de-la-apnea-del-sueno-y-como-tratarla\/"},"author":{"name":"gestion","@id":"https:\/\/carlosoconnor.es\/#\/schema\/person\/c879dbc2b732eaa32429f50dfbd0a949"},"headline":"Riesgos de la apnea del sue\u00f1o y c\u00f3mo tratarla","datePublished":"2025-05-19T03:35:30+00:00","dateModified":"2025-07-24T09:11:39+00:00","mainEntityOfPage":{"@id":"https:\/\/carlosoconnor.es\/riesgos-de-la-apnea-del-sueno-y-como-tratarla\/"},"wordCount":95,"commentCount":0,"publisher":{"@id":"https:\/\/carlosoconnor.es\/#organization"},"image":{"@id":"https:\/\/carlosoconnor.es\/riesgos-de-la-apnea-del-sueno-y-como-tratarla\/#primaryimage"},"thumbnailUrl":"https:\/\/carlosoconnor.es\/wp-content\/uploads\/2025\/05\/1747821292512.jpg","articleSection":["Apnea obstructiva del sue\u00f1o"],"inLanguage":"en-GB","potentialAction":[{"@type":"CommentAction","name":"Comment","target":["https:\/\/carlosoconnor.es\/riesgos-de-la-apnea-del-sueno-y-como-tratarla\/#respond"]}]},{"@type":"WebPage","@id":"https:\/\/carlosoconnor.es\/riesgos-de-la-apnea-del-sueno-y-como-tratarla\/","url":"https:\/\/carlosoconnor.es\/riesgos-de-la-apnea-del-sueno-y-como-tratarla\/","name":"Riesgos de la apnea del sue\u00f1o y c\u00f3mo tratarla - Carlos O&#039;Connor","isPartOf":{"@id":"https:\/\/carlosoconnor.es\/#website"},"primaryImageOfPage":{"@id":"https:\/\/carlosoconnor.es\/riesgos-de-la-apnea-del-sueno-y-como-tratarla\/#primaryimage"},"image":{"@id":"https:\/\/carlosoconnor.es\/riesgos-de-la-apnea-del-sueno-y-como-tratarla\/#primaryimage"},"thumbnailUrl":"https:\/\/carlosoconnor.es\/wp-content\/uploads\/2025\/05\/1747821292512.jpg","datePublished":"2025-05-19T03:35:30+00:00","dateModified":"2025-07-24T09:11:39+00:00","breadcrumb":{"@id":"https:\/\/carlosoconnor.es\/riesgos-de-la-apnea-del-sueno-y-como-tratarla\/#breadcrumb"},"inLanguage":"en-GB","potentialAction":[{"@type":"ReadAction","target":["https:\/\/carlosoconnor.es\/riesgos-de-la-apnea-del-sueno-y-como-tratarla\/"]}]},{"@type":"ImageObject","inLanguage":"en-GB","@id":"https:\/\/carlosoconnor.es\/riesgos-de-la-apnea-del-sueno-y-como-tratarla\/#primaryimage","url":"https:\/\/carlosoconnor.es\/wp-content\/uploads\/2025\/05\/1747821292512.jpg","contentUrl":"https:\/\/carlosoconnor.es\/wp-content\/uploads\/2025\/05\/1747821292512.jpg","width":800,"height":452,"caption":"1747821292512"},{"@type":"BreadcrumbList","@id":"https:\/\/carlosoconnor.es\/riesgos-de-la-apnea-del-sueno-y-como-tratarla\/#breadcrumb","itemListElement":[{"@type":"ListItem","position":1,"name":"Portada","item":"https:\/\/carlosoconnor.es\/"},{"@type":"ListItem","position":2,"name":"Riesgos de la apnea del sue\u00f1o y c\u00f3mo tratarla"}]},{"@type":"WebSite","@id":"https:\/\/carlosoconnor.es\/#website","url":"https:\/\/carlosoconnor.es\/","name":"Carlos O&#039;Connor","description":"Dr. Carlos O&#039;Connor Reina - Otorrinolaring\u00f3logo","publisher":{"@id":"https:\/\/carlosoconnor.es\/#organization"},"potentialAction":[{"@type":"SearchAction","target":{"@type":"EntryPoint","urlTemplate":"https:\/\/carlosoconnor.es\/?s={search_term_string}"},"query-input":{"@type":"PropertyValueSpecification","valueRequired":true,"valueName":"search_term_string"}}],"inLanguage":"en-GB"},{"@type":"Organization","@id":"https:\/\/carlosoconnor.es\/#organization","name":"Carlos O&#039;Connor","url":"https:\/\/carlosoconnor.es\/","logo":{"@type":"ImageObject","inLanguage":"en-GB","@id":"https:\/\/carlosoconnor.es\/#\/schema\/logo\/image\/","url":"https:\/\/carlosoconnor.es\/wp-content\/uploads\/2025\/07\/cropped-logo-wide.png","contentUrl":"https:\/\/carlosoconnor.es\/wp-content\/uploads\/2025\/07\/cropped-logo-wide.png","width":241,"height":50,"caption":"Carlos O&#039;Connor"},"image":{"@id":"https:\/\/carlosoconnor.es\/#\/schema\/logo\/image\/"}},{"@type":"Person","@id":"https:\/\/carlosoconnor.es\/#\/schema\/person\/c879dbc2b732eaa32429f50dfbd0a949","name":"gestion","sameAs":["https:\/\/www.ycomieronperdices.net\/temp\/oconnor2025"],"url":"https:\/\/carlosoconnor.es\/en\/author\/gestion\/"}]}},"_links":{"self":[{"href":"https:\/\/carlosoconnor.es\/en\/wp-json\/wp\/v2\/posts\/59626","targetHints":{"allow":["GET"]}}],"collection":[{"href":"https:\/\/carlosoconnor.es\/en\/wp-json\/wp\/v2\/posts"}],"about":[{"href":"https:\/\/carlosoconnor.es\/en\/wp-json\/wp\/v2\/types\/post"}],"author":[{"embeddable":true,"href":"https:\/\/carlosoconnor.es\/en\/wp-json\/wp\/v2\/users\/1"}],"replies":[{"embeddable":true,"href":"https:\/\/carlosoconnor.es\/en\/wp-json\/wp\/v2\/comments?post=59626"}],"version-history":[{"count":0,"href":"https:\/\/carlosoconnor.es\/en\/wp-json\/wp\/v2\/posts\/59626\/revisions"}],"wp:featuredmedia":[{"embeddable":true,"href":"https:\/\/carlosoconnor.es\/en\/wp-json\/wp\/v2\/media\/60323"}],"wp:attachment":[{"href":"https:\/\/carlosoconnor.es\/en\/wp-json\/wp\/v2\/media?parent=59626"}],"wp:term":[{"taxonomy":"category","embeddable":true,"href":"https:\/\/carlosoconnor.es\/en\/wp-json\/wp\/v2\/categories?post=59626"},{"taxonomy":"post_tag","embeddable":true,"href":"https:\/\/carlosoconnor.es\/en\/wp-json\/wp\/v2\/tags?post=59626"}],"curies":[{"name":"wp","href":"https:\/\/api.w.org\/{rel}","templated":true}]}}