{"id":59437,"date":"2025-02-03T07:00:30","date_gmt":"2025-02-03T06:00:30","guid":{"rendered":"https:\/\/www.ycomieronperdices.net\/temp\/oconnor2025\/la-apnea-obstructiva-del-sueno-en-relacion-con-la-eficacia-del-tratamiento-de-los-trastornos-de-estres-posttraumaticos\/"},"modified":"2025-07-23T14:38:47","modified_gmt":"2025-07-23T12:38:47","slug":"la-apnea-obstructiva-del-sueno-en-relacion-con-la-eficacia-del-tratamiento-de-los-trastornos-de-estres-posttraumaticos","status":"publish","type":"post","link":"https:\/\/carlosoconnor.es\/en\/la-apnea-obstructiva-del-sueno-en-relacion-con-la-eficacia-del-tratamiento-de-los-trastornos-de-estres-posttraumaticos\/","title":{"rendered":"Obstructive sleep apnea in relation to the efficacy of treatment of post-traumatic stress disorders"},"content":{"rendered":"<p>Obstructive sleep apnea (OSA) is very common in veterans with mental illnesses such as post-traumatic stress disorder (PTSD). Untreated OSA reduces the effectiveness of PTSD treatment. Continuous positive airway pressure (CPAP) therapy is the most effective treatment for OSA. A large number of veterans cannot tolerate CPAP therapy due to anxiety and PTSD symptoms. Positive airway pressure (PAP) (NAP), a daytime sleep study for patients anxious about starting CPAP, and exposure-based cognitive behavioral interventions are the mainstays for treating CPAP intolerance. But these are not accessible to everyone. This study addresses these issues.<br \/>\n&#8212;&#8212;&#8212;&#8212;&#8212;&#8212;&#8212;&#8212;&#8212;&#8212;&#8212;&#8212;-<\/p>\n<p>Link: <a href=\"https:\/\/pubmed.ncbi.nlm.nih.gov\/39866656\/\">https:\/\/pubmed.ncbi.nlm.nih.go&#8230;<\/a><\/p>\n<figure><\/figure>","protected":false},"excerpt":{"rendered":"<p>La apnea obstructiva del sue\u00f1o (AOS) es muy frecuente en veteranos con enfermedades mentales, como el trastorno de estr\u00e9s postraum\u00e1tico (TEPT). La AOS no tratada reduce la eficacia del tratamiento&hellip;<\/p>","protected":false},"author":1,"featured_media":60039,"comment_status":"open","ping_status":"open","sticky":false,"template":"","format":"standard","meta":{"footnotes":""},"categories":[270],"tags":[],"class_list":["post-59437","post","type-post","status-publish","format-standard","has-post-thumbnail","hentry","category-apnea-obstructiva-del-sueno"],"yoast_head":"<!-- This site is optimized with the Yoast SEO plugin v26.4 - https:\/\/yoast.com\/wordpress\/plugins\/seo\/ -->\n<title>La apnea obstructiva del sue\u00f1o en relaci\u00f3n con la eficacia del tratamiento de los trastornos de estr\u00e9s posttraum\u00e1ticos - Carlos O&#039;Connor<\/title>\n<meta name=\"robots\" content=\"index, follow, max-snippet:-1, max-image-preview:large, max-video-preview:-1\" \/>\n<link rel=\"canonical\" href=\"https:\/\/carlosoconnor.es\/en\/la-apnea-obstructiva-del-sueno-en-relacion-con-la-eficacia-del-tratamiento-de-los-trastornos-de-estres-posttraumaticos\/\" \/>\n<meta property=\"og:locale\" content=\"en_GB\" \/>\n<meta property=\"og:type\" content=\"article\" \/>\n<meta property=\"og:title\" content=\"La apnea obstructiva del sue\u00f1o en relaci\u00f3n con la eficacia del tratamiento de los trastornos de estr\u00e9s posttraum\u00e1ticos - Carlos O&#039;Connor\" \/>\n<meta property=\"og:description\" content=\"La apnea obstructiva del sue\u00f1o (AOS) es muy frecuente en veteranos con enfermedades mentales, como el trastorno de estr\u00e9s postraum\u00e1tico (TEPT). La AOS no tratada reduce la eficacia del tratamiento&hellip;\" \/>\n<meta property=\"og:url\" content=\"https:\/\/carlosoconnor.es\/en\/la-apnea-obstructiva-del-sueno-en-relacion-con-la-eficacia-del-tratamiento-de-los-trastornos-de-estres-posttraumaticos\/\" \/>\n<meta property=\"og:site_name\" content=\"Carlos O&#039;Connor\" \/>\n<meta property=\"article:published_time\" content=\"2025-02-03T06:00:30+00:00\" \/>\n<meta property=\"article:modified_time\" content=\"2025-07-23T12:38:47+00:00\" \/>\n<meta property=\"og:image\" content=\"https:\/\/carlosoconnor.es\/wp-content\/uploads\/2025\/02\/0101.jpg\" \/>\n\t<meta property=\"og:image:width\" content=\"1316\" \/>\n\t<meta property=\"og:image:height\" content=\"609\" \/>\n\t<meta property=\"og:image:type\" content=\"image\/jpeg\" \/>\n<meta name=\"author\" content=\"gestion\" \/>\n<meta name=\"twitter:card\" content=\"summary_large_image\" \/>\n<meta name=\"twitter:label1\" content=\"Written by\" \/>\n\t<meta name=\"twitter:data1\" content=\"gestion\" \/>\n\t<meta name=\"twitter:label2\" content=\"Estimated reading time\" \/>\n\t<meta name=\"twitter:data2\" content=\"1 minute\" \/>\n<script type=\"application\/ld+json\" class=\"yoast-schema-graph\">{\"@context\":\"https:\/\/schema.org\",\"@graph\":[{\"@type\":\"Article\",\"@id\":\"https:\/\/carlosoconnor.es\/la-apnea-obstructiva-del-sueno-en-relacion-con-la-eficacia-del-tratamiento-de-los-trastornos-de-estres-posttraumaticos\/#article\",\"isPartOf\":{\"@id\":\"https:\/\/carlosoconnor.es\/la-apnea-obstructiva-del-sueno-en-relacion-con-la-eficacia-del-tratamiento-de-los-trastornos-de-estres-posttraumaticos\/\"},\"author\":{\"name\":\"gestion\",\"@id\":\"https:\/\/carlosoconnor.es\/#\/schema\/person\/c879dbc2b732eaa32429f50dfbd0a949\"},\"headline\":\"La apnea obstructiva del sue\u00f1o en relaci\u00f3n con la eficacia del tratamiento de los trastornos de estr\u00e9s posttraum\u00e1ticos\",\"datePublished\":\"2025-02-03T06:00:30+00:00\",\"dateModified\":\"2025-07-23T12:38:47+00:00\",\"mainEntityOfPage\":{\"@id\":\"https:\/\/carlosoconnor.es\/la-apnea-obstructiva-del-sueno-en-relacion-con-la-eficacia-del-tratamiento-de-los-trastornos-de-estres-posttraumaticos\/\"},\"wordCount\":171,\"commentCount\":0,\"publisher\":{\"@id\":\"https:\/\/carlosoconnor.es\/#organization\"},\"image\":{\"@id\":\"https:\/\/carlosoconnor.es\/la-apnea-obstructiva-del-sueno-en-relacion-con-la-eficacia-del-tratamiento-de-los-trastornos-de-estres-posttraumaticos\/#primaryimage\"},\"thumbnailUrl\":\"https:\/\/carlosoconnor.es\/wp-content\/uploads\/2025\/02\/0101.jpg\",\"articleSection\":[\"Apnea obstructiva del sue\u00f1o\"],\"inLanguage\":\"en-GB\",\"potentialAction\":[{\"@type\":\"CommentAction\",\"name\":\"Comment\",\"target\":[\"https:\/\/carlosoconnor.es\/la-apnea-obstructiva-del-sueno-en-relacion-con-la-eficacia-del-tratamiento-de-los-trastornos-de-estres-posttraumaticos\/#respond\"]}]},{\"@type\":\"WebPage\",\"@id\":\"https:\/\/carlosoconnor.es\/la-apnea-obstructiva-del-sueno-en-relacion-con-la-eficacia-del-tratamiento-de-los-trastornos-de-estres-posttraumaticos\/\",\"url\":\"https:\/\/carlosoconnor.es\/la-apnea-obstructiva-del-sueno-en-relacion-con-la-eficacia-del-tratamiento-de-los-trastornos-de-estres-posttraumaticos\/\",\"name\":\"La apnea obstructiva del sue\u00f1o en relaci\u00f3n con la eficacia del tratamiento de los trastornos de estr\u00e9s posttraum\u00e1ticos - Carlos O&#039;Connor\",\"isPartOf\":{\"@id\":\"https:\/\/carlosoconnor.es\/#website\"},\"primaryImageOfPage\":{\"@id\":\"https:\/\/carlosoconnor.es\/la-apnea-obstructiva-del-sueno-en-relacion-con-la-eficacia-del-tratamiento-de-los-trastornos-de-estres-posttraumaticos\/#primaryimage\"},\"image\":{\"@id\":\"https:\/\/carlosoconnor.es\/la-apnea-obstructiva-del-sueno-en-relacion-con-la-eficacia-del-tratamiento-de-los-trastornos-de-estres-posttraumaticos\/#primaryimage\"},\"thumbnailUrl\":\"https:\/\/carlosoconnor.es\/wp-content\/uploads\/2025\/02\/0101.jpg\",\"datePublished\":\"2025-02-03T06:00:30+00:00\",\"dateModified\":\"2025-07-23T12:38:47+00:00\",\"breadcrumb\":{\"@id\":\"https:\/\/carlosoconnor.es\/la-apnea-obstructiva-del-sueno-en-relacion-con-la-eficacia-del-tratamiento-de-los-trastornos-de-estres-posttraumaticos\/#breadcrumb\"},\"inLanguage\":\"en-GB\",\"potentialAction\":[{\"@type\":\"ReadAction\",\"target\":[\"https:\/\/carlosoconnor.es\/la-apnea-obstructiva-del-sueno-en-relacion-con-la-eficacia-del-tratamiento-de-los-trastornos-de-estres-posttraumaticos\/\"]}]},{\"@type\":\"ImageObject\",\"inLanguage\":\"en-GB\",\"@id\":\"https:\/\/carlosoconnor.es\/la-apnea-obstructiva-del-sueno-en-relacion-con-la-eficacia-del-tratamiento-de-los-trastornos-de-estres-posttraumaticos\/#primaryimage\",\"url\":\"https:\/\/carlosoconnor.es\/wp-content\/uploads\/2025\/02\/0101.jpg\",\"contentUrl\":\"https:\/\/carlosoconnor.es\/wp-content\/uploads\/2025\/02\/0101.jpg\",\"width\":1316,\"height\":609,\"caption\":\"0101\"},{\"@type\":\"BreadcrumbList\",\"@id\":\"https:\/\/carlosoconnor.es\/la-apnea-obstructiva-del-sueno-en-relacion-con-la-eficacia-del-tratamiento-de-los-trastornos-de-estres-posttraumaticos\/#breadcrumb\",\"itemListElement\":[{\"@type\":\"ListItem\",\"position\":1,\"name\":\"Portada\",\"item\":\"https:\/\/carlosoconnor.es\/\"},{\"@type\":\"ListItem\",\"position\":2,\"name\":\"La apnea obstructiva del sue\u00f1o en relaci\u00f3n con la eficacia del tratamiento de los trastornos de estr\u00e9s posttraum\u00e1ticos\"}]},{\"@type\":\"WebSite\",\"@id\":\"https:\/\/carlosoconnor.es\/#website\",\"url\":\"https:\/\/carlosoconnor.es\/\",\"name\":\"Carlos O&#039;Connor\",\"description\":\"Dr. Carlos O&#039;Connor Reina - Otorrinolaring\u00f3logo\",\"publisher\":{\"@id\":\"https:\/\/carlosoconnor.es\/#organization\"},\"potentialAction\":[{\"@type\":\"SearchAction\",\"target\":{\"@type\":\"EntryPoint\",\"urlTemplate\":\"https:\/\/carlosoconnor.es\/?s={search_term_string}\"},\"query-input\":{\"@type\":\"PropertyValueSpecification\",\"valueRequired\":true,\"valueName\":\"search_term_string\"}}],\"inLanguage\":\"en-GB\"},{\"@type\":\"Organization\",\"@id\":\"https:\/\/carlosoconnor.es\/#organization\",\"name\":\"Carlos O&#039;Connor\",\"url\":\"https:\/\/carlosoconnor.es\/\",\"logo\":{\"@type\":\"ImageObject\",\"inLanguage\":\"en-GB\",\"@id\":\"https:\/\/carlosoconnor.es\/#\/schema\/logo\/image\/\",\"url\":\"https:\/\/carlosoconnor.es\/wp-content\/uploads\/2025\/07\/cropped-logo-wide.png\",\"contentUrl\":\"https:\/\/carlosoconnor.es\/wp-content\/uploads\/2025\/07\/cropped-logo-wide.png\",\"width\":241,\"height\":50,\"caption\":\"Carlos O&#039;Connor\"},\"image\":{\"@id\":\"https:\/\/carlosoconnor.es\/#\/schema\/logo\/image\/\"}},{\"@type\":\"Person\",\"@id\":\"https:\/\/carlosoconnor.es\/#\/schema\/person\/c879dbc2b732eaa32429f50dfbd0a949\",\"name\":\"gestion\",\"sameAs\":[\"https:\/\/www.ycomieronperdices.net\/temp\/oconnor2025\"],\"url\":\"https:\/\/carlosoconnor.es\/en\/author\/gestion\/\"}]}<\/script>\n<!-- \/ Yoast SEO plugin. -->","yoast_head_json":{"title":"La apnea obstructiva del sue\u00f1o en relaci\u00f3n con la eficacia del tratamiento de los trastornos de estr\u00e9s posttraum\u00e1ticos - Carlos O&#039;Connor","robots":{"index":"index","follow":"follow","max-snippet":"max-snippet:-1","max-image-preview":"max-image-preview:large","max-video-preview":"max-video-preview:-1"},"canonical":"https:\/\/carlosoconnor.es\/en\/la-apnea-obstructiva-del-sueno-en-relacion-con-la-eficacia-del-tratamiento-de-los-trastornos-de-estres-posttraumaticos\/","og_locale":"en_GB","og_type":"article","og_title":"La apnea obstructiva del sue\u00f1o en relaci\u00f3n con la eficacia del tratamiento de los trastornos de estr\u00e9s posttraum\u00e1ticos - Carlos O&#039;Connor","og_description":"La apnea obstructiva del sue\u00f1o (AOS) es muy frecuente en veteranos con enfermedades mentales, como el trastorno de estr\u00e9s postraum\u00e1tico (TEPT). La AOS no tratada reduce la eficacia del tratamiento&hellip;","og_url":"https:\/\/carlosoconnor.es\/en\/la-apnea-obstructiva-del-sueno-en-relacion-con-la-eficacia-del-tratamiento-de-los-trastornos-de-estres-posttraumaticos\/","og_site_name":"Carlos O&#039;Connor","article_published_time":"2025-02-03T06:00:30+00:00","article_modified_time":"2025-07-23T12:38:47+00:00","og_image":[{"width":1316,"height":609,"url":"https:\/\/carlosoconnor.es\/wp-content\/uploads\/2025\/02\/0101.jpg","type":"image\/jpeg"}],"author":"gestion","twitter_card":"summary_large_image","twitter_misc":{"Written by":"gestion","Estimated reading time":"1 minute"},"schema":{"@context":"https:\/\/schema.org","@graph":[{"@type":"Article","@id":"https:\/\/carlosoconnor.es\/la-apnea-obstructiva-del-sueno-en-relacion-con-la-eficacia-del-tratamiento-de-los-trastornos-de-estres-posttraumaticos\/#article","isPartOf":{"@id":"https:\/\/carlosoconnor.es\/la-apnea-obstructiva-del-sueno-en-relacion-con-la-eficacia-del-tratamiento-de-los-trastornos-de-estres-posttraumaticos\/"},"author":{"name":"gestion","@id":"https:\/\/carlosoconnor.es\/#\/schema\/person\/c879dbc2b732eaa32429f50dfbd0a949"},"headline":"La apnea obstructiva del sue\u00f1o en relaci\u00f3n con la eficacia del tratamiento de los trastornos de estr\u00e9s posttraum\u00e1ticos","datePublished":"2025-02-03T06:00:30+00:00","dateModified":"2025-07-23T12:38:47+00:00","mainEntityOfPage":{"@id":"https:\/\/carlosoconnor.es\/la-apnea-obstructiva-del-sueno-en-relacion-con-la-eficacia-del-tratamiento-de-los-trastornos-de-estres-posttraumaticos\/"},"wordCount":171,"commentCount":0,"publisher":{"@id":"https:\/\/carlosoconnor.es\/#organization"},"image":{"@id":"https:\/\/carlosoconnor.es\/la-apnea-obstructiva-del-sueno-en-relacion-con-la-eficacia-del-tratamiento-de-los-trastornos-de-estres-posttraumaticos\/#primaryimage"},"thumbnailUrl":"https:\/\/carlosoconnor.es\/wp-content\/uploads\/2025\/02\/0101.jpg","articleSection":["Apnea obstructiva del sue\u00f1o"],"inLanguage":"en-GB","potentialAction":[{"@type":"CommentAction","name":"Comment","target":["https:\/\/carlosoconnor.es\/la-apnea-obstructiva-del-sueno-en-relacion-con-la-eficacia-del-tratamiento-de-los-trastornos-de-estres-posttraumaticos\/#respond"]}]},{"@type":"WebPage","@id":"https:\/\/carlosoconnor.es\/la-apnea-obstructiva-del-sueno-en-relacion-con-la-eficacia-del-tratamiento-de-los-trastornos-de-estres-posttraumaticos\/","url":"https:\/\/carlosoconnor.es\/la-apnea-obstructiva-del-sueno-en-relacion-con-la-eficacia-del-tratamiento-de-los-trastornos-de-estres-posttraumaticos\/","name":"La apnea obstructiva del sue\u00f1o en relaci\u00f3n con la eficacia del tratamiento de los trastornos de estr\u00e9s posttraum\u00e1ticos - Carlos O&#039;Connor","isPartOf":{"@id":"https:\/\/carlosoconnor.es\/#website"},"primaryImageOfPage":{"@id":"https:\/\/carlosoconnor.es\/la-apnea-obstructiva-del-sueno-en-relacion-con-la-eficacia-del-tratamiento-de-los-trastornos-de-estres-posttraumaticos\/#primaryimage"},"image":{"@id":"https:\/\/carlosoconnor.es\/la-apnea-obstructiva-del-sueno-en-relacion-con-la-eficacia-del-tratamiento-de-los-trastornos-de-estres-posttraumaticos\/#primaryimage"},"thumbnailUrl":"https:\/\/carlosoconnor.es\/wp-content\/uploads\/2025\/02\/0101.jpg","datePublished":"2025-02-03T06:00:30+00:00","dateModified":"2025-07-23T12:38:47+00:00","breadcrumb":{"@id":"https:\/\/carlosoconnor.es\/la-apnea-obstructiva-del-sueno-en-relacion-con-la-eficacia-del-tratamiento-de-los-trastornos-de-estres-posttraumaticos\/#breadcrumb"},"inLanguage":"en-GB","potentialAction":[{"@type":"ReadAction","target":["https:\/\/carlosoconnor.es\/la-apnea-obstructiva-del-sueno-en-relacion-con-la-eficacia-del-tratamiento-de-los-trastornos-de-estres-posttraumaticos\/"]}]},{"@type":"ImageObject","inLanguage":"en-GB","@id":"https:\/\/carlosoconnor.es\/la-apnea-obstructiva-del-sueno-en-relacion-con-la-eficacia-del-tratamiento-de-los-trastornos-de-estres-posttraumaticos\/#primaryimage","url":"https:\/\/carlosoconnor.es\/wp-content\/uploads\/2025\/02\/0101.jpg","contentUrl":"https:\/\/carlosoconnor.es\/wp-content\/uploads\/2025\/02\/0101.jpg","width":1316,"height":609,"caption":"0101"},{"@type":"BreadcrumbList","@id":"https:\/\/carlosoconnor.es\/la-apnea-obstructiva-del-sueno-en-relacion-con-la-eficacia-del-tratamiento-de-los-trastornos-de-estres-posttraumaticos\/#breadcrumb","itemListElement":[{"@type":"ListItem","position":1,"name":"Portada","item":"https:\/\/carlosoconnor.es\/"},{"@type":"ListItem","position":2,"name":"La apnea obstructiva del sue\u00f1o en relaci\u00f3n con la eficacia del tratamiento de los trastornos de estr\u00e9s posttraum\u00e1ticos"}]},{"@type":"WebSite","@id":"https:\/\/carlosoconnor.es\/#website","url":"https:\/\/carlosoconnor.es\/","name":"Carlos O&#039;Connor","description":"Dr. Carlos O&#039;Connor Reina - Otorrinolaring\u00f3logo","publisher":{"@id":"https:\/\/carlosoconnor.es\/#organization"},"potentialAction":[{"@type":"SearchAction","target":{"@type":"EntryPoint","urlTemplate":"https:\/\/carlosoconnor.es\/?s={search_term_string}"},"query-input":{"@type":"PropertyValueSpecification","valueRequired":true,"valueName":"search_term_string"}}],"inLanguage":"en-GB"},{"@type":"Organization","@id":"https:\/\/carlosoconnor.es\/#organization","name":"Carlos O&#039;Connor","url":"https:\/\/carlosoconnor.es\/","logo":{"@type":"ImageObject","inLanguage":"en-GB","@id":"https:\/\/carlosoconnor.es\/#\/schema\/logo\/image\/","url":"https:\/\/carlosoconnor.es\/wp-content\/uploads\/2025\/07\/cropped-logo-wide.png","contentUrl":"https:\/\/carlosoconnor.es\/wp-content\/uploads\/2025\/07\/cropped-logo-wide.png","width":241,"height":50,"caption":"Carlos O&#039;Connor"},"image":{"@id":"https:\/\/carlosoconnor.es\/#\/schema\/logo\/image\/"}},{"@type":"Person","@id":"https:\/\/carlosoconnor.es\/#\/schema\/person\/c879dbc2b732eaa32429f50dfbd0a949","name":"gestion","sameAs":["https:\/\/www.ycomieronperdices.net\/temp\/oconnor2025"],"url":"https:\/\/carlosoconnor.es\/en\/author\/gestion\/"}]}},"_links":{"self":[{"href":"https:\/\/carlosoconnor.es\/en\/wp-json\/wp\/v2\/posts\/59437","targetHints":{"allow":["GET"]}}],"collection":[{"href":"https:\/\/carlosoconnor.es\/en\/wp-json\/wp\/v2\/posts"}],"about":[{"href":"https:\/\/carlosoconnor.es\/en\/wp-json\/wp\/v2\/types\/post"}],"author":[{"embeddable":true,"href":"https:\/\/carlosoconnor.es\/en\/wp-json\/wp\/v2\/users\/1"}],"replies":[{"embeddable":true,"href":"https:\/\/carlosoconnor.es\/en\/wp-json\/wp\/v2\/comments?post=59437"}],"version-history":[{"count":0,"href":"https:\/\/carlosoconnor.es\/en\/wp-json\/wp\/v2\/posts\/59437\/revisions"}],"wp:featuredmedia":[{"embeddable":true,"href":"https:\/\/carlosoconnor.es\/en\/wp-json\/wp\/v2\/media\/60039"}],"wp:attachment":[{"href":"https:\/\/carlosoconnor.es\/en\/wp-json\/wp\/v2\/media?parent=59437"}],"wp:term":[{"taxonomy":"category","embeddable":true,"href":"https:\/\/carlosoconnor.es\/en\/wp-json\/wp\/v2\/categories?post=59437"},{"taxonomy":"post_tag","embeddable":true,"href":"https:\/\/carlosoconnor.es\/en\/wp-json\/wp\/v2\/tags?post=59437"}],"curies":[{"name":"wp","href":"https:\/\/api.w.org\/{rel}","templated":true}]}}