{"id":59435,"date":"2025-01-31T05:20:30","date_gmt":"2025-01-31T04:20:30","guid":{"rendered":"https:\/\/www.ycomieronperdices.net\/temp\/oconnor2025\/aplicacion-de-la-tomografia-de-coherencia-optica-en-el-diagnostico-de-la-apnea-obstructiva-del-sueno\/"},"modified":"2025-07-23T14:40:00","modified_gmt":"2025-07-23T12:40:00","slug":"aplicacion-de-la-tomografia-de-coherencia-optica-en-el-diagnostico-de-la-apnea-obstructiva-del-sueno","status":"publish","type":"post","link":"https:\/\/carlosoconnor.es\/en\/aplicacion-de-la-tomografia-de-coherencia-optica-en-el-diagnostico-de-la-apnea-obstructiva-del-sueno\/","title":{"rendered":"Application of optical coherence tomography in the diagnosis of obstructive sleep apnea"},"content":{"rendered":"<p>Obstructive sleep apnea (OSA) is a common sleep disorder characterized by intermittent airway blockages during sleep, resulting in disturbed breathing. Despite advances in diagnostic tools, current methods for assessing the condition remain limited and often fail to provide a complete picture of airway obstructions that occur during sleep. In a recent study published in Biophotonics Discovery, researchers have explored a new imaging approach that could significantly improve the way we diagnose and understand the causes of sleep apnea. The technique uses swept-source optical coherence tomography (OCT), a method commonly employed in eye care, to visualize the upper airway with high accuracy. Here is the link to this important and promising advance.<br \/>\n&#8212;&#8212;&#8212;&#8212;&#8212;&#8212;&#8212;&#8212;&#8212;&#8211;<br \/>\n#otolaryngology #cirugiadesue\u00f1o #otorrinolaringologia #snoring #ronquido #sleeptraining #entrenamientodesue\u00f1i #upperairwaydisorder #upperairwayresistancesyndrome #upperairwaysurgery #rinologia #rhinology #airwaygym<\/p>\n<p>Link: <a href=\"https:\/\/www.spiedigitallibrary.org\/journals\/biophotonics-discovery\/volume-1\/issue-03\/035002\/Optical-coherence-tomography-to-identify-upper-airway-obstruction-sites-in\/10.1117\/1.BIOS.1.3.035002.full\">https:\/\/www.spiedigitallibrary&#8230;<\/a><\/p>\n<figure style=\"text-align: center;\"><\/figure>","protected":false},"excerpt":{"rendered":"<p>La apnea obstructiva del sue\u00f1o (AOS) es un trastorno del sue\u00f1o com\u00fan que se caracteriza por bloqueos intermitentes de las v\u00edas respiratorias durante el sue\u00f1o, lo que provoca una respiraci\u00f3n&hellip;<\/p>","protected":false},"author":1,"featured_media":60043,"comment_status":"open","ping_status":"open","sticky":false,"template":"","format":"standard","meta":{"footnotes":""},"categories":[268],"tags":[],"class_list":["post-59435","post","type-post","status-publish","format-standard","has-post-thumbnail","hentry","category-ultimos-avances"],"yoast_head":"<!-- This site is optimized with the Yoast SEO plugin v26.4 - https:\/\/yoast.com\/wordpress\/plugins\/seo\/ -->\n<title>Aplicaci\u00f3n de la tomograf\u00eda de coherencia \u00f3ptica en el diagn\u00f3stico de la apnea obstructiva del sue\u00f1o - Carlos O&#039;Connor<\/title>\n<meta name=\"robots\" content=\"index, follow, max-snippet:-1, max-image-preview:large, max-video-preview:-1\" \/>\n<link rel=\"canonical\" href=\"https:\/\/carlosoconnor.es\/en\/aplicacion-de-la-tomografia-de-coherencia-optica-en-el-diagnostico-de-la-apnea-obstructiva-del-sueno\/\" \/>\n<meta property=\"og:locale\" content=\"en_GB\" \/>\n<meta property=\"og:type\" content=\"article\" \/>\n<meta property=\"og:title\" content=\"Aplicaci\u00f3n de la tomograf\u00eda de coherencia \u00f3ptica en el diagn\u00f3stico de la apnea obstructiva del sue\u00f1o - Carlos O&#039;Connor\" \/>\n<meta property=\"og:description\" content=\"La apnea obstructiva del sue\u00f1o (AOS) es un trastorno del sue\u00f1o com\u00fan que se caracteriza por bloqueos intermitentes de las v\u00edas respiratorias durante el sue\u00f1o, lo que provoca una respiraci\u00f3n&hellip;\" \/>\n<meta property=\"og:url\" content=\"https:\/\/carlosoconnor.es\/en\/aplicacion-de-la-tomografia-de-coherencia-optica-en-el-diagnostico-de-la-apnea-obstructiva-del-sueno\/\" \/>\n<meta property=\"og:site_name\" content=\"Carlos O&#039;Connor\" \/>\n<meta property=\"article:published_time\" content=\"2025-01-31T04:20:30+00:00\" \/>\n<meta property=\"article:modified_time\" content=\"2025-07-23T12:40:00+00:00\" \/>\n<meta property=\"og:image\" content=\"https:\/\/carlosoconnor.es\/wp-content\/uploads\/2025\/01\/15946308361592773698.jpg\" \/>\n\t<meta property=\"og:image:width\" content=\"500\" \/>\n\t<meta property=\"og:image:height\" content=\"261\" \/>\n\t<meta property=\"og:image:type\" content=\"image\/jpeg\" \/>\n<meta name=\"author\" content=\"gestion\" \/>\n<meta name=\"twitter:card\" content=\"summary_large_image\" \/>\n<meta name=\"twitter:label1\" content=\"Written by\" \/>\n\t<meta name=\"twitter:data1\" content=\"gestion\" \/>\n\t<meta name=\"twitter:label2\" content=\"Estimated reading time\" \/>\n\t<meta name=\"twitter:data2\" content=\"1 minute\" \/>\n<script type=\"application\/ld+json\" class=\"yoast-schema-graph\">{\"@context\":\"https:\/\/schema.org\",\"@graph\":[{\"@type\":\"Article\",\"@id\":\"https:\/\/carlosoconnor.es\/aplicacion-de-la-tomografia-de-coherencia-optica-en-el-diagnostico-de-la-apnea-obstructiva-del-sueno\/#article\",\"isPartOf\":{\"@id\":\"https:\/\/carlosoconnor.es\/aplicacion-de-la-tomografia-de-coherencia-optica-en-el-diagnostico-de-la-apnea-obstructiva-del-sueno\/\"},\"author\":{\"name\":\"gestion\",\"@id\":\"https:\/\/carlosoconnor.es\/#\/schema\/person\/c879dbc2b732eaa32429f50dfbd0a949\"},\"headline\":\"Aplicaci\u00f3n de la tomograf\u00eda de coherencia \u00f3ptica en el diagn\u00f3stico de la apnea obstructiva del sue\u00f1o\",\"datePublished\":\"2025-01-31T04:20:30+00:00\",\"dateModified\":\"2025-07-23T12:40:00+00:00\",\"mainEntityOfPage\":{\"@id\":\"https:\/\/carlosoconnor.es\/aplicacion-de-la-tomografia-de-coherencia-optica-en-el-diagnostico-de-la-apnea-obstructiva-del-sueno\/\"},\"wordCount\":209,\"commentCount\":0,\"publisher\":{\"@id\":\"https:\/\/carlosoconnor.es\/#organization\"},\"image\":{\"@id\":\"https:\/\/carlosoconnor.es\/aplicacion-de-la-tomografia-de-coherencia-optica-en-el-diagnostico-de-la-apnea-obstructiva-del-sueno\/#primaryimage\"},\"thumbnailUrl\":\"https:\/\/carlosoconnor.es\/wp-content\/uploads\/2025\/01\/15946308361592773698.jpg\",\"articleSection\":[\"\u00daltimos avances\"],\"inLanguage\":\"en-GB\",\"potentialAction\":[{\"@type\":\"CommentAction\",\"name\":\"Comment\",\"target\":[\"https:\/\/carlosoconnor.es\/aplicacion-de-la-tomografia-de-coherencia-optica-en-el-diagnostico-de-la-apnea-obstructiva-del-sueno\/#respond\"]}]},{\"@type\":\"WebPage\",\"@id\":\"https:\/\/carlosoconnor.es\/aplicacion-de-la-tomografia-de-coherencia-optica-en-el-diagnostico-de-la-apnea-obstructiva-del-sueno\/\",\"url\":\"https:\/\/carlosoconnor.es\/aplicacion-de-la-tomografia-de-coherencia-optica-en-el-diagnostico-de-la-apnea-obstructiva-del-sueno\/\",\"name\":\"Aplicaci\u00f3n de la tomograf\u00eda de coherencia \u00f3ptica en el diagn\u00f3stico de la apnea obstructiva del sue\u00f1o - Carlos O&#039;Connor\",\"isPartOf\":{\"@id\":\"https:\/\/carlosoconnor.es\/#website\"},\"primaryImageOfPage\":{\"@id\":\"https:\/\/carlosoconnor.es\/aplicacion-de-la-tomografia-de-coherencia-optica-en-el-diagnostico-de-la-apnea-obstructiva-del-sueno\/#primaryimage\"},\"image\":{\"@id\":\"https:\/\/carlosoconnor.es\/aplicacion-de-la-tomografia-de-coherencia-optica-en-el-diagnostico-de-la-apnea-obstructiva-del-sueno\/#primaryimage\"},\"thumbnailUrl\":\"https:\/\/carlosoconnor.es\/wp-content\/uploads\/2025\/01\/15946308361592773698.jpg\",\"datePublished\":\"2025-01-31T04:20:30+00:00\",\"dateModified\":\"2025-07-23T12:40:00+00:00\",\"breadcrumb\":{\"@id\":\"https:\/\/carlosoconnor.es\/aplicacion-de-la-tomografia-de-coherencia-optica-en-el-diagnostico-de-la-apnea-obstructiva-del-sueno\/#breadcrumb\"},\"inLanguage\":\"en-GB\",\"potentialAction\":[{\"@type\":\"ReadAction\",\"target\":[\"https:\/\/carlosoconnor.es\/aplicacion-de-la-tomografia-de-coherencia-optica-en-el-diagnostico-de-la-apnea-obstructiva-del-sueno\/\"]}]},{\"@type\":\"ImageObject\",\"inLanguage\":\"en-GB\",\"@id\":\"https:\/\/carlosoconnor.es\/aplicacion-de-la-tomografia-de-coherencia-optica-en-el-diagnostico-de-la-apnea-obstructiva-del-sueno\/#primaryimage\",\"url\":\"https:\/\/carlosoconnor.es\/wp-content\/uploads\/2025\/01\/15946308361592773698.jpg\",\"contentUrl\":\"https:\/\/carlosoconnor.es\/wp-content\/uploads\/2025\/01\/15946308361592773698.jpg\",\"width\":500,\"height\":261,\"caption\":\"15946308361592773698\"},{\"@type\":\"BreadcrumbList\",\"@id\":\"https:\/\/carlosoconnor.es\/aplicacion-de-la-tomografia-de-coherencia-optica-en-el-diagnostico-de-la-apnea-obstructiva-del-sueno\/#breadcrumb\",\"itemListElement\":[{\"@type\":\"ListItem\",\"position\":1,\"name\":\"Portada\",\"item\":\"https:\/\/carlosoconnor.es\/\"},{\"@type\":\"ListItem\",\"position\":2,\"name\":\"Aplicaci\u00f3n de la tomograf\u00eda de coherencia \u00f3ptica en el diagn\u00f3stico de la apnea obstructiva del sue\u00f1o\"}]},{\"@type\":\"WebSite\",\"@id\":\"https:\/\/carlosoconnor.es\/#website\",\"url\":\"https:\/\/carlosoconnor.es\/\",\"name\":\"Carlos O&#039;Connor\",\"description\":\"Dr. Carlos O&#039;Connor Reina - Otorrinolaring\u00f3logo\",\"publisher\":{\"@id\":\"https:\/\/carlosoconnor.es\/#organization\"},\"potentialAction\":[{\"@type\":\"SearchAction\",\"target\":{\"@type\":\"EntryPoint\",\"urlTemplate\":\"https:\/\/carlosoconnor.es\/?s={search_term_string}\"},\"query-input\":{\"@type\":\"PropertyValueSpecification\",\"valueRequired\":true,\"valueName\":\"search_term_string\"}}],\"inLanguage\":\"en-GB\"},{\"@type\":\"Organization\",\"@id\":\"https:\/\/carlosoconnor.es\/#organization\",\"name\":\"Carlos O&#039;Connor\",\"url\":\"https:\/\/carlosoconnor.es\/\",\"logo\":{\"@type\":\"ImageObject\",\"inLanguage\":\"en-GB\",\"@id\":\"https:\/\/carlosoconnor.es\/#\/schema\/logo\/image\/\",\"url\":\"https:\/\/carlosoconnor.es\/wp-content\/uploads\/2025\/07\/cropped-logo-wide.png\",\"contentUrl\":\"https:\/\/carlosoconnor.es\/wp-content\/uploads\/2025\/07\/cropped-logo-wide.png\",\"width\":241,\"height\":50,\"caption\":\"Carlos O&#039;Connor\"},\"image\":{\"@id\":\"https:\/\/carlosoconnor.es\/#\/schema\/logo\/image\/\"}},{\"@type\":\"Person\",\"@id\":\"https:\/\/carlosoconnor.es\/#\/schema\/person\/c879dbc2b732eaa32429f50dfbd0a949\",\"name\":\"gestion\",\"sameAs\":[\"https:\/\/www.ycomieronperdices.net\/temp\/oconnor2025\"],\"url\":\"https:\/\/carlosoconnor.es\/en\/author\/gestion\/\"}]}<\/script>\n<!-- \/ Yoast SEO plugin. -->","yoast_head_json":{"title":"Aplicaci\u00f3n de la tomograf\u00eda de coherencia \u00f3ptica en el diagn\u00f3stico de la apnea obstructiva del sue\u00f1o - Carlos O&#039;Connor","robots":{"index":"index","follow":"follow","max-snippet":"max-snippet:-1","max-image-preview":"max-image-preview:large","max-video-preview":"max-video-preview:-1"},"canonical":"https:\/\/carlosoconnor.es\/en\/aplicacion-de-la-tomografia-de-coherencia-optica-en-el-diagnostico-de-la-apnea-obstructiva-del-sueno\/","og_locale":"en_GB","og_type":"article","og_title":"Aplicaci\u00f3n de la tomograf\u00eda de coherencia \u00f3ptica en el diagn\u00f3stico de la apnea obstructiva del sue\u00f1o - Carlos O&#039;Connor","og_description":"La apnea obstructiva del sue\u00f1o (AOS) es un trastorno del sue\u00f1o com\u00fan que se caracteriza por bloqueos intermitentes de las v\u00edas respiratorias durante el sue\u00f1o, lo que provoca una respiraci\u00f3n&hellip;","og_url":"https:\/\/carlosoconnor.es\/en\/aplicacion-de-la-tomografia-de-coherencia-optica-en-el-diagnostico-de-la-apnea-obstructiva-del-sueno\/","og_site_name":"Carlos O&#039;Connor","article_published_time":"2025-01-31T04:20:30+00:00","article_modified_time":"2025-07-23T12:40:00+00:00","og_image":[{"width":500,"height":261,"url":"https:\/\/carlosoconnor.es\/wp-content\/uploads\/2025\/01\/15946308361592773698.jpg","type":"image\/jpeg"}],"author":"gestion","twitter_card":"summary_large_image","twitter_misc":{"Written by":"gestion","Estimated reading time":"1 minute"},"schema":{"@context":"https:\/\/schema.org","@graph":[{"@type":"Article","@id":"https:\/\/carlosoconnor.es\/aplicacion-de-la-tomografia-de-coherencia-optica-en-el-diagnostico-de-la-apnea-obstructiva-del-sueno\/#article","isPartOf":{"@id":"https:\/\/carlosoconnor.es\/aplicacion-de-la-tomografia-de-coherencia-optica-en-el-diagnostico-de-la-apnea-obstructiva-del-sueno\/"},"author":{"name":"gestion","@id":"https:\/\/carlosoconnor.es\/#\/schema\/person\/c879dbc2b732eaa32429f50dfbd0a949"},"headline":"Aplicaci\u00f3n de la tomograf\u00eda de coherencia \u00f3ptica en el diagn\u00f3stico de la apnea obstructiva del sue\u00f1o","datePublished":"2025-01-31T04:20:30+00:00","dateModified":"2025-07-23T12:40:00+00:00","mainEntityOfPage":{"@id":"https:\/\/carlosoconnor.es\/aplicacion-de-la-tomografia-de-coherencia-optica-en-el-diagnostico-de-la-apnea-obstructiva-del-sueno\/"},"wordCount":209,"commentCount":0,"publisher":{"@id":"https:\/\/carlosoconnor.es\/#organization"},"image":{"@id":"https:\/\/carlosoconnor.es\/aplicacion-de-la-tomografia-de-coherencia-optica-en-el-diagnostico-de-la-apnea-obstructiva-del-sueno\/#primaryimage"},"thumbnailUrl":"https:\/\/carlosoconnor.es\/wp-content\/uploads\/2025\/01\/15946308361592773698.jpg","articleSection":["\u00daltimos avances"],"inLanguage":"en-GB","potentialAction":[{"@type":"CommentAction","name":"Comment","target":["https:\/\/carlosoconnor.es\/aplicacion-de-la-tomografia-de-coherencia-optica-en-el-diagnostico-de-la-apnea-obstructiva-del-sueno\/#respond"]}]},{"@type":"WebPage","@id":"https:\/\/carlosoconnor.es\/aplicacion-de-la-tomografia-de-coherencia-optica-en-el-diagnostico-de-la-apnea-obstructiva-del-sueno\/","url":"https:\/\/carlosoconnor.es\/aplicacion-de-la-tomografia-de-coherencia-optica-en-el-diagnostico-de-la-apnea-obstructiva-del-sueno\/","name":"Aplicaci\u00f3n de la tomograf\u00eda de coherencia \u00f3ptica en el diagn\u00f3stico de la apnea obstructiva del sue\u00f1o - Carlos O&#039;Connor","isPartOf":{"@id":"https:\/\/carlosoconnor.es\/#website"},"primaryImageOfPage":{"@id":"https:\/\/carlosoconnor.es\/aplicacion-de-la-tomografia-de-coherencia-optica-en-el-diagnostico-de-la-apnea-obstructiva-del-sueno\/#primaryimage"},"image":{"@id":"https:\/\/carlosoconnor.es\/aplicacion-de-la-tomografia-de-coherencia-optica-en-el-diagnostico-de-la-apnea-obstructiva-del-sueno\/#primaryimage"},"thumbnailUrl":"https:\/\/carlosoconnor.es\/wp-content\/uploads\/2025\/01\/15946308361592773698.jpg","datePublished":"2025-01-31T04:20:30+00:00","dateModified":"2025-07-23T12:40:00+00:00","breadcrumb":{"@id":"https:\/\/carlosoconnor.es\/aplicacion-de-la-tomografia-de-coherencia-optica-en-el-diagnostico-de-la-apnea-obstructiva-del-sueno\/#breadcrumb"},"inLanguage":"en-GB","potentialAction":[{"@type":"ReadAction","target":["https:\/\/carlosoconnor.es\/aplicacion-de-la-tomografia-de-coherencia-optica-en-el-diagnostico-de-la-apnea-obstructiva-del-sueno\/"]}]},{"@type":"ImageObject","inLanguage":"en-GB","@id":"https:\/\/carlosoconnor.es\/aplicacion-de-la-tomografia-de-coherencia-optica-en-el-diagnostico-de-la-apnea-obstructiva-del-sueno\/#primaryimage","url":"https:\/\/carlosoconnor.es\/wp-content\/uploads\/2025\/01\/15946308361592773698.jpg","contentUrl":"https:\/\/carlosoconnor.es\/wp-content\/uploads\/2025\/01\/15946308361592773698.jpg","width":500,"height":261,"caption":"15946308361592773698"},{"@type":"BreadcrumbList","@id":"https:\/\/carlosoconnor.es\/aplicacion-de-la-tomografia-de-coherencia-optica-en-el-diagnostico-de-la-apnea-obstructiva-del-sueno\/#breadcrumb","itemListElement":[{"@type":"ListItem","position":1,"name":"Portada","item":"https:\/\/carlosoconnor.es\/"},{"@type":"ListItem","position":2,"name":"Aplicaci\u00f3n de la tomograf\u00eda de coherencia \u00f3ptica en el diagn\u00f3stico de la apnea obstructiva del sue\u00f1o"}]},{"@type":"WebSite","@id":"https:\/\/carlosoconnor.es\/#website","url":"https:\/\/carlosoconnor.es\/","name":"Carlos O&#039;Connor","description":"Dr. Carlos O&#039;Connor Reina - Otorrinolaring\u00f3logo","publisher":{"@id":"https:\/\/carlosoconnor.es\/#organization"},"potentialAction":[{"@type":"SearchAction","target":{"@type":"EntryPoint","urlTemplate":"https:\/\/carlosoconnor.es\/?s={search_term_string}"},"query-input":{"@type":"PropertyValueSpecification","valueRequired":true,"valueName":"search_term_string"}}],"inLanguage":"en-GB"},{"@type":"Organization","@id":"https:\/\/carlosoconnor.es\/#organization","name":"Carlos O&#039;Connor","url":"https:\/\/carlosoconnor.es\/","logo":{"@type":"ImageObject","inLanguage":"en-GB","@id":"https:\/\/carlosoconnor.es\/#\/schema\/logo\/image\/","url":"https:\/\/carlosoconnor.es\/wp-content\/uploads\/2025\/07\/cropped-logo-wide.png","contentUrl":"https:\/\/carlosoconnor.es\/wp-content\/uploads\/2025\/07\/cropped-logo-wide.png","width":241,"height":50,"caption":"Carlos O&#039;Connor"},"image":{"@id":"https:\/\/carlosoconnor.es\/#\/schema\/logo\/image\/"}},{"@type":"Person","@id":"https:\/\/carlosoconnor.es\/#\/schema\/person\/c879dbc2b732eaa32429f50dfbd0a949","name":"gestion","sameAs":["https:\/\/www.ycomieronperdices.net\/temp\/oconnor2025"],"url":"https:\/\/carlosoconnor.es\/en\/author\/gestion\/"}]}},"_links":{"self":[{"href":"https:\/\/carlosoconnor.es\/en\/wp-json\/wp\/v2\/posts\/59435","targetHints":{"allow":["GET"]}}],"collection":[{"href":"https:\/\/carlosoconnor.es\/en\/wp-json\/wp\/v2\/posts"}],"about":[{"href":"https:\/\/carlosoconnor.es\/en\/wp-json\/wp\/v2\/types\/post"}],"author":[{"embeddable":true,"href":"https:\/\/carlosoconnor.es\/en\/wp-json\/wp\/v2\/users\/1"}],"replies":[{"embeddable":true,"href":"https:\/\/carlosoconnor.es\/en\/wp-json\/wp\/v2\/comments?post=59435"}],"version-history":[{"count":0,"href":"https:\/\/carlosoconnor.es\/en\/wp-json\/wp\/v2\/posts\/59435\/revisions"}],"wp:featuredmedia":[{"embeddable":true,"href":"https:\/\/carlosoconnor.es\/en\/wp-json\/wp\/v2\/media\/60043"}],"wp:attachment":[{"href":"https:\/\/carlosoconnor.es\/en\/wp-json\/wp\/v2\/media?parent=59435"}],"wp:term":[{"taxonomy":"category","embeddable":true,"href":"https:\/\/carlosoconnor.es\/en\/wp-json\/wp\/v2\/categories?post=59435"},{"taxonomy":"post_tag","embeddable":true,"href":"https:\/\/carlosoconnor.es\/en\/wp-json\/wp\/v2\/tags?post=59435"}],"curies":[{"name":"wp","href":"https:\/\/api.w.org\/{rel}","templated":true}]}}