{"id":59407,"date":"2025-01-17T06:25:15","date_gmt":"2025-01-17T05:25:15","guid":{"rendered":"https:\/\/www.ycomieronperdices.net\/temp\/oconnor2025\/los-endotipos-de-los-pacientes-con-apnea-obstructiva-del-sueno-y-sus-implicaciones-en-la-practica-clinica\/"},"modified":"2025-07-23T14:32:04","modified_gmt":"2025-07-23T12:32:04","slug":"los-endotipos-de-los-pacientes-con-apnea-obstructiva-del-sueno-y-sus-implicaciones-en-la-practica-clinica","status":"publish","type":"post","link":"https:\/\/carlosoconnor.es\/en\/los-endotipos-de-los-pacientes-con-apnea-obstructiva-del-sueno-y-sus-implicaciones-en-la-practica-clinica\/","title":{"rendered":"Endotypes of patients with obstructive sleep apnea and their implications in clinical practice"},"content":{"rendered":"<p>Obstructive sleep apnea (OSA) is now recognized as a multifactorial disorder caused by several endotypes that differ between individuals and patient populations. To understand the current clinical implications of OSA endotypes, the following review aims to examine the current state of endotype measurement, endotype modification, and their impact on clinical\/prognostic outcomes.<br \/>\n&#8212;&#8212;&#8212;&#8212;&#8212;&#8212;&#8212;&#8212;&#8212;&#8212;&#8212;&#8212;&#8212;<br \/>\nLink: <a href=\"https:\/\/www.sciencedirect.com\/science\/article\/pii\/S1389945724005732\">Read the article<\/a><\/p>\n<figure><\/figure>","protected":false},"excerpt":{"rendered":"<p>En la actualidad se reconoce que la apnea obstructiva del sue\u00f1o (AOS) es un trastorno multifactorial causado por varios endotipos que difieren entre individuos y poblaciones de pacientes. Para comprender&hellip;<\/p>","protected":false},"author":1,"featured_media":60025,"comment_status":"open","ping_status":"open","sticky":false,"template":"","format":"standard","meta":{"footnotes":""},"categories":[268],"tags":[],"class_list":["post-59407","post","type-post","status-publish","format-standard","has-post-thumbnail","hentry","category-ultimos-avances"],"yoast_head":"<!-- This site is optimized with the Yoast SEO plugin v26.4 - https:\/\/yoast.com\/wordpress\/plugins\/seo\/ -->\n<title>Los endotipos de los pacientes con apnea obstructiva del sue\u00f1o y sus implicaciones en la pr\u00e1ctica cl\u00ednica - Carlos O&#039;Connor<\/title>\n<meta name=\"robots\" content=\"index, follow, max-snippet:-1, max-image-preview:large, max-video-preview:-1\" \/>\n<link rel=\"canonical\" href=\"https:\/\/carlosoconnor.es\/en\/los-endotipos-de-los-pacientes-con-apnea-obstructiva-del-sueno-y-sus-implicaciones-en-la-practica-clinica\/\" \/>\n<meta property=\"og:locale\" content=\"en_GB\" \/>\n<meta property=\"og:type\" content=\"article\" \/>\n<meta property=\"og:title\" content=\"Los endotipos de los pacientes con apnea obstructiva del sue\u00f1o y sus implicaciones en la pr\u00e1ctica cl\u00ednica - Carlos O&#039;Connor\" \/>\n<meta property=\"og:description\" content=\"En la actualidad se reconoce que la apnea obstructiva del sue\u00f1o (AOS) es un trastorno multifactorial causado por varios endotipos que difieren entre individuos y poblaciones de pacientes. Para comprender&hellip;\" \/>\n<meta property=\"og:url\" content=\"https:\/\/carlosoconnor.es\/en\/los-endotipos-de-los-pacientes-con-apnea-obstructiva-del-sueno-y-sus-implicaciones-en-la-practica-clinica\/\" \/>\n<meta property=\"og:site_name\" content=\"Carlos O&#039;Connor\" \/>\n<meta property=\"article:published_time\" content=\"2025-01-17T05:25:15+00:00\" \/>\n<meta property=\"article:modified_time\" content=\"2025-07-23T12:32:04+00:00\" \/>\n<meta property=\"og:image\" content=\"https:\/\/carlosoconnor.es\/wp-content\/uploads\/2025\/01\/000.jpg\" \/>\n\t<meta property=\"og:image:width\" content=\"897\" \/>\n\t<meta property=\"og:image:height\" content=\"703\" \/>\n\t<meta property=\"og:image:type\" content=\"image\/jpeg\" \/>\n<meta name=\"author\" content=\"gestion\" \/>\n<meta name=\"twitter:card\" content=\"summary_large_image\" \/>\n<meta name=\"twitter:label1\" content=\"Written by\" \/>\n\t<meta name=\"twitter:data1\" content=\"gestion\" \/>\n<script type=\"application\/ld+json\" class=\"yoast-schema-graph\">{\"@context\":\"https:\/\/schema.org\",\"@graph\":[{\"@type\":\"Article\",\"@id\":\"https:\/\/carlosoconnor.es\/los-endotipos-de-los-pacientes-con-apnea-obstructiva-del-sueno-y-sus-implicaciones-en-la-practica-clinica\/#article\",\"isPartOf\":{\"@id\":\"https:\/\/carlosoconnor.es\/los-endotipos-de-los-pacientes-con-apnea-obstructiva-del-sueno-y-sus-implicaciones-en-la-practica-clinica\/\"},\"author\":{\"name\":\"gestion\",\"@id\":\"https:\/\/carlosoconnor.es\/#\/schema\/person\/c879dbc2b732eaa32429f50dfbd0a949\"},\"headline\":\"Los endotipos de los pacientes con apnea obstructiva del sue\u00f1o y sus implicaciones en la pr\u00e1ctica cl\u00ednica\",\"datePublished\":\"2025-01-17T05:25:15+00:00\",\"dateModified\":\"2025-07-23T12:32:04+00:00\",\"mainEntityOfPage\":{\"@id\":\"https:\/\/carlosoconnor.es\/los-endotipos-de-los-pacientes-con-apnea-obstructiva-del-sueno-y-sus-implicaciones-en-la-practica-clinica\/\"},\"wordCount\":99,\"commentCount\":0,\"publisher\":{\"@id\":\"https:\/\/carlosoconnor.es\/#organization\"},\"image\":{\"@id\":\"https:\/\/carlosoconnor.es\/los-endotipos-de-los-pacientes-con-apnea-obstructiva-del-sueno-y-sus-implicaciones-en-la-practica-clinica\/#primaryimage\"},\"thumbnailUrl\":\"https:\/\/carlosoconnor.es\/wp-content\/uploads\/2025\/01\/000.jpg\",\"articleSection\":[\"\u00daltimos avances\"],\"inLanguage\":\"en-GB\",\"potentialAction\":[{\"@type\":\"CommentAction\",\"name\":\"Comment\",\"target\":[\"https:\/\/carlosoconnor.es\/los-endotipos-de-los-pacientes-con-apnea-obstructiva-del-sueno-y-sus-implicaciones-en-la-practica-clinica\/#respond\"]}]},{\"@type\":\"WebPage\",\"@id\":\"https:\/\/carlosoconnor.es\/los-endotipos-de-los-pacientes-con-apnea-obstructiva-del-sueno-y-sus-implicaciones-en-la-practica-clinica\/\",\"url\":\"https:\/\/carlosoconnor.es\/los-endotipos-de-los-pacientes-con-apnea-obstructiva-del-sueno-y-sus-implicaciones-en-la-practica-clinica\/\",\"name\":\"Los endotipos de los pacientes con apnea obstructiva del sue\u00f1o y sus implicaciones en la pr\u00e1ctica cl\u00ednica - Carlos O&#039;Connor\",\"isPartOf\":{\"@id\":\"https:\/\/carlosoconnor.es\/#website\"},\"primaryImageOfPage\":{\"@id\":\"https:\/\/carlosoconnor.es\/los-endotipos-de-los-pacientes-con-apnea-obstructiva-del-sueno-y-sus-implicaciones-en-la-practica-clinica\/#primaryimage\"},\"image\":{\"@id\":\"https:\/\/carlosoconnor.es\/los-endotipos-de-los-pacientes-con-apnea-obstructiva-del-sueno-y-sus-implicaciones-en-la-practica-clinica\/#primaryimage\"},\"thumbnailUrl\":\"https:\/\/carlosoconnor.es\/wp-content\/uploads\/2025\/01\/000.jpg\",\"datePublished\":\"2025-01-17T05:25:15+00:00\",\"dateModified\":\"2025-07-23T12:32:04+00:00\",\"breadcrumb\":{\"@id\":\"https:\/\/carlosoconnor.es\/los-endotipos-de-los-pacientes-con-apnea-obstructiva-del-sueno-y-sus-implicaciones-en-la-practica-clinica\/#breadcrumb\"},\"inLanguage\":\"en-GB\",\"potentialAction\":[{\"@type\":\"ReadAction\",\"target\":[\"https:\/\/carlosoconnor.es\/los-endotipos-de-los-pacientes-con-apnea-obstructiva-del-sueno-y-sus-implicaciones-en-la-practica-clinica\/\"]}]},{\"@type\":\"ImageObject\",\"inLanguage\":\"en-GB\",\"@id\":\"https:\/\/carlosoconnor.es\/los-endotipos-de-los-pacientes-con-apnea-obstructiva-del-sueno-y-sus-implicaciones-en-la-practica-clinica\/#primaryimage\",\"url\":\"https:\/\/carlosoconnor.es\/wp-content\/uploads\/2025\/01\/000.jpg\",\"contentUrl\":\"https:\/\/carlosoconnor.es\/wp-content\/uploads\/2025\/01\/000.jpg\",\"width\":897,\"height\":703,\"caption\":\"000\"},{\"@type\":\"BreadcrumbList\",\"@id\":\"https:\/\/carlosoconnor.es\/los-endotipos-de-los-pacientes-con-apnea-obstructiva-del-sueno-y-sus-implicaciones-en-la-practica-clinica\/#breadcrumb\",\"itemListElement\":[{\"@type\":\"ListItem\",\"position\":1,\"name\":\"Portada\",\"item\":\"https:\/\/carlosoconnor.es\/\"},{\"@type\":\"ListItem\",\"position\":2,\"name\":\"Los endotipos de los pacientes con apnea obstructiva del sue\u00f1o y sus implicaciones en la pr\u00e1ctica cl\u00ednica\"}]},{\"@type\":\"WebSite\",\"@id\":\"https:\/\/carlosoconnor.es\/#website\",\"url\":\"https:\/\/carlosoconnor.es\/\",\"name\":\"Carlos O&#039;Connor\",\"description\":\"Dr. Carlos O&#039;Connor Reina - Otorrinolaring\u00f3logo\",\"publisher\":{\"@id\":\"https:\/\/carlosoconnor.es\/#organization\"},\"potentialAction\":[{\"@type\":\"SearchAction\",\"target\":{\"@type\":\"EntryPoint\",\"urlTemplate\":\"https:\/\/carlosoconnor.es\/?s={search_term_string}\"},\"query-input\":{\"@type\":\"PropertyValueSpecification\",\"valueRequired\":true,\"valueName\":\"search_term_string\"}}],\"inLanguage\":\"en-GB\"},{\"@type\":\"Organization\",\"@id\":\"https:\/\/carlosoconnor.es\/#organization\",\"name\":\"Carlos O&#039;Connor\",\"url\":\"https:\/\/carlosoconnor.es\/\",\"logo\":{\"@type\":\"ImageObject\",\"inLanguage\":\"en-GB\",\"@id\":\"https:\/\/carlosoconnor.es\/#\/schema\/logo\/image\/\",\"url\":\"https:\/\/carlosoconnor.es\/wp-content\/uploads\/2025\/07\/cropped-logo-wide.png\",\"contentUrl\":\"https:\/\/carlosoconnor.es\/wp-content\/uploads\/2025\/07\/cropped-logo-wide.png\",\"width\":241,\"height\":50,\"caption\":\"Carlos O&#039;Connor\"},\"image\":{\"@id\":\"https:\/\/carlosoconnor.es\/#\/schema\/logo\/image\/\"}},{\"@type\":\"Person\",\"@id\":\"https:\/\/carlosoconnor.es\/#\/schema\/person\/c879dbc2b732eaa32429f50dfbd0a949\",\"name\":\"gestion\",\"sameAs\":[\"https:\/\/www.ycomieronperdices.net\/temp\/oconnor2025\"],\"url\":\"https:\/\/carlosoconnor.es\/en\/author\/gestion\/\"}]}<\/script>\n<!-- \/ Yoast SEO plugin. -->","yoast_head_json":{"title":"Los endotipos de los pacientes con apnea obstructiva del sue\u00f1o y sus implicaciones en la pr\u00e1ctica cl\u00ednica - Carlos O&#039;Connor","robots":{"index":"index","follow":"follow","max-snippet":"max-snippet:-1","max-image-preview":"max-image-preview:large","max-video-preview":"max-video-preview:-1"},"canonical":"https:\/\/carlosoconnor.es\/en\/los-endotipos-de-los-pacientes-con-apnea-obstructiva-del-sueno-y-sus-implicaciones-en-la-practica-clinica\/","og_locale":"en_GB","og_type":"article","og_title":"Los endotipos de los pacientes con apnea obstructiva del sue\u00f1o y sus implicaciones en la pr\u00e1ctica cl\u00ednica - Carlos O&#039;Connor","og_description":"En la actualidad se reconoce que la apnea obstructiva del sue\u00f1o (AOS) es un trastorno multifactorial causado por varios endotipos que difieren entre individuos y poblaciones de pacientes. Para comprender&hellip;","og_url":"https:\/\/carlosoconnor.es\/en\/los-endotipos-de-los-pacientes-con-apnea-obstructiva-del-sueno-y-sus-implicaciones-en-la-practica-clinica\/","og_site_name":"Carlos O&#039;Connor","article_published_time":"2025-01-17T05:25:15+00:00","article_modified_time":"2025-07-23T12:32:04+00:00","og_image":[{"width":897,"height":703,"url":"https:\/\/carlosoconnor.es\/wp-content\/uploads\/2025\/01\/000.jpg","type":"image\/jpeg"}],"author":"gestion","twitter_card":"summary_large_image","twitter_misc":{"Written by":"gestion"},"schema":{"@context":"https:\/\/schema.org","@graph":[{"@type":"Article","@id":"https:\/\/carlosoconnor.es\/los-endotipos-de-los-pacientes-con-apnea-obstructiva-del-sueno-y-sus-implicaciones-en-la-practica-clinica\/#article","isPartOf":{"@id":"https:\/\/carlosoconnor.es\/los-endotipos-de-los-pacientes-con-apnea-obstructiva-del-sueno-y-sus-implicaciones-en-la-practica-clinica\/"},"author":{"name":"gestion","@id":"https:\/\/carlosoconnor.es\/#\/schema\/person\/c879dbc2b732eaa32429f50dfbd0a949"},"headline":"Los endotipos de los pacientes con apnea obstructiva del sue\u00f1o y sus implicaciones en la pr\u00e1ctica cl\u00ednica","datePublished":"2025-01-17T05:25:15+00:00","dateModified":"2025-07-23T12:32:04+00:00","mainEntityOfPage":{"@id":"https:\/\/carlosoconnor.es\/los-endotipos-de-los-pacientes-con-apnea-obstructiva-del-sueno-y-sus-implicaciones-en-la-practica-clinica\/"},"wordCount":99,"commentCount":0,"publisher":{"@id":"https:\/\/carlosoconnor.es\/#organization"},"image":{"@id":"https:\/\/carlosoconnor.es\/los-endotipos-de-los-pacientes-con-apnea-obstructiva-del-sueno-y-sus-implicaciones-en-la-practica-clinica\/#primaryimage"},"thumbnailUrl":"https:\/\/carlosoconnor.es\/wp-content\/uploads\/2025\/01\/000.jpg","articleSection":["\u00daltimos avances"],"inLanguage":"en-GB","potentialAction":[{"@type":"CommentAction","name":"Comment","target":["https:\/\/carlosoconnor.es\/los-endotipos-de-los-pacientes-con-apnea-obstructiva-del-sueno-y-sus-implicaciones-en-la-practica-clinica\/#respond"]}]},{"@type":"WebPage","@id":"https:\/\/carlosoconnor.es\/los-endotipos-de-los-pacientes-con-apnea-obstructiva-del-sueno-y-sus-implicaciones-en-la-practica-clinica\/","url":"https:\/\/carlosoconnor.es\/los-endotipos-de-los-pacientes-con-apnea-obstructiva-del-sueno-y-sus-implicaciones-en-la-practica-clinica\/","name":"Los endotipos de los pacientes con apnea obstructiva del sue\u00f1o y sus implicaciones en la pr\u00e1ctica cl\u00ednica - Carlos O&#039;Connor","isPartOf":{"@id":"https:\/\/carlosoconnor.es\/#website"},"primaryImageOfPage":{"@id":"https:\/\/carlosoconnor.es\/los-endotipos-de-los-pacientes-con-apnea-obstructiva-del-sueno-y-sus-implicaciones-en-la-practica-clinica\/#primaryimage"},"image":{"@id":"https:\/\/carlosoconnor.es\/los-endotipos-de-los-pacientes-con-apnea-obstructiva-del-sueno-y-sus-implicaciones-en-la-practica-clinica\/#primaryimage"},"thumbnailUrl":"https:\/\/carlosoconnor.es\/wp-content\/uploads\/2025\/01\/000.jpg","datePublished":"2025-01-17T05:25:15+00:00","dateModified":"2025-07-23T12:32:04+00:00","breadcrumb":{"@id":"https:\/\/carlosoconnor.es\/los-endotipos-de-los-pacientes-con-apnea-obstructiva-del-sueno-y-sus-implicaciones-en-la-practica-clinica\/#breadcrumb"},"inLanguage":"en-GB","potentialAction":[{"@type":"ReadAction","target":["https:\/\/carlosoconnor.es\/los-endotipos-de-los-pacientes-con-apnea-obstructiva-del-sueno-y-sus-implicaciones-en-la-practica-clinica\/"]}]},{"@type":"ImageObject","inLanguage":"en-GB","@id":"https:\/\/carlosoconnor.es\/los-endotipos-de-los-pacientes-con-apnea-obstructiva-del-sueno-y-sus-implicaciones-en-la-practica-clinica\/#primaryimage","url":"https:\/\/carlosoconnor.es\/wp-content\/uploads\/2025\/01\/000.jpg","contentUrl":"https:\/\/carlosoconnor.es\/wp-content\/uploads\/2025\/01\/000.jpg","width":897,"height":703,"caption":"000"},{"@type":"BreadcrumbList","@id":"https:\/\/carlosoconnor.es\/los-endotipos-de-los-pacientes-con-apnea-obstructiva-del-sueno-y-sus-implicaciones-en-la-practica-clinica\/#breadcrumb","itemListElement":[{"@type":"ListItem","position":1,"name":"Portada","item":"https:\/\/carlosoconnor.es\/"},{"@type":"ListItem","position":2,"name":"Los endotipos de los pacientes con apnea obstructiva del sue\u00f1o y sus implicaciones en la pr\u00e1ctica cl\u00ednica"}]},{"@type":"WebSite","@id":"https:\/\/carlosoconnor.es\/#website","url":"https:\/\/carlosoconnor.es\/","name":"Carlos O&#039;Connor","description":"Dr. Carlos O&#039;Connor Reina - Otorrinolaring\u00f3logo","publisher":{"@id":"https:\/\/carlosoconnor.es\/#organization"},"potentialAction":[{"@type":"SearchAction","target":{"@type":"EntryPoint","urlTemplate":"https:\/\/carlosoconnor.es\/?s={search_term_string}"},"query-input":{"@type":"PropertyValueSpecification","valueRequired":true,"valueName":"search_term_string"}}],"inLanguage":"en-GB"},{"@type":"Organization","@id":"https:\/\/carlosoconnor.es\/#organization","name":"Carlos O&#039;Connor","url":"https:\/\/carlosoconnor.es\/","logo":{"@type":"ImageObject","inLanguage":"en-GB","@id":"https:\/\/carlosoconnor.es\/#\/schema\/logo\/image\/","url":"https:\/\/carlosoconnor.es\/wp-content\/uploads\/2025\/07\/cropped-logo-wide.png","contentUrl":"https:\/\/carlosoconnor.es\/wp-content\/uploads\/2025\/07\/cropped-logo-wide.png","width":241,"height":50,"caption":"Carlos O&#039;Connor"},"image":{"@id":"https:\/\/carlosoconnor.es\/#\/schema\/logo\/image\/"}},{"@type":"Person","@id":"https:\/\/carlosoconnor.es\/#\/schema\/person\/c879dbc2b732eaa32429f50dfbd0a949","name":"gestion","sameAs":["https:\/\/www.ycomieronperdices.net\/temp\/oconnor2025"],"url":"https:\/\/carlosoconnor.es\/en\/author\/gestion\/"}]}},"_links":{"self":[{"href":"https:\/\/carlosoconnor.es\/en\/wp-json\/wp\/v2\/posts\/59407","targetHints":{"allow":["GET"]}}],"collection":[{"href":"https:\/\/carlosoconnor.es\/en\/wp-json\/wp\/v2\/posts"}],"about":[{"href":"https:\/\/carlosoconnor.es\/en\/wp-json\/wp\/v2\/types\/post"}],"author":[{"embeddable":true,"href":"https:\/\/carlosoconnor.es\/en\/wp-json\/wp\/v2\/users\/1"}],"replies":[{"embeddable":true,"href":"https:\/\/carlosoconnor.es\/en\/wp-json\/wp\/v2\/comments?post=59407"}],"version-history":[{"count":0,"href":"https:\/\/carlosoconnor.es\/en\/wp-json\/wp\/v2\/posts\/59407\/revisions"}],"wp:featuredmedia":[{"embeddable":true,"href":"https:\/\/carlosoconnor.es\/en\/wp-json\/wp\/v2\/media\/60025"}],"wp:attachment":[{"href":"https:\/\/carlosoconnor.es\/en\/wp-json\/wp\/v2\/media?parent=59407"}],"wp:term":[{"taxonomy":"category","embeddable":true,"href":"https:\/\/carlosoconnor.es\/en\/wp-json\/wp\/v2\/categories?post=59407"},{"taxonomy":"post_tag","embeddable":true,"href":"https:\/\/carlosoconnor.es\/en\/wp-json\/wp\/v2\/tags?post=59407"}],"curies":[{"name":"wp","href":"https:\/\/api.w.org\/{rel}","templated":true}]}}