{"id":59405,"date":"2025-01-15T06:45:15","date_gmt":"2025-01-15T05:45:15","guid":{"rendered":"https:\/\/www.ycomieronperdices.net\/temp\/oconnor2025\/convocatoria-a-congreso-hot-topics-in-otorhinolaryncology\/"},"modified":"2025-07-23T14:33:29","modified_gmt":"2025-07-23T12:33:29","slug":"convocatoria-a-congreso-hot-topics-in-otorhinolaryncology","status":"publish","type":"post","link":"https:\/\/carlosoconnor.es\/en\/convocatoria-a-congreso-hot-topics-in-otorhinolaryncology\/","title":{"rendered":"Call for congress Hot Topics in otorhinolaryncology"},"content":{"rendered":"<p>I am sharing with you the call for the conference \"Hot Topics in otorhinolaryncology\" to be held on April 12 at the University of Bologna. This conference will bring together some of the most expert otorhinolaryngologists in Europe, who will recount their personal and academic experience, in light of the data from the updated scientific literature on three major topics of our specialty.<\/p>\n<p>&#8212;&#8212;&#8212;&#8212;&#8212;&#8212;&#8212;&#8212;&#8212;&#8212;&#8212;&#8212;-<\/p>\n<figure><span style=\"font-size: revert;\">Download\u00a0<\/span><a style=\"font-size: revert; background-color: #f4faff;\" href=\"https:\/\/carlosoconnor.es\/en\/assets_back_office\/js\/plugins\/redactor\/files\/programacurso2.pdf\/\" data-file=\"54200e36c41abb7784987aab598d9c88\" data-name=\"programacurso2.pdf\">programacurso2.pdf<\/a><\/figure>","protected":false},"excerpt":{"rendered":"<p>Les comparto la convocatoria al congreso \u00abHot Topics in otorhinolaryncology\u00bb a celebrarse el 12 de abril en la Universidad de Bologna. Dicho congreso reunir\u00e1 a algunos de los otorrinolaring\u00f3logos m\u00e1s&hellip;<\/p>","protected":false},"author":1,"featured_media":60028,"comment_status":"open","ping_status":"open","sticky":false,"template":"","format":"standard","meta":{"footnotes":""},"categories":[268],"tags":[],"class_list":["post-59405","post","type-post","status-publish","format-standard","has-post-thumbnail","hentry","category-ultimos-avances"],"yoast_head":"<!-- This site is optimized with the Yoast SEO plugin v26.4 - https:\/\/yoast.com\/wordpress\/plugins\/seo\/ -->\n<title>Convocatoria a congreso Hot Topics in otorhinolaryncology - Carlos O&#039;Connor<\/title>\n<meta name=\"robots\" content=\"index, follow, max-snippet:-1, max-image-preview:large, max-video-preview:-1\" \/>\n<link rel=\"canonical\" href=\"https:\/\/carlosoconnor.es\/en\/convocatoria-a-congreso-hot-topics-in-otorhinolaryncology\/\" \/>\n<meta property=\"og:locale\" content=\"en_GB\" \/>\n<meta property=\"og:type\" content=\"article\" \/>\n<meta property=\"og:title\" content=\"Convocatoria a congreso Hot Topics in otorhinolaryncology - Carlos O&#039;Connor\" \/>\n<meta property=\"og:description\" content=\"Les comparto la convocatoria al congreso \u00abHot Topics in otorhinolaryncology\u00bb a celebrarse el 12 de abril en la Universidad de Bologna. Dicho congreso reunir\u00e1 a algunos de los otorrinolaring\u00f3logos m\u00e1s&hellip;\" \/>\n<meta property=\"og:url\" content=\"https:\/\/carlosoconnor.es\/en\/convocatoria-a-congreso-hot-topics-in-otorhinolaryncology\/\" \/>\n<meta property=\"og:site_name\" content=\"Carlos O&#039;Connor\" \/>\n<meta property=\"article:published_time\" content=\"2025-01-15T05:45:15+00:00\" \/>\n<meta property=\"article:modified_time\" content=\"2025-07-23T12:33:29+00:00\" \/>\n<meta property=\"og:image\" content=\"https:\/\/carlosoconnor.es\/wp-content\/uploads\/2025\/01\/WhatsApp-Image-2025-01-13-at-23.02.52.jpeg\" \/>\n\t<meta property=\"og:image:width\" content=\"1071\" \/>\n\t<meta property=\"og:image:height\" content=\"1558\" \/>\n\t<meta property=\"og:image:type\" content=\"image\/jpeg\" \/>\n<meta name=\"author\" content=\"gestion\" \/>\n<meta name=\"twitter:card\" content=\"summary_large_image\" \/>\n<meta name=\"twitter:label1\" content=\"Written by\" \/>\n\t<meta name=\"twitter:data1\" content=\"gestion\" \/>\n<script type=\"application\/ld+json\" class=\"yoast-schema-graph\">{\"@context\":\"https:\/\/schema.org\",\"@graph\":[{\"@type\":\"Article\",\"@id\":\"https:\/\/carlosoconnor.es\/convocatoria-a-congreso-hot-topics-in-otorhinolaryncology\/#article\",\"isPartOf\":{\"@id\":\"https:\/\/carlosoconnor.es\/convocatoria-a-congreso-hot-topics-in-otorhinolaryncology\/\"},\"author\":{\"name\":\"gestion\",\"@id\":\"https:\/\/carlosoconnor.es\/#\/schema\/person\/c879dbc2b732eaa32429f50dfbd0a949\"},\"headline\":\"Convocatoria a congreso Hot Topics in otorhinolaryncology\",\"datePublished\":\"2025-01-15T05:45:15+00:00\",\"dateModified\":\"2025-07-23T12:33:29+00:00\",\"mainEntityOfPage\":{\"@id\":\"https:\/\/carlosoconnor.es\/convocatoria-a-congreso-hot-topics-in-otorhinolaryncology\/\"},\"wordCount\":72,\"commentCount\":0,\"publisher\":{\"@id\":\"https:\/\/carlosoconnor.es\/#organization\"},\"image\":{\"@id\":\"https:\/\/carlosoconnor.es\/convocatoria-a-congreso-hot-topics-in-otorhinolaryncology\/#primaryimage\"},\"thumbnailUrl\":\"https:\/\/carlosoconnor.es\/wp-content\/uploads\/2025\/01\/WhatsApp-Image-2025-01-13-at-23.02.52.jpeg\",\"articleSection\":[\"\u00daltimos avances\"],\"inLanguage\":\"en-GB\",\"potentialAction\":[{\"@type\":\"CommentAction\",\"name\":\"Comment\",\"target\":[\"https:\/\/carlosoconnor.es\/convocatoria-a-congreso-hot-topics-in-otorhinolaryncology\/#respond\"]}]},{\"@type\":\"WebPage\",\"@id\":\"https:\/\/carlosoconnor.es\/convocatoria-a-congreso-hot-topics-in-otorhinolaryncology\/\",\"url\":\"https:\/\/carlosoconnor.es\/convocatoria-a-congreso-hot-topics-in-otorhinolaryncology\/\",\"name\":\"Convocatoria a congreso Hot Topics in otorhinolaryncology - Carlos O&#039;Connor\",\"isPartOf\":{\"@id\":\"https:\/\/carlosoconnor.es\/#website\"},\"primaryImageOfPage\":{\"@id\":\"https:\/\/carlosoconnor.es\/convocatoria-a-congreso-hot-topics-in-otorhinolaryncology\/#primaryimage\"},\"image\":{\"@id\":\"https:\/\/carlosoconnor.es\/convocatoria-a-congreso-hot-topics-in-otorhinolaryncology\/#primaryimage\"},\"thumbnailUrl\":\"https:\/\/carlosoconnor.es\/wp-content\/uploads\/2025\/01\/WhatsApp-Image-2025-01-13-at-23.02.52.jpeg\",\"datePublished\":\"2025-01-15T05:45:15+00:00\",\"dateModified\":\"2025-07-23T12:33:29+00:00\",\"breadcrumb\":{\"@id\":\"https:\/\/carlosoconnor.es\/convocatoria-a-congreso-hot-topics-in-otorhinolaryncology\/#breadcrumb\"},\"inLanguage\":\"en-GB\",\"potentialAction\":[{\"@type\":\"ReadAction\",\"target\":[\"https:\/\/carlosoconnor.es\/convocatoria-a-congreso-hot-topics-in-otorhinolaryncology\/\"]}]},{\"@type\":\"ImageObject\",\"inLanguage\":\"en-GB\",\"@id\":\"https:\/\/carlosoconnor.es\/convocatoria-a-congreso-hot-topics-in-otorhinolaryncology\/#primaryimage\",\"url\":\"https:\/\/carlosoconnor.es\/wp-content\/uploads\/2025\/01\/WhatsApp-Image-2025-01-13-at-23.02.52.jpeg\",\"contentUrl\":\"https:\/\/carlosoconnor.es\/wp-content\/uploads\/2025\/01\/WhatsApp-Image-2025-01-13-at-23.02.52.jpeg\",\"width\":1071,\"height\":1558,\"caption\":\"WhatsApp Image 2025 01 13 at 23.02.52\"},{\"@type\":\"BreadcrumbList\",\"@id\":\"https:\/\/carlosoconnor.es\/convocatoria-a-congreso-hot-topics-in-otorhinolaryncology\/#breadcrumb\",\"itemListElement\":[{\"@type\":\"ListItem\",\"position\":1,\"name\":\"Portada\",\"item\":\"https:\/\/carlosoconnor.es\/\"},{\"@type\":\"ListItem\",\"position\":2,\"name\":\"Convocatoria a congreso Hot Topics in otorhinolaryncology\"}]},{\"@type\":\"WebSite\",\"@id\":\"https:\/\/carlosoconnor.es\/#website\",\"url\":\"https:\/\/carlosoconnor.es\/\",\"name\":\"Carlos O&#039;Connor\",\"description\":\"Dr. Carlos O&#039;Connor Reina - Otorrinolaring\u00f3logo\",\"publisher\":{\"@id\":\"https:\/\/carlosoconnor.es\/#organization\"},\"potentialAction\":[{\"@type\":\"SearchAction\",\"target\":{\"@type\":\"EntryPoint\",\"urlTemplate\":\"https:\/\/carlosoconnor.es\/?s={search_term_string}\"},\"query-input\":{\"@type\":\"PropertyValueSpecification\",\"valueRequired\":true,\"valueName\":\"search_term_string\"}}],\"inLanguage\":\"en-GB\"},{\"@type\":\"Organization\",\"@id\":\"https:\/\/carlosoconnor.es\/#organization\",\"name\":\"Carlos O&#039;Connor\",\"url\":\"https:\/\/carlosoconnor.es\/\",\"logo\":{\"@type\":\"ImageObject\",\"inLanguage\":\"en-GB\",\"@id\":\"https:\/\/carlosoconnor.es\/#\/schema\/logo\/image\/\",\"url\":\"https:\/\/carlosoconnor.es\/wp-content\/uploads\/2025\/07\/cropped-logo-wide.png\",\"contentUrl\":\"https:\/\/carlosoconnor.es\/wp-content\/uploads\/2025\/07\/cropped-logo-wide.png\",\"width\":241,\"height\":50,\"caption\":\"Carlos O&#039;Connor\"},\"image\":{\"@id\":\"https:\/\/carlosoconnor.es\/#\/schema\/logo\/image\/\"}},{\"@type\":\"Person\",\"@id\":\"https:\/\/carlosoconnor.es\/#\/schema\/person\/c879dbc2b732eaa32429f50dfbd0a949\",\"name\":\"gestion\",\"sameAs\":[\"https:\/\/www.ycomieronperdices.net\/temp\/oconnor2025\"],\"url\":\"https:\/\/carlosoconnor.es\/en\/author\/gestion\/\"}]}<\/script>\n<!-- \/ Yoast SEO plugin. -->","yoast_head_json":{"title":"Convocatoria a congreso Hot Topics in otorhinolaryncology - Carlos O&#039;Connor","robots":{"index":"index","follow":"follow","max-snippet":"max-snippet:-1","max-image-preview":"max-image-preview:large","max-video-preview":"max-video-preview:-1"},"canonical":"https:\/\/carlosoconnor.es\/en\/convocatoria-a-congreso-hot-topics-in-otorhinolaryncology\/","og_locale":"en_GB","og_type":"article","og_title":"Convocatoria a congreso Hot Topics in otorhinolaryncology - Carlos O&#039;Connor","og_description":"Les comparto la convocatoria al congreso \u00abHot Topics in otorhinolaryncology\u00bb a celebrarse el 12 de abril en la Universidad de Bologna. Dicho congreso reunir\u00e1 a algunos de los otorrinolaring\u00f3logos m\u00e1s&hellip;","og_url":"https:\/\/carlosoconnor.es\/en\/convocatoria-a-congreso-hot-topics-in-otorhinolaryncology\/","og_site_name":"Carlos O&#039;Connor","article_published_time":"2025-01-15T05:45:15+00:00","article_modified_time":"2025-07-23T12:33:29+00:00","og_image":[{"width":1071,"height":1558,"url":"https:\/\/carlosoconnor.es\/wp-content\/uploads\/2025\/01\/WhatsApp-Image-2025-01-13-at-23.02.52.jpeg","type":"image\/jpeg"}],"author":"gestion","twitter_card":"summary_large_image","twitter_misc":{"Written by":"gestion"},"schema":{"@context":"https:\/\/schema.org","@graph":[{"@type":"Article","@id":"https:\/\/carlosoconnor.es\/convocatoria-a-congreso-hot-topics-in-otorhinolaryncology\/#article","isPartOf":{"@id":"https:\/\/carlosoconnor.es\/convocatoria-a-congreso-hot-topics-in-otorhinolaryncology\/"},"author":{"name":"gestion","@id":"https:\/\/carlosoconnor.es\/#\/schema\/person\/c879dbc2b732eaa32429f50dfbd0a949"},"headline":"Convocatoria a congreso Hot Topics in otorhinolaryncology","datePublished":"2025-01-15T05:45:15+00:00","dateModified":"2025-07-23T12:33:29+00:00","mainEntityOfPage":{"@id":"https:\/\/carlosoconnor.es\/convocatoria-a-congreso-hot-topics-in-otorhinolaryncology\/"},"wordCount":72,"commentCount":0,"publisher":{"@id":"https:\/\/carlosoconnor.es\/#organization"},"image":{"@id":"https:\/\/carlosoconnor.es\/convocatoria-a-congreso-hot-topics-in-otorhinolaryncology\/#primaryimage"},"thumbnailUrl":"https:\/\/carlosoconnor.es\/wp-content\/uploads\/2025\/01\/WhatsApp-Image-2025-01-13-at-23.02.52.jpeg","articleSection":["\u00daltimos avances"],"inLanguage":"en-GB","potentialAction":[{"@type":"CommentAction","name":"Comment","target":["https:\/\/carlosoconnor.es\/convocatoria-a-congreso-hot-topics-in-otorhinolaryncology\/#respond"]}]},{"@type":"WebPage","@id":"https:\/\/carlosoconnor.es\/convocatoria-a-congreso-hot-topics-in-otorhinolaryncology\/","url":"https:\/\/carlosoconnor.es\/convocatoria-a-congreso-hot-topics-in-otorhinolaryncology\/","name":"Convocatoria a congreso Hot Topics in otorhinolaryncology - Carlos O&#039;Connor","isPartOf":{"@id":"https:\/\/carlosoconnor.es\/#website"},"primaryImageOfPage":{"@id":"https:\/\/carlosoconnor.es\/convocatoria-a-congreso-hot-topics-in-otorhinolaryncology\/#primaryimage"},"image":{"@id":"https:\/\/carlosoconnor.es\/convocatoria-a-congreso-hot-topics-in-otorhinolaryncology\/#primaryimage"},"thumbnailUrl":"https:\/\/carlosoconnor.es\/wp-content\/uploads\/2025\/01\/WhatsApp-Image-2025-01-13-at-23.02.52.jpeg","datePublished":"2025-01-15T05:45:15+00:00","dateModified":"2025-07-23T12:33:29+00:00","breadcrumb":{"@id":"https:\/\/carlosoconnor.es\/convocatoria-a-congreso-hot-topics-in-otorhinolaryncology\/#breadcrumb"},"inLanguage":"en-GB","potentialAction":[{"@type":"ReadAction","target":["https:\/\/carlosoconnor.es\/convocatoria-a-congreso-hot-topics-in-otorhinolaryncology\/"]}]},{"@type":"ImageObject","inLanguage":"en-GB","@id":"https:\/\/carlosoconnor.es\/convocatoria-a-congreso-hot-topics-in-otorhinolaryncology\/#primaryimage","url":"https:\/\/carlosoconnor.es\/wp-content\/uploads\/2025\/01\/WhatsApp-Image-2025-01-13-at-23.02.52.jpeg","contentUrl":"https:\/\/carlosoconnor.es\/wp-content\/uploads\/2025\/01\/WhatsApp-Image-2025-01-13-at-23.02.52.jpeg","width":1071,"height":1558,"caption":"WhatsApp Image 2025 01 13 at 23.02.52"},{"@type":"BreadcrumbList","@id":"https:\/\/carlosoconnor.es\/convocatoria-a-congreso-hot-topics-in-otorhinolaryncology\/#breadcrumb","itemListElement":[{"@type":"ListItem","position":1,"name":"Portada","item":"https:\/\/carlosoconnor.es\/"},{"@type":"ListItem","position":2,"name":"Convocatoria a congreso Hot Topics in otorhinolaryncology"}]},{"@type":"WebSite","@id":"https:\/\/carlosoconnor.es\/#website","url":"https:\/\/carlosoconnor.es\/","name":"Carlos O&#039;Connor","description":"Dr. Carlos O&#039;Connor Reina - Otorrinolaring\u00f3logo","publisher":{"@id":"https:\/\/carlosoconnor.es\/#organization"},"potentialAction":[{"@type":"SearchAction","target":{"@type":"EntryPoint","urlTemplate":"https:\/\/carlosoconnor.es\/?s={search_term_string}"},"query-input":{"@type":"PropertyValueSpecification","valueRequired":true,"valueName":"search_term_string"}}],"inLanguage":"en-GB"},{"@type":"Organization","@id":"https:\/\/carlosoconnor.es\/#organization","name":"Carlos O&#039;Connor","url":"https:\/\/carlosoconnor.es\/","logo":{"@type":"ImageObject","inLanguage":"en-GB","@id":"https:\/\/carlosoconnor.es\/#\/schema\/logo\/image\/","url":"https:\/\/carlosoconnor.es\/wp-content\/uploads\/2025\/07\/cropped-logo-wide.png","contentUrl":"https:\/\/carlosoconnor.es\/wp-content\/uploads\/2025\/07\/cropped-logo-wide.png","width":241,"height":50,"caption":"Carlos O&#039;Connor"},"image":{"@id":"https:\/\/carlosoconnor.es\/#\/schema\/logo\/image\/"}},{"@type":"Person","@id":"https:\/\/carlosoconnor.es\/#\/schema\/person\/c879dbc2b732eaa32429f50dfbd0a949","name":"gestion","sameAs":["https:\/\/www.ycomieronperdices.net\/temp\/oconnor2025"],"url":"https:\/\/carlosoconnor.es\/en\/author\/gestion\/"}]}},"_links":{"self":[{"href":"https:\/\/carlosoconnor.es\/en\/wp-json\/wp\/v2\/posts\/59405","targetHints":{"allow":["GET"]}}],"collection":[{"href":"https:\/\/carlosoconnor.es\/en\/wp-json\/wp\/v2\/posts"}],"about":[{"href":"https:\/\/carlosoconnor.es\/en\/wp-json\/wp\/v2\/types\/post"}],"author":[{"embeddable":true,"href":"https:\/\/carlosoconnor.es\/en\/wp-json\/wp\/v2\/users\/1"}],"replies":[{"embeddable":true,"href":"https:\/\/carlosoconnor.es\/en\/wp-json\/wp\/v2\/comments?post=59405"}],"version-history":[{"count":0,"href":"https:\/\/carlosoconnor.es\/en\/wp-json\/wp\/v2\/posts\/59405\/revisions"}],"wp:featuredmedia":[{"embeddable":true,"href":"https:\/\/carlosoconnor.es\/en\/wp-json\/wp\/v2\/media\/60028"}],"wp:attachment":[{"href":"https:\/\/carlosoconnor.es\/en\/wp-json\/wp\/v2\/media?parent=59405"}],"wp:term":[{"taxonomy":"category","embeddable":true,"href":"https:\/\/carlosoconnor.es\/en\/wp-json\/wp\/v2\/categories?post=59405"},{"taxonomy":"post_tag","embeddable":true,"href":"https:\/\/carlosoconnor.es\/en\/wp-json\/wp\/v2\/tags?post=59405"}],"curies":[{"name":"wp","href":"https:\/\/api.w.org\/{rel}","templated":true}]}}